{"id":504422,"date":"2026-08-29T09:54:48","date_gmt":"2026-08-29T09:54:48","guid":{"rendered":"https:\/\/www.europesays.com\/pt\/504422\/"},"modified":"2026-08-29T09:54:48","modified_gmt":"2026-08-29T09:54:48","slug":"rute-cardoso-inspira-conhecido-rosto-vou-focar-me-nisso","status":"publish","type":"post","link":"https:\/\/www.europesays.com\/pt\/504422\/","title":{"rendered":"Rute Cardoso inspira conhecido rosto: &#8220;Vou focar-me nisso&#8221;"},"content":{"rendered":"<p>Rute Cardoso <a target=\"_blank\" rel=\"noopener noreferrer nofollow\" href=\"https:\/\/selfie.iol.pt\/famosos\/rute-cardoso\/em-raro-depoimento-rute-cardoso-fala-sobre-decisao-tomada-para-lidar-com-morte-de-diogo-jota\/20260826\/6a8ed1110cf2b42132dbf0ca\">assumiu que encontrou no desporto<\/a> uma forma de acalmar a cabe\u00e7a, depois da tr\u00e1gica morte do marido, o futebolista Diogo Jota.<\/p>\n<p>O assunto foi abordado no programa &#8220;Passadeira Vermelha&#8221;, da SIC Caras, e Carolina Ortig\u00e3o confidenciou que se sentiu inspirada pela jovem.<\/p>\n<p>&#8220;O desporto est\u00e1 mais do que provado que \u00e9 um bel\u00edssimo canalizador de energias, para as pessoas se distra\u00edrem. E faz bem. E portanto, at\u00e9 se torna inspirador para outras pessoas. Olha para mim, por exemplo. Vou de facto focar-me, em setembro, a fazer exerc\u00edcio regularmente&#8221;, referiu a comentadora do formato.<\/p>\n","protected":false},"excerpt":{"rendered":"Rute Cardoso assumiu que encontrou no desporto uma forma de acalmar a cabe\u00e7a, depois da tr\u00e1gica morte do&hellip;\n","protected":false},"author":2,"featured_media":504423,"comment_status":"","ping_status":"","sticky":false,"template":"","format":"standard","meta":{"footnotes":"","_share_on_mastodon":"0"},"categories":[145],"tags":[63347,211,210,1691,114,115,980,619,14758,32,33,10175,1012,18237],"class_list":["post-504422","post","type-post","status-publish","format-standard","has-post-thumbnail","category-celebridades","tag-carolina-ortigao","tag-celebridades","tag-celebrities","tag-diogo-jota","tag-entertainment","tag-entretenimento","tag-famosos","tag-nacional","tag-passadeira-vermelha","tag-portugal","tag-pt","tag-rute-cardoso","tag-selfie","tag-sic-caras"],"share_on_mastodon":{"url":"https:\/\/pubeurope.com\/@pt\/117178195378391054","error":""},"_links":{"self":[{"href":"https:\/\/www.europesays.com\/pt\/wp-json\/wp\/v2\/posts\/504422","targetHints":{"allow":["GET"]}}],"collection":[{"href":"https:\/\/www.europesays.com\/pt\/wp-json\/wp\/v2\/posts"}],"about":[{"href":"https:\/\/www.europesays.com\/pt\/wp-json\/wp\/v2\/types\/post"}],"author":[{"embeddable":true,"href":"https:\/\/www.europesays.com\/pt\/wp-json\/wp\/v2\/users\/2"}],"replies":[{"embeddable":true,"href":"https:\/\/www.europesays.com\/pt\/wp-json\/wp\/v2\/comments?post=504422"}],"version-history":[{"count":0,"href":"https:\/\/www.europesays.com\/pt\/wp-json\/wp\/v2\/posts\/504422\/revisions"}],"wp:featuredmedia":[{"embeddable":true,"href":"https:\/\/www.europesays.com\/pt\/wp-json\/wp\/v2\/media\/504423"}],"wp:attachment":[{"href":"https:\/\/www.europesays.com\/pt\/wp-json\/wp\/v2\/media?parent=504422"}],"wp:term":[{"taxonomy":"category","embeddable":true,"href":"https:\/\/www.europesays.com\/pt\/wp-json\/wp\/v2\/categories?post=504422"},{"taxonomy":"post_tag","embeddable":true,"href":"https:\/\/www.europesays.com\/pt\/wp-json\/wp\/v2\/tags?post=504422"}],"curies":[{"name":"wp","href":"https:\/\/api.w.org\/{rel}","templated":true}]}}