{"id":504430,"date":"2026-08-29T10:04:20","date_gmt":"2026-08-29T10:04:20","guid":{"rendered":"https:\/\/www.europesays.com\/pt\/504430\/"},"modified":"2026-08-29T10:04:20","modified_gmt":"2026-08-29T10:04:20","slug":"bcp-investe-mais-de-161-milhoes-em-acoes-proprias-ao-abrigo-do-programa-de-share-buyback-e-ja-detem-105-do-capital","status":"publish","type":"post","link":"https:\/\/www.europesays.com\/pt\/504430\/","title":{"rendered":"BCP investe mais de 16,1 milh\u00f5es em a\u00e7\u00f5es pr\u00f3prias ao abrigo do programa de share buyback e j\u00e1 det\u00e9m 1,05% do capital"},"content":{"rendered":"<p>        O valor m\u00e1ximo global aprovado para o programa de recompra de a\u00e7\u00f5es (share buyback) do BCP \u00e9 de 407.458.786,00 euros (407,4 milh\u00f5es de euros).    <\/p>\n<p>O presidente executivo do Millennium bcp, Miguel Maya, interv\u00e9m durante uma confer\u00eancia de imprensa de apresenta\u00e7\u00e3o dos resultados 1.\u00ba semestre de 2026, no Taguspark, em Oeiras, 29 de julho de 2026. RODRIGO ANTUNES\/LUSA<\/p>\n<p>O Banco Comercial Portugu\u00eas (BCP) adquiriu mais de 14,4 milh\u00f5es de a\u00e7\u00f5es pr\u00f3prias entre 24 e 28 de agosto, num investimento total de cerca de 16,16 milh\u00f5es de euros, elevando para 1,05% a sua participa\u00e7\u00e3o no capital social, informou hoje a institui\u00e7\u00e3o liderada por Miguel Maya.<\/p>\n<p>Em comunicado enviado \u00e0 Comiss\u00e3o do Mercado de Valores Mobili\u00e1rios (CMVM), o banco detalha que, no \u00e2mbito do seu Programa de Recompra de A\u00e7\u00f5es Pr\u00f3prias, adquiriu no mercado regulamentado Euronext Lisbon um total de 14.472.989 a\u00e7\u00f5es ordin\u00e1rias ao longo das \u00faltimas cinco sess\u00f5es bolsistas.<\/p>\n<p>As opera\u00e7\u00f5es foram executadas atrav\u00e9s do intermedi\u00e1rio financeiro J.P. Morgan SE.<\/p>\n<p>Durante a semana, os pre\u00e7os m\u00e9dios ponderados por a\u00e7\u00e3o situaram-se entre os 1,1035 euros (registados na segunda-feira, 24 de agosto) e os 1,1193 euros (alcan\u00e7ados esta sexta-feira, 28 de agosto). O maior volume di\u00e1rio de compra ocorreu na quinta-feira, 27 de agosto, dia em que foram adquiridas 3.701.644 a\u00e7\u00f5es.<\/p>\n<p>Com as mais recentes aquisi\u00e7\u00f5es, o BCP contabiliza um acumulado de 156.169.904 a\u00e7\u00f5es pr\u00f3prias adquiridas desde o in\u00edcio do programa, representando um investimento global de 165.151.939 euros. O banco passa assim a deter um total de 156.169.904 a\u00e7\u00f5es pr\u00f3prias, representativas de 1,05% do seu capital social.<\/p>\n<p>O Programa de Recompra de A\u00e7\u00f5es Pr\u00f3prias do BCP tinha sido anunciado a 27 de maio de 2026\u00a0e teve o seu in\u00edcio a 4 de junho de 2026, estando previsto terminar a 4 de dezembro de 2026.<\/p>\n<p>O valor m\u00e1ximo global aprovado para o programa de recompra de a\u00e7\u00f5es (share buyback) do BCP \u00e9 de 407.458.786,00 euros (407,4 milh\u00f5es de euros).<\/p>\n<p>O BCP liderou esta sexta-feira os ganhos do PSI com uma subida de 1,17%, para um m\u00e1ximo hist\u00f3rico de 1,12 euros, acompanhando o setor da banca europeia.<\/p>\n","protected":false},"excerpt":{"rendered":"O valor m\u00e1ximo global aprovado para o programa de recompra de a\u00e7\u00f5es (share buyback) do BCP \u00e9 de&hellip;\n","protected":false},"author":2,"featured_media":504431,"comment_status":"","ping_status":"","sticky":false,"template":"","format":"standard","meta":{"footnotes":"","_share_on_mastodon":"0"},"categories":[83],"tags":[8655,88,89,90,32,33],"class_list":["post-504430","post","type-post","status-publish","format-standard","has-post-thumbnail","category-empresas","tag-bcp","tag-business","tag-economy","tag-empresas","tag-portugal","tag-pt"],"share_on_mastodon":{"url":"https:\/\/pubeurope.com\/@pt\/117178234871680251","error":""},"_links":{"self":[{"href":"https:\/\/www.europesays.com\/pt\/wp-json\/wp\/v2\/posts\/504430","targetHints":{"allow":["GET"]}}],"collection":[{"href":"https:\/\/www.europesays.com\/pt\/wp-json\/wp\/v2\/posts"}],"about":[{"href":"https:\/\/www.europesays.com\/pt\/wp-json\/wp\/v2\/types\/post"}],"author":[{"embeddable":true,"href":"https:\/\/www.europesays.com\/pt\/wp-json\/wp\/v2\/users\/2"}],"replies":[{"embeddable":true,"href":"https:\/\/www.europesays.com\/pt\/wp-json\/wp\/v2\/comments?post=504430"}],"version-history":[{"count":0,"href":"https:\/\/www.europesays.com\/pt\/wp-json\/wp\/v2\/posts\/504430\/revisions"}],"wp:featuredmedia":[{"embeddable":true,"href":"https:\/\/www.europesays.com\/pt\/wp-json\/wp\/v2\/media\/504431"}],"wp:attachment":[{"href":"https:\/\/www.europesays.com\/pt\/wp-json\/wp\/v2\/media?parent=504430"}],"wp:term":[{"taxonomy":"category","embeddable":true,"href":"https:\/\/www.europesays.com\/pt\/wp-json\/wp\/v2\/categories?post=504430"},{"taxonomy":"post_tag","embeddable":true,"href":"https:\/\/www.europesays.com\/pt\/wp-json\/wp\/v2\/tags?post=504430"}],"curies":[{"name":"wp","href":"https:\/\/api.w.org\/{rel}","templated":true}]}}