{"id":504434,"date":"2026-08-29T10:06:13","date_gmt":"2026-08-29T10:06:13","guid":{"rendered":"https:\/\/www.europesays.com\/pt\/504434\/"},"modified":"2026-08-29T10:06:13","modified_gmt":"2026-08-29T10:06:13","slug":"acidente-em-alges-veiculo-em-fuga-despista-se-e-faz-tres-feridos","status":"publish","type":"post","link":"https:\/\/www.europesays.com\/pt\/504434\/","title":{"rendered":"Acidente em Alg\u00e9s. Ve\u00edculo em fuga despista-se e faz tr\u00eas feridos"},"content":{"rendered":"<p>\n                (em atualiza\u00e7\u00e3o)<\/p>\n<p>&#13;<br \/>\nTr\u00eas ve\u00edculos iniciaram uma fuga depois de terem visto a pol\u00edcia. <b>Na persegui\u00e7\u00e3o, um dos ve\u00edculos acabou por se despistar e incendiar-se.&#13;<br \/>\n<\/b>&#13;\n<\/p>\n<p>&#13;<br \/>\n<b>No ve\u00edculo seguiam cinco pessoas: duas conseguiram fugir e tr\u00eas ficaram feridas, uma em estado grave<\/b>. Os tr\u00eas feridos foram transferidos para o Hospital Santa Maria.\u00a0&#13;\n<\/p>\n<p>          <img decoding=\"async\" itemprop=\"image\" class=\"img-fluid\"   src=\"https:\/\/www.europesays.com\/pt\/wp-content\/uploads\/2026\/08\/1837ea1f723b742021c3db0a848ef73a_N.jpg\"\/><\/p>\n<p>\nO acidente ocorreu junto ao Museu do Oriente, pelas 7h30 deste s\u00e1bado. A circula\u00e7\u00e3o na Avenida Bras\u00edlia est\u00e1 cortada enquanto decorrem os trabalhos de limpeza.<\/p>\n","protected":false},"excerpt":{"rendered":"(em atualiza\u00e7\u00e3o) &#13; Tr\u00eas ve\u00edculos iniciaram uma fuga depois de terem visto a pol\u00edcia. Na persegui\u00e7\u00e3o, um dos&hellip;\n","protected":false},"author":2,"featured_media":504435,"comment_status":"","ping_status":"","sticky":false,"template":"","format":"standard","meta":{"footnotes":"","_share_on_mastodon":"0"},"categories":[10],"tags":[59,5886,27,28,15,16,14,25,26,21,22,12,13,19,20,32,23,24,33,17,18,29,30,31],"class_list":["post-504434","post","type-post","status-publish","format-standard","has-post-thumbnail","category-portugal","tag-acidente","tag-alges","tag-breaking-news","tag-breakingnews","tag-featured-news","tag-featurednews","tag-headlines","tag-latest-news","tag-latestnews","tag-main-news","tag-mainnews","tag-news","tag-noticias","tag-noticias-principais","tag-noticiasprincipais","tag-portugal","tag-principais-noticias","tag-principaisnoticias","tag-pt","tag-top-stories","tag-topstories","tag-ultimas","tag-ultimas-noticias","tag-ultimasnoticias"],"share_on_mastodon":{"url":"https:\/\/pubeurope.com\/@pt\/117178245319917127","error":""},"_links":{"self":[{"href":"https:\/\/www.europesays.com\/pt\/wp-json\/wp\/v2\/posts\/504434","targetHints":{"allow":["GET"]}}],"collection":[{"href":"https:\/\/www.europesays.com\/pt\/wp-json\/wp\/v2\/posts"}],"about":[{"href":"https:\/\/www.europesays.com\/pt\/wp-json\/wp\/v2\/types\/post"}],"author":[{"embeddable":true,"href":"https:\/\/www.europesays.com\/pt\/wp-json\/wp\/v2\/users\/2"}],"replies":[{"embeddable":true,"href":"https:\/\/www.europesays.com\/pt\/wp-json\/wp\/v2\/comments?post=504434"}],"version-history":[{"count":0,"href":"https:\/\/www.europesays.com\/pt\/wp-json\/wp\/v2\/posts\/504434\/revisions"}],"wp:featuredmedia":[{"embeddable":true,"href":"https:\/\/www.europesays.com\/pt\/wp-json\/wp\/v2\/media\/504435"}],"wp:attachment":[{"href":"https:\/\/www.europesays.com\/pt\/wp-json\/wp\/v2\/media?parent=504434"}],"wp:term":[{"taxonomy":"category","embeddable":true,"href":"https:\/\/www.europesays.com\/pt\/wp-json\/wp\/v2\/categories?post=504434"},{"taxonomy":"post_tag","embeddable":true,"href":"https:\/\/www.europesays.com\/pt\/wp-json\/wp\/v2\/tags?post=504434"}],"curies":[{"name":"wp","href":"https:\/\/api.w.org\/{rel}","templated":true}]}}