{"id":50446,"date":"2025-08-29T17:11:12","date_gmt":"2025-08-29T17:11:12","guid":{"rendered":"https:\/\/www.europesays.com\/pt\/50446\/"},"modified":"2025-08-29T17:11:12","modified_gmt":"2025-08-29T17:11:12","slug":"benfica-shakhtar-e-fc-porto-ainda-conversaram-sobre-sudakov","status":"publish","type":"post","link":"https:\/\/www.europesays.com\/pt\/50446\/","title":{"rendered":"Benfica: Shakhtar e FC Porto ainda conversaram sobre Sudakov"},"content":{"rendered":"<p><a target=\"_blank\" class=\"editor-link autolink-enabled\" href=\"https:\/\/www.abola.pt\/futebol\/jogador\/georgiy-sudakov-228169\" data-resource-id=\"228169\" data-resource-type=\"player\" data-sport=\"football\" rel=\"nofollow noopener\">Heorhii <\/a><a target=\"_blank\" class=\"editor-link autolink-enabled\" href=\"https:\/\/www.abola.pt\/futebol\/jogador\/georgiy-sudakov-228169\" data-resource-id=\"228169\" data-resource-type=\"player\" data-sport=\"football\" rel=\"nofollow noopener\">Sudakov<\/a> j\u00e1 est\u00e1 em Portugal para a ser oficializado como refor\u00e7o do <a target=\"_blank\" class=\"editor-link autolink-enabled\" href=\"https:\/\/www.abola.pt\/futebol\/benfica-450\" data-resource-id=\"450\" data-resource-type=\"team\" data-sport=\"football\" rel=\"nofollow noopener\">Benfica<\/a>, mas nas \u00faltimas horas ainda existiram conversa\u00e7\u00f5es entre o <a target=\"_blank\" class=\"editor-link autolink-enabled\" href=\"https:\/\/www.abola.pt\/futebol\/shakhtar-donetsk-357\" data-resource-id=\"357\" data-resource-type=\"team\" data-sport=\"football\" rel=\"nofollow noopener\">Shakhtar Donetsk<\/a> e o <a target=\"_blank\" class=\"editor-link autolink-enabled\" href=\"https:\/\/www.abola.pt\/futebol\/fc-porto-451\" data-resource-id=\"451\" data-resource-type=\"team\" data-sport=\"football\" rel=\"nofollow noopener\">FC Porto<\/a>, que podiam implicam uma mudan\u00e7a de destino para o internacional ucraniano.<\/p>\n<p>As \u00e1guias fecharam o neg\u00f3cio na \u00faltima madrugada, com a presen\u00e7a do diretor desportivo Rui Pedro Braz na Su\u00ed\u00e7a, onde o <a class=\"autolink-enabled\" data-resource-id=\"357\" data-resource-type=\"team\" data-sport=\"football\" href=\"https:\/\/www.abola.pt\/futebol\/shakhtar-donetsk-357\" rel=\"nofollow noopener\" target=\"_blank\">Shakhtar<\/a> venceu o <a class=\"autolink-enabled\" data-resource-id=\"475\" data-resource-type=\"team\" data-sport=\"football\" href=\"https:\/\/www.abola.pt\/futebol\/servette-475\" rel=\"nofollow noopener\" target=\"_blank\">Servette<\/a>, garantindo assim a presen\u00e7a na fase principal da <a class=\"autolink-enabled\" data-resource-id=\"755\" data-resource-type=\"competition\" data-sport=\"football\" href=\"https:\/\/www.abola.pt\/futebol\/competicao\/liga-conferencia-qualificacao-755\" rel=\"nofollow noopener\" target=\"_blank\">Liga Confer\u00eancia<\/a>.<\/p>\n<p>Braz acordou com Darijo Srna, diretor desportivo do Shakhtar, que o Benfica pagar\u00e1 27 milh\u00f5es de euros por Sudakov, ficando outros cinco milh\u00f5es dependentes de objetivos. O emblema ucraniano salvaguarda ainda 20 por cento de mais-valia de uma futura venda.<\/p>\n<p>As arestas do acordo foram limadas na Su\u00ed\u00e7a, mas a base de entendimento j\u00e1 estava encontrada, e foi motivo de conversa entre o Shakhtar e o <a class=\"autolink-enabled\" data-resource-id=\"451\" data-resource-type=\"team\" data-sport=\"football\" href=\"https:\/\/www.abola.pt\/futebol\/fc-porto-451\" rel=\"nofollow noopener\" target=\"_blank\">FC Porto<\/a>. Em cima da mesa estava uma eventual proposta de mais tr\u00eas milh\u00f5es de euros, a apresentar pelos drag\u00f5es para assegurar o jogador, mas Andr\u00e9 Villas-Boas viu-se obrigado a renunciar a essa disputa. Um eventual avan\u00e7o por Sudakov estava dependente de uma eventual sa\u00edda de <a class=\"autolink-enabled\" data-resource-id=\"294483\" data-resource-type=\"player\" data-sport=\"football\" href=\"https:\/\/www.abola.pt\/futebol\/jogador\/rodrigo-mora-294483\" rel=\"nofollow noopener\" target=\"_blank\">Rodrigo Mora<\/a> para a Ar\u00e1bia Saudita, algo que perdeu for\u00e7a nos \u00faltimos dias.<\/p>\n<p>Tamb\u00e9m o FC Porto tinha Sudakov bem referenciado, h\u00e1 muito, tal como o Benfica (e o Sporting). Ao longo dos \u00faltimos meses o internacional ucraniano foi v\u00e1rias vezes associado aos principais emblemas portugueses, mas vai agora ser jogador do Benfica.<\/p>\n","protected":false},"excerpt":{"rendered":"Heorhii Sudakov j\u00e1 est\u00e1 em Portugal para a ser oficializado como refor\u00e7o do Benfica, mas nas \u00faltimas horas&hellip;\n","protected":false},"author":2,"featured_media":50447,"comment_status":"","ping_status":"","sticky":false,"template":"","format":"standard","meta":{"footnotes":""},"categories":[87],"tags":[135,32,33,134],"class_list":{"0":"post-50446","1":"post","2":"type-post","3":"status-publish","4":"format-standard","5":"has-post-thumbnail","7":"category-desporto","8":"tag-desporto","9":"tag-portugal","10":"tag-pt","11":"tag-sports"},"share_on_mastodon":{"url":"","error":""},"_links":{"self":[{"href":"https:\/\/www.europesays.com\/pt\/wp-json\/wp\/v2\/posts\/50446","targetHints":{"allow":["GET"]}}],"collection":[{"href":"https:\/\/www.europesays.com\/pt\/wp-json\/wp\/v2\/posts"}],"about":[{"href":"https:\/\/www.europesays.com\/pt\/wp-json\/wp\/v2\/types\/post"}],"author":[{"embeddable":true,"href":"https:\/\/www.europesays.com\/pt\/wp-json\/wp\/v2\/users\/2"}],"replies":[{"embeddable":true,"href":"https:\/\/www.europesays.com\/pt\/wp-json\/wp\/v2\/comments?post=50446"}],"version-history":[{"count":0,"href":"https:\/\/www.europesays.com\/pt\/wp-json\/wp\/v2\/posts\/50446\/revisions"}],"wp:featuredmedia":[{"embeddable":true,"href":"https:\/\/www.europesays.com\/pt\/wp-json\/wp\/v2\/media\/50447"}],"wp:attachment":[{"href":"https:\/\/www.europesays.com\/pt\/wp-json\/wp\/v2\/media?parent=50446"}],"wp:term":[{"taxonomy":"category","embeddable":true,"href":"https:\/\/www.europesays.com\/pt\/wp-json\/wp\/v2\/categories?post=50446"},{"taxonomy":"post_tag","embeddable":true,"href":"https:\/\/www.europesays.com\/pt\/wp-json\/wp\/v2\/tags?post=50446"}],"curies":[{"name":"wp","href":"https:\/\/api.w.org\/{rel}","templated":true}]}}