{"id":504484,"date":"2026-08-29T11:24:32","date_gmt":"2026-08-29T11:24:32","guid":{"rendered":"https:\/\/www.europesays.com\/pt\/504484\/"},"modified":"2026-08-29T11:24:32","modified_gmt":"2026-08-29T11:24:32","slug":"moedas-alarmado-pressiona-a-minha-guerra-e-a-seguranca-observador","status":"publish","type":"post","link":"https:\/\/www.europesays.com\/pt\/504484\/","title":{"rendered":"Moedas &#8220;alarmado&#8221; pressiona: &#8220;A minha guerra \u00e9 a seguran\u00e7a&#8221; \u2013 Observador"},"content":{"rendered":"<p>Um dia depois da reuni\u00e3o com o ministro da Administra\u00e7\u00e3o Interna, Carlos Moedas continua a pressionar o Governo a colocar mais pol\u00edcias na capital. O presidente da c\u00e2mara de Lisboa sobe o tom\u00a0 \u201cse h\u00e1 dois anos estava preocupado, agora estou a ficar <strong>alarmado<\/strong>\u201c. O autarca alerta que esta tem de ser uma prioridade: \u201cEu n\u00e3o estou em guerra nem com o Governo, nem com nenhum ministro, <strong>a minha guerra \u00e9 a seguran\u00e7a<\/strong> em Lisboa. Em 2010, tinha 8 mil pol\u00edcias, hoje tem menos de 6 mil. N\u00e3o nos faltam 200 pol\u00edcias, faltam 2 mil pol\u00edcias.\u201d<\/p>\n<p>O presidente da c\u00e2mara de Lisboa avisa o Governo que \u201cesta luta n\u00e3o \u00e9 do Carlos Moedas, n\u00e3o \u00e9 dos autarcas, \u00e9 de todo o pa\u00eds.\u201d O tamb\u00e9m vice-presidente de Lisboa avisa que esta n\u00e3o \u00e9 uma luta da \u201cextrema-direita\u201d, mas uma prioridade par a\u00a0 \u201cPe\u00e7o desculpa, <strong>n\u00e3o posso ficar calado<\/strong>.\u201d<\/p>\n<p>Carlos Moedas diz que \u201cn\u00e3o podemos ter uma cidade sem lei e ordem\u201d, uma vez que \u201csem lei, mandam os mais fortes\u201d e \u201csem ordem, os mais vulner\u00e1veis deixam de sair \u00e0 rua.\u201d E arrancou fortes aplausos aplausos quando questionou: \u201cUma senhora leva um tiro em plena Baixa de Lisboa e o suspeito j\u00e1 foi libertado. <strong>Isto \u00e9 normal neste pa\u00eds?<\/strong>\u201d<\/p>\n<p>Sobre habita\u00e7\u00e3o, o autarca diz que o problema foi \u201cprovocado por dez anos de socialismo\u201d, em que \u201cn\u00e3o se construi habita\u00e7\u00e3o p\u00fablica. O presidente da c\u00e2mara de Lisboa diz que para a \u201cesquerda a ideologia era mais importante do que a realidade\u201d. E lembrou o caso Robles para criticar a \u201chipocrisia desta esquerda: \u201cAinda sou do tempo em que um vereador do Bloco comprou, com a irm\u00e3, um pr\u00e9dio em Alfama por 347 mil euros. E colocou-o \u00e0 venda por 5,7 milh\u00f5es.\u201d<\/p>\n<p>Carlos Moedas disse na ter\u00e7a-feira que \u201cchegou a hora\u201d do Governo cumprir a promessa de mais 300 pol\u00edcias na cidade. Na resposta, o minist\u00e9rio constrariou a leitura do autarca, explicando que estava a fazer \u201ctrabalho mais estrutural\u201d que \u201cn\u00e3o depende de uma \u00fanica medida\u201d.<\/p>\n<blockquote class=\"wp-embedded-content\" data-secret=\"IoDWbTQHxE\">\n<p><a href=\"https:\/\/observador.pt\/especiais\/guerra-entre-moedas-e-neves-continua-mai-garante-que-reforco-em-lisboa-ja-esta-a-ser-concretizado\/\" rel=\"nofollow noopener\" target=\"_blank\">Guerra entre Moedas e Neves continua. MAI garante que \u201crefor\u00e7o em Lisboa j\u00e1 est\u00e1 a ser concretizado\u201d<\/a><\/p>\n<\/blockquote>\n","protected":false},"excerpt":{"rendered":"Um dia depois da reuni\u00e3o com o ministro da Administra\u00e7\u00e3o Interna, Carlos Moedas continua a pressionar o Governo&hellip;\n","protected":false},"author":2,"featured_media":504485,"comment_status":"","ping_status":"","sticky":false,"template":"","format":"standard","meta":{"footnotes":"","_share_on_mastodon":"0"},"categories":[8],"tags":[27,28,3766,15,16,14,25,26,21,22,12,13,19,20,57,302,32,23,24,4579,33,13935,58,17,18,29,30,31],"class_list":["post-504484","post","type-post","status-publish","format-standard","has-post-thumbnail","category-principais-noticias","tag-breaking-news","tag-breakingnews","tag-carlos-moedas","tag-featured-news","tag-featurednews","tag-headlines","tag-latest-news","tag-latestnews","tag-main-news","tag-mainnews","tag-news","tag-noticias","tag-noticias-principais","tag-noticiasprincipais","tag-pau00eds","tag-polu00edtica","tag-portugal","tag-principais-noticias","tag-principaisnoticias","tag-psd","tag-pt","tag-rentru00e9e","tag-sociedade","tag-top-stories","tag-topstories","tag-ultimas","tag-ultimas-noticias","tag-ultimasnoticias"],"share_on_mastodon":{"url":"https:\/\/pubeurope.com\/@pt\/117178549065829960","error":""},"_links":{"self":[{"href":"https:\/\/www.europesays.com\/pt\/wp-json\/wp\/v2\/posts\/504484","targetHints":{"allow":["GET"]}}],"collection":[{"href":"https:\/\/www.europesays.com\/pt\/wp-json\/wp\/v2\/posts"}],"about":[{"href":"https:\/\/www.europesays.com\/pt\/wp-json\/wp\/v2\/types\/post"}],"author":[{"embeddable":true,"href":"https:\/\/www.europesays.com\/pt\/wp-json\/wp\/v2\/users\/2"}],"replies":[{"embeddable":true,"href":"https:\/\/www.europesays.com\/pt\/wp-json\/wp\/v2\/comments?post=504484"}],"version-history":[{"count":0,"href":"https:\/\/www.europesays.com\/pt\/wp-json\/wp\/v2\/posts\/504484\/revisions"}],"wp:featuredmedia":[{"embeddable":true,"href":"https:\/\/www.europesays.com\/pt\/wp-json\/wp\/v2\/media\/504485"}],"wp:attachment":[{"href":"https:\/\/www.europesays.com\/pt\/wp-json\/wp\/v2\/media?parent=504484"}],"wp:term":[{"taxonomy":"category","embeddable":true,"href":"https:\/\/www.europesays.com\/pt\/wp-json\/wp\/v2\/categories?post=504484"},{"taxonomy":"post_tag","embeddable":true,"href":"https:\/\/www.europesays.com\/pt\/wp-json\/wp\/v2\/tags?post=504484"}],"curies":[{"name":"wp","href":"https:\/\/api.w.org\/{rel}","templated":true}]}}