{"id":50450,"date":"2025-08-29T17:15:38","date_gmt":"2025-08-29T17:15:38","guid":{"rendered":"https:\/\/www.europesays.com\/pt\/50450\/"},"modified":"2025-08-29T17:15:38","modified_gmt":"2025-08-29T17:15:38","slug":"multinacional-norte-americana-abre-centro-de-inovacao-tecnologica-em-lisboa-e-vai-contratar-70-trabalhadores-human-resources","status":"publish","type":"post","link":"https:\/\/www.europesays.com\/pt\/50450\/","title":{"rendered":"Multinacional norte-americana abre centro de inova\u00e7\u00e3o tecnol\u00f3gica em Lisboa (e vai contratar 70 trabalhadores) \u2013 Human Resources"},"content":{"rendered":"\n<p>Multinacional norte-americana abre centro de inova\u00e7\u00e3o tecnol\u00f3gica em Lisboa (e vai contratar 70 trabalhadores) \u2013 Human Resources<\/p>\n<ul class=\"bf-breadcrumb-items\" itemscope=\"\" itemtype=\"http:\/\/schema.org\/BreadcrumbList\">\n<li itemprop=\"itemListElement\" itemscope=\"\" itemtype=\"http:\/\/schema.org\/ListItem\" class=\"bf-breadcrumb-item bf-breadcrumb-begin\"><a itemprop=\"item\" href=\"https:\/\/hrportugal.sapo.pt\" rel=\"home nofollow noopener\" target=\"_blank\">Home<\/a><\/li>\n<li itemprop=\"itemListElement\" itemscope=\"\" itemtype=\"http:\/\/schema.org\/ListItem\" class=\"bf-breadcrumb-item\"><a itemprop=\"item\" href=\"https:\/\/hrportugal.sapo.pt\/categoria\/linkedin\/\" rel=\"nofollow noopener\" target=\"_blank\">Linkedin<\/a><\/li>\n<li itemprop=\"itemListElement\" itemscope=\"\" itemtype=\"http:\/\/schema.org\/ListItem\" class=\"bf-breadcrumb-item bf-breadcrumb-end\">Multinacional norte-americana abre centro de inova\u00e7\u00e3o tecnol\u00f3gica em Lisboa (e vai contratar 70 trabalhadores)<\/li>\n<\/ul>\n","protected":false},"excerpt":{"rendered":"Multinacional norte-americana abre centro de inova\u00e7\u00e3o tecnol\u00f3gica em Lisboa (e vai contratar 70 trabalhadores) \u2013 Human Resources Home&hellip;\n","protected":false},"author":2,"featured_media":50451,"comment_status":"","ping_status":"","sticky":false,"template":"","format":"standard","meta":{"footnotes":""},"categories":[83],"tags":[88,89,90,619,32,33,4429],"class_list":{"0":"post-50450","1":"post","2":"type-post","3":"status-publish","4":"format-standard","5":"has-post-thumbnail","7":"category-empresas","8":"tag-business","9":"tag-economy","10":"tag-empresas","11":"tag-nacional","12":"tag-portugal","13":"tag-pt","14":"tag-recrutamento"},"share_on_mastodon":{"url":"","error":""},"_links":{"self":[{"href":"https:\/\/www.europesays.com\/pt\/wp-json\/wp\/v2\/posts\/50450","targetHints":{"allow":["GET"]}}],"collection":[{"href":"https:\/\/www.europesays.com\/pt\/wp-json\/wp\/v2\/posts"}],"about":[{"href":"https:\/\/www.europesays.com\/pt\/wp-json\/wp\/v2\/types\/post"}],"author":[{"embeddable":true,"href":"https:\/\/www.europesays.com\/pt\/wp-json\/wp\/v2\/users\/2"}],"replies":[{"embeddable":true,"href":"https:\/\/www.europesays.com\/pt\/wp-json\/wp\/v2\/comments?post=50450"}],"version-history":[{"count":0,"href":"https:\/\/www.europesays.com\/pt\/wp-json\/wp\/v2\/posts\/50450\/revisions"}],"wp:featuredmedia":[{"embeddable":true,"href":"https:\/\/www.europesays.com\/pt\/wp-json\/wp\/v2\/media\/50451"}],"wp:attachment":[{"href":"https:\/\/www.europesays.com\/pt\/wp-json\/wp\/v2\/media?parent=50450"}],"wp:term":[{"taxonomy":"category","embeddable":true,"href":"https:\/\/www.europesays.com\/pt\/wp-json\/wp\/v2\/categories?post=50450"},{"taxonomy":"post_tag","embeddable":true,"href":"https:\/\/www.europesays.com\/pt\/wp-json\/wp\/v2\/tags?post=50450"}],"curies":[{"name":"wp","href":"https:\/\/api.w.org\/{rel}","templated":true}]}}