{"id":50452,"date":"2025-08-29T17:16:08","date_gmt":"2025-08-29T17:16:08","guid":{"rendered":"https:\/\/www.europesays.com\/pt\/50452\/"},"modified":"2025-08-29T17:16:08","modified_gmt":"2025-08-29T17:16:08","slug":"macron-chama-putin-de-ogre-e-provoca-reacao-furiosa-em-moscovo-atualidade","status":"publish","type":"post","link":"https:\/\/www.europesays.com\/pt\/50452\/","title":{"rendered":"Macron chama Putin de \u201cogre\u201d e provoca rea\u00e7\u00e3o furiosa em Moscovo &#8211; Atualidade"},"content":{"rendered":"<p><strong>Acompanhe toda a atualidade informativa em\u00a0<a href=\"https:\/\/24noticias.sapo.pt\/\" target=\"_blank\" rel=\"noopener noreferrer nofollow\">24noticias.sapo.pt<\/a><\/strong><\/p>\n<p>As afirma\u00e7\u00f5es de Macron foram feitas numa entrevista \u00e0 esta\u00e7\u00e3o LCI, <a href=\"https:\/\/www.lemonde.fr\/en\/international\/article\/2025\/08\/29\/russia-hits-out-at-macron-for-calling-putin-an-ogre_6744840_4.html\" target=\"_blank\" rel=\"noopener noreferrer nofollow\">Le Monde<\/a>, na sequ\u00eancia de um encontro em Washington com os presidentes Donald Trump e Volodymyr Zelensky, bem como outros aliados europeus.<\/p>\n<p>Nessa entrevista, Macron apelou aos europeus para que \u201cn\u00e3o sejam ing\u00e9nuos\u201d em rela\u00e7\u00e3o a Putin, apontando a abordagem estruturalmente agressiva da pol\u00edtica russa: \u201cDesde 2007, 2008, o presidente Putin raramente cumpriu os compromissos. Tem sido constantemente uma pot\u00eancia desestabilizadora. E tem procurado rever as fronteiras para expandir o poder\u201d, em entrevista \u00e0 AFP.<\/p>\n<p>Mas foi a analogia mais crua que suscitou maior pol\u00e9mica: \u201cPortanto, mesmo que seja apenas para a sua pr\u00f3pria sobreviv\u00eancia, ele [Putin] precisa de continuar a alimentar-se. \u00c9 isso mesmo. E, por isso, \u00e9 um predador, \u00e9 um ogre \u00e0s nossas portas\u201d, afirmou o presidente franc\u00eas.<\/p>\n<p>A sua newsletter de sempre, agora ainda mais \u00fatil<\/p>\n<p>Com o lan\u00e7amento da nova marca de informa\u00e7\u00e3o\u00a0<strong>24not\u00edcias<\/strong>, estamos\u00a0a mudar a plataforma de newsletters, aproveitando para refor\u00e7ar a informa\u00e7\u00e3o que os leitores mais valorizam:\u00a0<strong>a que lhes \u00e9 \u00fatil, ajuda a tomar decis\u00f5es e a entender o mundo.<\/strong><\/p>\n<p><strong>Assine a nova newsletter do 24not\u00edcias\u00a0<a href=\"https:\/\/sapo.us1.list-manage.com\/subscribe?u=8f49263740b14ab5854be8045&amp;id=57a39c5e8f\" target=\"_blank\" rel=\"noopener noreferrer nofollow\">aqui<\/a>.\u00a0<\/strong><\/p>\n<p>Para Moscovo, a linguagem usada representa um ataque direto \u00e0 dignidade nacional. Maria Zakharova acusou o l\u00edder franc\u00eas de ultrapassar os limites do aceit\u00e1vel e acusou Paris de contribuir para a escalada do conflito.<\/p>\n<p>A rea\u00e7\u00e3o russa surge num momento particularmente tenso, numa altura em que a Fran\u00e7a refor\u00e7a o seu apoio pol\u00edtico e militar \u00e0 Ucr\u00e2nia, lado a lado com o Reino Unido e outros membros da \u201ccoliga\u00e7\u00e3o de volunt\u00e1rios\u201d.<\/p>\n<p>Um aviso \u00e0 Europa<\/p>\n<p>O aviso de Macron \u00e9 duplo: por um lado, denuncia a natureza agressiva do regime russo; por outro, alerta para o risco da complac\u00eancia europeia: \u201cPutin n\u00e3o voltar\u00e1 a um estado de paz e a um sistema democr\u00e1tico aberto da noite para o dia\u201d, avisou.<\/p>\n<p>\u201cN\u00e3o estou a dizer que amanh\u00e3 a Fran\u00e7a ser\u00e1 atacada, mas \u00e9 uma amea\u00e7a para os europeus (&#8230;). N\u00e3o devemos ser ing\u00e9nuos.\u201d<\/p>\n<p>Este novo posicionamento foi reiterado num momento estrat\u00e9gico, durante uma visita \u00e0 Mold\u00e1via, ao lado dos l\u00edderes da Alemanha e da Pol\u00f3nia, num claro gesto de apoio ao projeto europeu da presidente moldava Maia Sandu.<\/p>\n<p>A Mold\u00e1via, antiga rep\u00fablica sovi\u00e9tica, realiza elei\u00e7\u00f5es legislativas cruciais no pr\u00f3ximo m\u00eas, com o dilema europeu ou pr\u00f3-russo no centro da disputa.<\/p>\n<p>As declara\u00e7\u00f5es de Macron surgem tamb\u00e9m no contexto de uma nova ofensiva diplom\u00e1tica liderada pelos Estados Unidos, com Trump a propor uma cimeira entre Putin e Zelensky.<\/p>\n<p>Macron, no entanto, deixou claro que n\u00e3o partilha o otimismo de Washington: \u201cQuando olho para a situa\u00e7\u00e3o e os factos, n\u00e3o vejo o presidente Putin a desejar a paz agora, mas talvez eu seja muito pessimista\u201d, disse \u00e0 <a href=\"https:\/\/www.nbcnews.com\/world\/ukraine\/french-president-emmanuel-macron-says-doesnt-believe-putin-willing-get-rcna225660\" target=\"_blank\" rel=\"noopener noreferrer nofollow\">NBC News<\/a>.<\/p>\n","protected":false},"excerpt":{"rendered":"Acompanhe toda a atualidade informativa em\u00a024noticias.sapo.pt As afirma\u00e7\u00f5es de Macron foram feitas numa entrevista \u00e0 esta\u00e7\u00e3o LCI, Le&hellip;\n","protected":false},"author":2,"featured_media":50453,"comment_status":"","ping_status":"","sticky":false,"template":"","format":"standard","meta":{"footnotes":""},"categories":[50],"tags":[27,28,15,16,14,25,26,21,22,62,12,13,19,20,23,24,17,18,29,30,31,63,64,65],"class_list":{"0":"post-50452","1":"post","2":"type-post","3":"status-publish","4":"format-standard","5":"has-post-thumbnail","7":"category-mundo","8":"tag-breaking-news","9":"tag-breakingnews","10":"tag-featured-news","11":"tag-featurednews","12":"tag-headlines","13":"tag-latest-news","14":"tag-latestnews","15":"tag-main-news","16":"tag-mainnews","17":"tag-mundo","18":"tag-news","19":"tag-noticias","20":"tag-noticias-principais","21":"tag-noticiasprincipais","22":"tag-principais-noticias","23":"tag-principaisnoticias","24":"tag-top-stories","25":"tag-topstories","26":"tag-ultimas","27":"tag-ultimas-noticias","28":"tag-ultimasnoticias","29":"tag-world","30":"tag-world-news","31":"tag-worldnews"},"share_on_mastodon":{"url":"","error":""},"_links":{"self":[{"href":"https:\/\/www.europesays.com\/pt\/wp-json\/wp\/v2\/posts\/50452","targetHints":{"allow":["GET"]}}],"collection":[{"href":"https:\/\/www.europesays.com\/pt\/wp-json\/wp\/v2\/posts"}],"about":[{"href":"https:\/\/www.europesays.com\/pt\/wp-json\/wp\/v2\/types\/post"}],"author":[{"embeddable":true,"href":"https:\/\/www.europesays.com\/pt\/wp-json\/wp\/v2\/users\/2"}],"replies":[{"embeddable":true,"href":"https:\/\/www.europesays.com\/pt\/wp-json\/wp\/v2\/comments?post=50452"}],"version-history":[{"count":0,"href":"https:\/\/www.europesays.com\/pt\/wp-json\/wp\/v2\/posts\/50452\/revisions"}],"wp:featuredmedia":[{"embeddable":true,"href":"https:\/\/www.europesays.com\/pt\/wp-json\/wp\/v2\/media\/50453"}],"wp:attachment":[{"href":"https:\/\/www.europesays.com\/pt\/wp-json\/wp\/v2\/media?parent=50452"}],"wp:term":[{"taxonomy":"category","embeddable":true,"href":"https:\/\/www.europesays.com\/pt\/wp-json\/wp\/v2\/categories?post=50452"},{"taxonomy":"post_tag","embeddable":true,"href":"https:\/\/www.europesays.com\/pt\/wp-json\/wp\/v2\/tags?post=50452"}],"curies":[{"name":"wp","href":"https:\/\/api.w.org\/{rel}","templated":true}]}}