{"id":50454,"date":"2025-08-29T17:19:25","date_gmt":"2025-08-29T17:19:25","guid":{"rendered":"https:\/\/www.europesays.com\/pt\/50454\/"},"modified":"2025-08-29T17:19:25","modified_gmt":"2025-08-29T17:19:25","slug":"afinal-florentino-rendera-um-pouco-mais-ao-benfica-todo-o-negocio","status":"publish","type":"post","link":"https:\/\/www.europesays.com\/pt\/50454\/","title":{"rendered":"Afinal, Florentino render\u00e1 um pouco mais ao Benfica: todo o neg\u00f3cio!"},"content":{"rendered":"<p>O jogador ainda se treinou esta manh\u00e3 no centro de est\u00e1gio do Seixal, mas os clubes j\u00e1 est\u00e3o a trocar documenta\u00e7\u00e3o, pelo que Florentino deve viajar a todo o momento para Inglaterra.<\/p>\n<p>O neg\u00f3cio, refira-se, \u00e9 muito vantajoso n\u00e3o apenas para o jogador, em termos salariais, mas tamb\u00e9m para o Benfica, que vai garantir um total de \u20ac26 milh\u00f5es com a opera\u00e7\u00e3o.<\/p>\n<p>A SAD benfiquista garante \u20ac2 milh\u00f5es imediatamente e \u20ac24 milh\u00f5es quando a cl\u00e1usula de compra obrigat\u00f3ria for executada. Neg\u00f3cio, pois, importante tendo em conta que Florentino Lu\u00eds n\u00e3o \u00e9 um titular indiscut\u00edvel neste novo Benfica.<\/p>\n<p>O jogador cumpriu castigo na partida entre <a class=\"autolink-enabled\" data-resource-id=\"450\" data-resource-type=\"team\" data-sport=\"football\" href=\"https:\/\/www.abola.pt\/futebol\/benfica-450\" rel=\"nofollow noopener\" target=\"_blank\">Benfica<\/a> e Fenerbah\u00e7e, pelo que n\u00e3o esteve em campo na Luz para despedir-se. Tamb\u00e9m n\u00e3o deve ser op\u00e7\u00e3o para o jogo em Alverca, de domingo.<\/p>\n","protected":false},"excerpt":{"rendered":"O jogador ainda se treinou esta manh\u00e3 no centro de est\u00e1gio do Seixal, mas os clubes j\u00e1 est\u00e3o&hellip;\n","protected":false},"author":2,"featured_media":50455,"comment_status":"","ping_status":"","sticky":false,"template":"","format":"standard","meta":{"footnotes":""},"categories":[8],"tags":[27,28,15,16,14,25,26,21,22,12,13,19,20,32,23,24,33,17,18,29,30,31],"class_list":{"0":"post-50454","1":"post","2":"type-post","3":"status-publish","4":"format-standard","5":"has-post-thumbnail","7":"category-principais-noticias","8":"tag-breaking-news","9":"tag-breakingnews","10":"tag-featured-news","11":"tag-featurednews","12":"tag-headlines","13":"tag-latest-news","14":"tag-latestnews","15":"tag-main-news","16":"tag-mainnews","17":"tag-news","18":"tag-noticias","19":"tag-noticias-principais","20":"tag-noticiasprincipais","21":"tag-portugal","22":"tag-principais-noticias","23":"tag-principaisnoticias","24":"tag-pt","25":"tag-top-stories","26":"tag-topstories","27":"tag-ultimas","28":"tag-ultimas-noticias","29":"tag-ultimasnoticias"},"share_on_mastodon":{"url":"","error":""},"_links":{"self":[{"href":"https:\/\/www.europesays.com\/pt\/wp-json\/wp\/v2\/posts\/50454","targetHints":{"allow":["GET"]}}],"collection":[{"href":"https:\/\/www.europesays.com\/pt\/wp-json\/wp\/v2\/posts"}],"about":[{"href":"https:\/\/www.europesays.com\/pt\/wp-json\/wp\/v2\/types\/post"}],"author":[{"embeddable":true,"href":"https:\/\/www.europesays.com\/pt\/wp-json\/wp\/v2\/users\/2"}],"replies":[{"embeddable":true,"href":"https:\/\/www.europesays.com\/pt\/wp-json\/wp\/v2\/comments?post=50454"}],"version-history":[{"count":0,"href":"https:\/\/www.europesays.com\/pt\/wp-json\/wp\/v2\/posts\/50454\/revisions"}],"wp:featuredmedia":[{"embeddable":true,"href":"https:\/\/www.europesays.com\/pt\/wp-json\/wp\/v2\/media\/50455"}],"wp:attachment":[{"href":"https:\/\/www.europesays.com\/pt\/wp-json\/wp\/v2\/media?parent=50454"}],"wp:term":[{"taxonomy":"category","embeddable":true,"href":"https:\/\/www.europesays.com\/pt\/wp-json\/wp\/v2\/categories?post=50454"},{"taxonomy":"post_tag","embeddable":true,"href":"https:\/\/www.europesays.com\/pt\/wp-json\/wp\/v2\/tags?post=50454"}],"curies":[{"name":"wp","href":"https:\/\/api.w.org\/{rel}","templated":true}]}}