{"id":504542,"date":"2026-08-29T12:47:30","date_gmt":"2026-08-29T12:47:30","guid":{"rendered":"https:\/\/www.europesays.com\/pt\/504542\/"},"modified":"2026-08-29T12:47:30","modified_gmt":"2026-08-29T12:47:30","slug":"casa-bom-retiro-michel-macedo-arquitetos","status":"publish","type":"post","link":"https:\/\/www.europesays.com\/pt\/504542\/","title":{"rendered":"Casa Bom Retiro \/ Michel Macedo Arquitetos"},"content":{"rendered":"<p><a class=\"js-image-size__link \" href=\"https:\/\/www.archdaily.com\/pt\/1184039\/casa-bom-retiro-michel-macedo-arquitetos\/6a8f1a314253050001ca0f9b-casa-bom-retiro-michel-macedo-arquitetos-foto\" rel=\"attachment nofollow noopener\" style=\"width: 100%;\" target=\"_blank\"><img decoding=\"async\" alt=\"Casa Bom Retiro \/ Michel Macedo Arquitetos - Imagem 1 de 29\" data-nr-picture-id=\"6a8f1a314253050001ca0f9b\" fetchpriority=\"high\" height=\"426\" itemprop=\"image\" loading=\"eager\" longdesc=\"https:\/\/www.archdaily.com\/pt\/1184039\/casa-bom-retiro-michel-macedo-arquitetos\/6a8f1a314253050001ca0f9b-casa-bom-retiro-michel-macedo-arquitetos-foto\" src=\"https:\/\/www.europesays.com\/pt\/wp-content\/uploads\/2026\/08\/08_JO_O_VITOR_SARTURI.jpg\" style=\"min-height: var(--featured-height, auto); aspect-ratio: auto 640 \/ 426\" width=\"640\"\/><\/a>\u00a9 Jo\u00e3o Vitor Sarturi<\/p>\n<p class=\"thumbs afd-desktop-e\"><a class=\"thumbs__link\" data-nr-picture-id=\"6a8f1a324253050001ca0f9f\" href=\"https:\/\/www.archdaily.com\/pt\/1184039\/casa-bom-retiro-michel-macedo-arquitetos\/6a8f1a324253050001ca0f9f-casa-bom-retiro-michel-macedo-arquitetos-foto\" rel=\"attachment nofollow noopener\" target=\"_blank\"><img loading=\"lazy\" decoding=\"async\" alt=\"Casa Bom Retiro \/ Michel Macedo Arquitetos - Fotografia de Exterior\" class=\"thumbs__img b-lazy\" data-nr-picture-id=\"6a8f1a324253050001ca0f9f\" data-pin-nopin=\"true\" src=\"https:\/\/www.europesays.com\/pt\/wp-content\/uploads\/2026\/08\/03__JO_O_VITOR_SARTURI.jpg\" height=\"125\" longdesc=\"https:\/\/www.archdaily.com\/pt\/1184039\/casa-bom-retiro-michel-macedo-arquitetos\/6a8f1a324253050001ca0f9f-casa-bom-retiro-michel-macedo-arquitetos-foto\" title=\"\u00a9 Jo\u00e3o Vitor Sarturi\" width=\"125\"\/><\/a><a class=\"thumbs__link\" data-nr-picture-id=\"6a8f1a334253050001ca0fa1\" href=\"https:\/\/www.archdaily.com\/pt\/1184039\/casa-bom-retiro-michel-macedo-arquitetos\/6a8f1a334253050001ca0fa1-casa-bom-retiro-michel-macedo-arquitetos-foto\" rel=\"attachment nofollow noopener\" target=\"_blank\"><img loading=\"lazy\" decoding=\"async\" alt=\"Casa Bom Retiro \/ Michel Macedo Arquitetos - Imagem 3 de 29\" class=\"thumbs__img b-lazy\" data-nr-picture-id=\"6a8f1a334253050001ca0fa1\" data-pin-nopin=\"true\" src=\"https:\/\/www.europesays.com\/pt\/wp-content\/uploads\/2026\/08\/05_JO_O_VITOR_SARTURI.jpg\" height=\"125\" longdesc=\"https:\/\/www.archdaily.com\/pt\/1184039\/casa-bom-retiro-michel-macedo-arquitetos\/6a8f1a334253050001ca0fa1-casa-bom-retiro-michel-macedo-arquitetos-foto\" title=\"\u00a9 Jo\u00e3o Vitor Sarturi\" width=\"125\"\/><\/a><a class=\"thumbs__link\" data-nr-picture-id=\"6a8f1a344253050001ca0fa5\" href=\"https:\/\/www.archdaily.com\/pt\/1184039\/casa-bom-retiro-michel-macedo-arquitetos\/6a8f1a344253050001ca0fa5-casa-bom-retiro-michel-macedo-arquitetos-foto\" rel=\"attachment nofollow noopener\" target=\"_blank\"><img loading=\"lazy\" decoding=\"async\" alt=\"Casa Bom Retiro \/ Michel Macedo Arquitetos - Imagem 4 de 29\" class=\"thumbs__img b-lazy\" data-nr-picture-id=\"6a8f1a344253050001ca0fa5\" data-pin-nopin=\"true\" src=\"https:\/\/www.europesays.com\/pt\/wp-content\/uploads\/2026\/08\/10_JO_O_VITOR_SARTURI.jpg\" height=\"125\" longdesc=\"https:\/\/www.archdaily.com\/pt\/1184039\/casa-bom-retiro-michel-macedo-arquitetos\/6a8f1a344253050001ca0fa5-casa-bom-retiro-michel-macedo-arquitetos-foto\" title=\"\u00a9 Jo\u00e3o Vitor Sarturi\" width=\"125\"\/><\/a><a class=\"thumbs__link\" data-nr-picture-id=\"6a8f1a344253050001ca0fa4\" href=\"https:\/\/www.archdaily.com\/pt\/1184039\/casa-bom-retiro-michel-macedo-arquitetos\/6a8f1a344253050001ca0fa4-casa-bom-retiro-michel-macedo-arquitetos-foto\" rel=\"attachment nofollow noopener\" target=\"_blank\"><img loading=\"lazy\" decoding=\"async\" alt=\"Casa Bom Retiro \/ Michel Macedo Arquitetos - Imagem 5 de 29\" class=\"thumbs__img b-lazy\" data-nr-picture-id=\"6a8f1a344253050001ca0fa4\" data-pin-nopin=\"true\" src=\"https:\/\/www.europesays.com\/pt\/wp-content\/uploads\/2026\/08\/09__JO_O_VITOR_SARTURI.jpg\" height=\"125\" longdesc=\"https:\/\/www.archdaily.com\/pt\/1184039\/casa-bom-retiro-michel-macedo-arquitetos\/6a8f1a344253050001ca0fa4-casa-bom-retiro-michel-macedo-arquitetos-foto\" title=\"\u00a9 Jo\u00e3o Vitor Sarturi\" width=\"125\"\/><\/a><a class=\"thumbs__link afd-desktop-e\" href=\"https:\/\/www.archdaily.com\/pt\/1184039\/casa-bom-retiro-michel-macedo-arquitetos\/6a8f1a314253050001ca0f9b-casa-bom-retiro-michel-macedo-arquitetos-foto\" rel=\"nofollow noopener\" target=\"_blank\"><img decoding=\"async\" alt=\"Casa Bom Retiro \/ Michel Macedo Arquitetos - Mais Imagens\" class=\"thumbs__img b-lazy\" src=\"https:\/\/www.europesays.com\/pt\/wp-content\/uploads\/2026\/08\/08_JO_O_VITOR_SARTURI.jpg\" itemprop=\"image\" bad-src=\"data:image\/gif;base64,R0lGODlhAQABAIAAAAUEBAAAACwAAAAAAQABAAACAkQBADs=\"\/>+ 24<\/a><\/p>\n<p class=\"article-meta__author\">Curadoria de <strong>Susanna Moreira<\/strong><\/p>\n<p>    Compartilhar<\/p>\n<p>Compartilhar<\/p>\n<ul class=\"afd-share__networks clearfix\">\n<li class=\"afd-share__social\"><a aria-label=\"Facebook\" class=\"afd-share__button\" data-insights-category=\"share\" data-insights-label=\"facebook_sharing_options\" data-insights-value=\"1184039\" data-social=\"facebook\" href=\"https:\/\/www.facebook.com\/sharer\/sharer.php?u=https:\/\/www.archdaily.com.br\/pt\/1184039\/casa-bom-retiro-michel-macedo-arquitetos\" rel=\"nofollow noopener\" target=\"_blank\"><\/a>\n<p>Facebook<\/p>\n<\/li>\n<li class=\"afd-share__social\"><a aria-label=\"Twitter\" class=\"afd-share__button\" data-insights-category=\"share\" data-insights-label=\"twitter_sharing_options\" data-insights-value=\"1184039\" data-social=\"twitter\" href=\"https:\/\/twitter.com\/intent\/tweet?text=Casa%20Bom%20Retiro%20%2F%20Michel%20Macedo%20Arquitetos&amp;url=https:\/\/www.archdaily.com.br\/pt\/1184039\/casa-bom-retiro-michel-macedo-arquitetos&amp;via=archdailybr\" rel=\"nofollow noopener\" target=\"_blank\"><\/a>\n<p>Twitter<\/p>\n<\/li>\n<li class=\"afd-share__social\"><a class=\"afd-share__button\" data-insights-category=\"share\" data-insights-label=\"email_sharing_options\" data-insights-value=\"1184039\" data-social=\"email\" href=\"mailto:?subject=Casa Bom Retiro \/ Michel Macedo Arquitetos&amp;body=https:\/\/www.archdaily.com.br\/pt\/1184039\/casa-bom-retiro-michel-macedo-arquitetos\"><\/a>\n<p>Mail<\/p>\n<\/li>\n<li class=\"afd-share__social\"><a aria-label=\"Pinterest\" class=\"afd-share__button\" data-insights-category=\"share\" data-insights-label=\"pinterest_sharing_options\" data-insights-value=\"1184039\" data-social=\"pinterest\" href=\"https:\/\/pinterest.com\/pin\/create\/button\/?url=https%3A%2F%2Fwww.archdaily.com.br%2Fpt%2F1184039%2Fcasa-bom-retiro-michel-macedo-arquitetos&amp;media=https%3A%2F%2Fimages.adsttc.com%2Fmedia%2Fimages%2F6a8f%2F1a31%2F4253%2F0500%2F01ca%2F0f9b%2Flarge_jpg%2F08_JO_O_VITOR_SARTURI.jpg%3F1787763315&amp;description=Casa%20Bom%20Retiro%20%2F%20Michel%20Macedo%20Arquitetos\" rel=\"nofollow noopener\" target=\"_blank\"><\/a>\n<p>Pinterest<\/p>\n<\/li>\n<li class=\"afd-share__social\"><a aria-label=\"Whatsapp\" class=\"afd-share__button\" data-action=\"share\/whatsapp\/share\" data-insights-category=\"share\" data-insights-label=\"whatsapp_sharing_options\" data-insights-value=\"1184039\" data-social=\"whatsapp\" href=\"whatsapp:\/\/send?text=Casa+Bom+Retiro+%2F+Michel+Macedo+Arquitetos+%7C+https%3A%2F%2Fwww.archdaily.com.br%2Fpt%2F1184039%2Fcasa-bom-retiro-michel-macedo-arquitetos%3Futm_source%3DWhatsapp%26utm_medium%3DIM%26utm_campaign%3Dshare-button\" rel=\"nofollow\"><\/a>\n<p>Whatsapp<\/p>\n<\/li>\n<\/ul>\n<p>Ou<\/p>\n<p>https:\/\/www.archdaily.com.br\/pt\/1184039\/casa-bom-retiro-michel-macedo-arquitetos<br \/>\n<a class=\"js-image-size__link lazy-anchor\" href=\"https:\/\/www.archdaily.com\/pt\/1184039\/casa-bom-retiro-michel-macedo-arquitetos\/6a8f1a324253050001ca0f9f-casa-bom-retiro-michel-macedo-arquitetos-foto\" rel=\"nofollow noopener\" target=\"_blank\"><img decoding=\"async\" alt=\"Casa Bom Retiro \/ Michel Macedo Arquitetos - Fotografia de Exterior\" data-nr-picture-id=\"6a8f1a324253050001ca0f9f\" height=\"427\" itemprop=\"image\" loading=\"lazy\" longdesc=\"https:\/\/www.archdaily.com\/pt\/1184039\/casa-bom-retiro-michel-macedo-arquitetos\/6a8f1a324253050001ca0f9f-casa-bom-retiro-michel-macedo-arquitetos-foto\" src=\"https:\/\/www.europesays.com\/pt\/wp-content\/uploads\/2026\/08\/1788007648_987_03__JO_O_VITOR_SARTURI.jpg\" width=\"640\"\/>\u00a9 Jo\u00e3o Vitor Sarturi<\/a><\/p>\n<p>Descri\u00e7\u00e3o enviada pela equipe de projeto. A Casa Bom Retiro suspende os dormit\u00f3rios sobre um vazio cont\u00ednuo de 12 metros de v\u00e3o e faz desse vazio o centro da vida dom\u00e9stica.<\/p>\n<p><img decoding=\"async\" src=\"https:\/\/www.europesays.com\/pt\/wp-content\/uploads\/2026\/08\/1788007650_676_loader-blue.gif\" alt=\"Content Loader\" style=\"width: 40px; margin: 24px;\"\/><script async src=\"https:\/\/platform.twitter.com\/widgets.js\" charset=\"utf-8\"><\/script><\/p>\n","protected":false},"excerpt":{"rendered":"\u00a9 Jo\u00e3o Vitor Sarturi + 24 Curadoria de Susanna Moreira Compartilhar Compartilhar Facebook Twitter Mail Pinterest Whatsapp Ou&hellip;\n","protected":false},"author":2,"featured_media":504543,"comment_status":"","ping_status":"","sticky":false,"template":"","format":"standard","meta":{"footnotes":"","_share_on_mastodon":"0"},"categories":[144],"tags":[304,361,207,205,206,203,201,202,362,204,114,115,32,33],"class_list":["post-504542","post","type-post","status-publish","format-standard","has-post-thumbnail","category-arte-e-design","tag-arquitetura","tag-arquitetura-residencial","tag-arte","tag-arte-e-design","tag-artedesign","tag-arts","tag-arts-and-design","tag-artsanddesign","tag-casas","tag-design","tag-entertainment","tag-entretenimento","tag-portugal","tag-pt"],"share_on_mastodon":{"url":"https:\/\/pubeurope.com\/@pt\/117178876452248490","error":""},"_links":{"self":[{"href":"https:\/\/www.europesays.com\/pt\/wp-json\/wp\/v2\/posts\/504542","targetHints":{"allow":["GET"]}}],"collection":[{"href":"https:\/\/www.europesays.com\/pt\/wp-json\/wp\/v2\/posts"}],"about":[{"href":"https:\/\/www.europesays.com\/pt\/wp-json\/wp\/v2\/types\/post"}],"author":[{"embeddable":true,"href":"https:\/\/www.europesays.com\/pt\/wp-json\/wp\/v2\/users\/2"}],"replies":[{"embeddable":true,"href":"https:\/\/www.europesays.com\/pt\/wp-json\/wp\/v2\/comments?post=504542"}],"version-history":[{"count":0,"href":"https:\/\/www.europesays.com\/pt\/wp-json\/wp\/v2\/posts\/504542\/revisions"}],"wp:featuredmedia":[{"embeddable":true,"href":"https:\/\/www.europesays.com\/pt\/wp-json\/wp\/v2\/media\/504543"}],"wp:attachment":[{"href":"https:\/\/www.europesays.com\/pt\/wp-json\/wp\/v2\/media?parent=504542"}],"wp:term":[{"taxonomy":"category","embeddable":true,"href":"https:\/\/www.europesays.com\/pt\/wp-json\/wp\/v2\/categories?post=504542"},{"taxonomy":"post_tag","embeddable":true,"href":"https:\/\/www.europesays.com\/pt\/wp-json\/wp\/v2\/tags?post=504542"}],"curies":[{"name":"wp","href":"https:\/\/api.w.org\/{rel}","templated":true}]}}