{"id":504620,"date":"2026-08-29T14:45:25","date_gmt":"2026-08-29T14:45:25","guid":{"rendered":"https:\/\/www.europesays.com\/pt\/504620\/"},"modified":"2026-08-29T14:45:25","modified_gmt":"2026-08-29T14:45:25","slug":"uefa-as-posicoes-no-ranking-antes-do-arranque-das-competicoes-europeias","status":"publish","type":"post","link":"https:\/\/www.europesays.com\/pt\/504620\/","title":{"rendered":"UEFA: as posi\u00e7\u00f5es no ranking antes do arranque das competi\u00e7\u00f5es europeias"},"content":{"rendered":"<p>J\u00e1 com o fim das fases de qualifica\u00e7\u00e3o de acesso \u00e0s competi\u00e7\u00f5es europeias, \u00e9 altura de olhar para o ranking na UEFA no que concerne ao lugar dos pa\u00edses.<\/p>\n<p>Benfica (Liga Europa) e Sp. Braga (Liga Confer\u00eancia) foram as \u00fanicas equipas que participaram em jogos europeus na presente temporada. De recordar que FC Porto (Liga dos Campe\u00f5es), Sporting (Liga dos Campe\u00f5es) e Torreense (Liga Europa) conseguiram a qualifica\u00e7\u00e3o direta.<\/p>\n<p>Relativamente ao ranking, Portugal segue na sexta posi\u00e7\u00e3o com\u00a064.550 pontos, colocando cinco equipas nas competi\u00e7\u00f5es europeias. A Fran\u00e7a, quinta no ranking, tem 3.603 pontos de vantagem sobre Portugal (68.153). J\u00e1 a B\u00e9lgica, s\u00e9tima, est\u00e1 a 5.500 pontos de Portugal (59.050).<\/p>\n<p>O l\u00edder do ranking continua a ser a Inglaterra, com 102.019 pontos, enviando nove equipas para a Europa.<\/p>\n<p>O restante top-10 \u00e9 composto por It\u00e1lia (segundo), Espanha (terceiro), Alemanha (quarto), Fran\u00e7a (quinto), B\u00e9lgica (s\u00e9timo), Pa\u00edses Baixos (oitavo), Turquia (nono) e Pol\u00f3nia (d\u00e9cimo).\u00a0<\/p>\n","protected":false},"excerpt":{"rendered":"J\u00e1 com o fim das fases de qualifica\u00e7\u00e3o de acesso \u00e0s competi\u00e7\u00f5es europeias, \u00e9 altura de olhar para&hellip;\n","protected":false},"author":2,"featured_media":504621,"comment_status":"","ping_status":"","sticky":false,"template":"","format":"standard","meta":{"footnotes":"","_share_on_mastodon":"0"},"categories":[87],"tags":[51,135,282,82,4237,1003,137,46,32,33,47,9453,1233,34,134,8473,2697],"class_list":["post-504620","post","type-post","status-publish","format-standard","has-post-thumbnail","category-desporto","tag-benfica","tag-desporto","tag-fc-porto","tag-internacional","tag-liga-conferencia","tag-liga-dos-campeoes","tag-liga-europa","tag-maisfutebol","tag-portugal","tag-pt","tag-pura-paixao","tag-ranking-uefa","tag-sp-braga","tag-sporting","tag-sports","tag-torreense","tag-uefa"],"share_on_mastodon":{"url":"https:\/\/pubeurope.com\/@pt\/117179340032551747","error":""},"_links":{"self":[{"href":"https:\/\/www.europesays.com\/pt\/wp-json\/wp\/v2\/posts\/504620","targetHints":{"allow":["GET"]}}],"collection":[{"href":"https:\/\/www.europesays.com\/pt\/wp-json\/wp\/v2\/posts"}],"about":[{"href":"https:\/\/www.europesays.com\/pt\/wp-json\/wp\/v2\/types\/post"}],"author":[{"embeddable":true,"href":"https:\/\/www.europesays.com\/pt\/wp-json\/wp\/v2\/users\/2"}],"replies":[{"embeddable":true,"href":"https:\/\/www.europesays.com\/pt\/wp-json\/wp\/v2\/comments?post=504620"}],"version-history":[{"count":0,"href":"https:\/\/www.europesays.com\/pt\/wp-json\/wp\/v2\/posts\/504620\/revisions"}],"wp:featuredmedia":[{"embeddable":true,"href":"https:\/\/www.europesays.com\/pt\/wp-json\/wp\/v2\/media\/504621"}],"wp:attachment":[{"href":"https:\/\/www.europesays.com\/pt\/wp-json\/wp\/v2\/media?parent=504620"}],"wp:term":[{"taxonomy":"category","embeddable":true,"href":"https:\/\/www.europesays.com\/pt\/wp-json\/wp\/v2\/categories?post=504620"},{"taxonomy":"post_tag","embeddable":true,"href":"https:\/\/www.europesays.com\/pt\/wp-json\/wp\/v2\/tags?post=504620"}],"curies":[{"name":"wp","href":"https:\/\/api.w.org\/{rel}","templated":true}]}}