{"id":504630,"date":"2026-08-29T14:58:23","date_gmt":"2026-08-29T14:58:23","guid":{"rendered":"https:\/\/www.europesays.com\/pt\/504630\/"},"modified":"2026-08-29T14:58:23","modified_gmt":"2026-08-29T14:58:23","slug":"vicentina-pede-desculpas-netflix-define-estreia-do-filme-de-diretor-de-marte-um","status":"publish","type":"post","link":"https:\/\/www.europesays.com\/pt\/504630\/","title":{"rendered":"Vicentina Pede Desculpas: Netflix define estreia do filme de diretor de Marte Um"},"content":{"rendered":"<p><img decoding=\"async\" class=\"w-fit lg:w-full\" loading=\"eager\" src=\"https:\/\/www.europesays.com\/pt\/wp-content\/uploads\/2026\/08\/6178992_64e138e27bc895e.jpg\" title=\"Denise dos Santos \/ Netflix \/ Divulga\u00e7\u00e3o\" alt=\"Denise dos Santos \/ Netflix \/ Divulga\u00e7\u00e3o\" width=\"700\" height=\"477\" fetchpriority=\"high\"\/>Rejane Faria estrela &#8220;Vicentina Pede Desculpas&#8221; (2026), filme escrito e dirigido por Gabriel Martins.Denise dos Santos \/ Netflix \/ Divulga\u00e7\u00e3o<\/p>\n<p>A <strong>Netflix <\/strong>anunciou nesta quinta-feira (27) as <strong>datas de estreia<\/strong> de <strong>Vicentina Pede Desculpas<\/strong>, filme dirigido por <strong>Gabriel Martins<\/strong> e estrelado por <strong>Rejane Faria<\/strong>. O novo longa-metragem do autor de <a href=\"https:\/\/gauchazh.clicrbs.com.br\/colunistas\/ticiano-osorio\/noticia\/2026\/07\/supercine-exibe-filmaco-sobre-sonhos-e-perrengues-de-uma-familia-negra-da-periferia-cmr6dupd802dh015tl06wop6v.html\" rel=\"nofollow noopener\" target=\"_blank\"><strong>Marte Um<\/strong><\/a> (2022) entra em cartaz <strong>nos cinemas no dia 5 de novembro<\/strong> e chega \u00e0 <strong>plataforma de streaming em 20 de novembro<\/strong>, com lan\u00e7amento simult\u00e2neo em mais de 190 pa\u00edses. \u00a0<\/p>\n<p>Vicentina Pede Desculpas \u00e9 o <strong>\u00fanico t\u00edtulo brasileiro <\/strong>selecionado para a 51\u00aa edi\u00e7\u00e3o do <strong>Festival de Toronto<\/strong> (TIFF), no Canad\u00e1, em setembro. Far\u00e1 sua premi\u00e8re internacional na mostra competitiva Plataforma. O vencedor da se\u00e7\u00e3o se qualifica para a <strong>disputa do Oscar de melhor filme internacional <\/strong>por via direta.\u00a0<\/p>\n<p>O longa tamb\u00e9m est\u00e1 na <strong>lista das 15 produ\u00e7\u00f5es<\/strong> habilitadas para a sele\u00e7\u00e3o, pela <strong>Academia Brasileira de Cinema<\/strong>, do <strong>candidato nacional <\/strong>ao Oscar internacional. Em 9 de setembro, ser\u00e3o divulgados seis finalistas. <strong>A decis\u00e3o sai no dia 16. <\/strong>Vicentina Pede Desculpas integra ainda a competi\u00e7\u00e3o oficial do <strong>74\u00ba Festival de San Sebasti\u00e1n<\/strong>, na Espanha, onde concorrer\u00e1 pela Concha de Ouro, no final de setembro. No Brasil, vai participar da briga pelo trof\u00e9u <strong>Redentor <\/strong>no <strong>28\u00ba Festival do Rio<\/strong>, entre os dias 1\u00ba e 11 de outubro.<\/p>\n<p><strong>A sinopse divulgada diz o seguinte:<\/strong> &#8220;Numa manh\u00e3 ensolarada em <strong>Belo Horizonte<\/strong>, um <strong>\u00f4nibus lotado<\/strong> segue para o centro da cidade. Ao cruzar um viaduto, o ve\u00edculo desvia repentinamente, sai da pista e cai na avenida abaixo. <strong>Um passageiro fica gravemente ferido, e morrem todos os outros<\/strong> \u2014 incluindo <strong>Wesley, o motorista<\/strong>.\u00a0<\/p>\n<p><strong>O desastre domina os notici\u00e1rios de televis\u00e3o e as manchetes dos jornais em todo o pa\u00eds. <\/strong>As c\u00e2meras de seguran\u00e7a do \u00f4nibus e da via registram o momento do acidente e, ap\u00f3s a an\u00e1lise das imagens, come\u00e7am a circular especula\u00e7\u00f5es de que o motorista poderia ter agido intencionalmente. <strong>Vicentina<\/strong>, uma <strong>professora aposentada de 75 anos e m\u00e3e de Wesley<\/strong>, fica devastada com a trag\u00e9dia e sem saber como seguir em frente. <strong>Ela decide procurar as fam\u00edlias das v\u00edtimas e pedir desculpas<\/strong>&#8220;.\u00a0<\/p>\n<p><img decoding=\"async\" class=\"w-fit lg:w-full\" loading=\"eager\" src=\"https:\/\/www.europesays.com\/pt\/wp-content\/uploads\/2026\/08\/6178990_ea869d823aef586.jpg\" title=\"Denise dos Santos \/ Netflix \/ Divulga\u00e7\u00e3o\" alt=\"Denise dos Santos \/ Netflix \/ Divulga\u00e7\u00e3o\" width=\"700\" height=\"477\" fetchpriority=\"auto\"\/>Rejane Faria e Renato Novaes no filme &#8220;Vicentina Pede Desculpas&#8221;.Denise dos Santos \/ Netflix \/ Divulga\u00e7\u00e3o<\/p>\n<p>Al\u00e9m de Rejane Faria \u2014 que trabalhou com Gabriel Martins em <strong>No Cora\u00e7\u00e3o do Mundo <\/strong>(2019, codirigido por Maur\u00edlio Martins) e em Marte Um, na s\u00e9rie <strong>Natal dos Silva<\/strong> (2025) e nos curtas <strong>Raps\u00f3dia para um Homem Negro<\/strong> (2015) e <strong>Nada<\/strong> (2017) \u2014, o elenco inclui <a href=\"https:\/\/gauchazh.clicrbs.com.br\/colunistas\/ticiano-osorio\/noticia\/2025\/10\/o-filme-do-amazon-prime-video-sobre-como-surgiu-o-comando-vermelho-cmhdauvf701f4010dcx8czydn.html\" rel=\"nofollow noopener\" target=\"_blank\"><strong>Fl\u00e1vio Bauraqui<\/strong><\/a>, <a href=\"https:\/\/gauchazh.clicrbs.com.br\/colunistas\/ticiano-osorio\/noticia\/2026\/08\/vencedor-do-festival-de-gramado-estreia-no-cinema-e-prova-que-merecia-mais-kikitos-cmtabwcyw0132017943l01pvc.html\" rel=\"nofollow noopener\" target=\"_blank\"><strong>Grace Pass\u00f4<\/strong><\/a>, <strong>Karine Teles, Ma\u00edra Azevedo, <\/strong><a href=\"https:\/\/gauchazh.clicrbs.com.br\/colunistas\/ticiano-osorio\/noticia\/2024\/09\/a-melhor-comedia-romantica-do-ano-cm1gl53r100jr011ojypsl0j9.html\" rel=\"nofollow noopener\" target=\"_blank\"><strong>Renato Novaes<\/strong><\/a><strong>, Thalma de Freitas, <\/strong><a href=\"https:\/\/gauchazh.clicrbs.com.br\/colunistas\/ticiano-osorio\/noticia\/2022\/07\/nova-chance-para-um-dos-melhores-filmes-da-temporada-cl5ji1svy000c017mjt5pmmq2.html\" rel=\"nofollow noopener\" target=\"_blank\"><strong>F\u00e1bio Leal<\/strong><\/a> e <strong>Carlos Francisco<\/strong>. Como a <strong>diversidade de corpos<\/strong> \u00e9 uma marca do cineasta, al\u00e9m da <strong>forte presen\u00e7a de atores negros<\/strong> Vicentina Pede Desculpas conta com uma <strong>mulher trans<\/strong>, <strong>Giovanna Heliodoro<\/strong>, e um <strong>homem com nanismo<\/strong>, <strong>Giovanni Venturini<\/strong>.<\/p>\n<p>\u2014 <strong>Eu n\u00e3o vejo essa inclus\u00e3o como algo pol\u00edtico<\/strong> \u2014 diz Gabriel Martins. \u2014 Para mim, ela \u00e9 <strong>a honestidade, a sinceridade, a verdade com o retrato da popula\u00e7\u00e3o brasileira<\/strong>. Esses corpos poderiam estar ali de forma leviana, como vimos muitas vezes no cinema. Mas nos nossos filmes a gente amplia a ideia de humanidade, os corpos n\u00e3o s\u00e3o colocados em cena para uma vitimiza\u00e7\u00e3o ou um julgamento. A imagem e a ideia de humanidade que a gente se acostumou a achar normal no cinema \u00e9 uma mentira. Tudo que n\u00e3o \u00e9 essa imagem do corpo branco cisg\u00eanero padr\u00e3o parece ser um cinema marginal, mas na verdade \u00e9 apenas o cinema que comp\u00f5e o mundo.<\/p>\n<p><img decoding=\"async\" class=\"w-fit lg:w-full\" loading=\"eager\" src=\"https:\/\/www.europesays.com\/pt\/wp-content\/uploads\/2026\/08\/6178989_7137c37baf9d6c9.jpg\" title=\"Denise dos Santos \/ Netflix \/ Divulga\u00e7\u00e3o\" alt=\"Denise dos Santos \/ Netflix \/ Divulga\u00e7\u00e3o\" width=\"700\" height=\"477\" fetchpriority=\"auto\"\/>Cena do filme &#8220;Vicentina Pede Desculpas&#8221;, de Gabriel Martins.Denise dos Santos \/ Netflix \/ Divulga\u00e7\u00e3o<\/p>\n<p><strong>Gabriel Martins assina a dire\u00e7\u00e3o e o roteiro<\/strong> e divide a <strong>montagem <\/strong>de Vicentina Pede Desculpas com <strong>Thiago Ricarte<\/strong>. A <strong>fotografia <\/strong>\u00e9 de <strong>Leonardo Feliciano<\/strong>, <strong>Rimmena Proc\u00f3pio<\/strong> fez o <strong>design de produ\u00e7\u00e3o<\/strong>, e <strong>Diana Moreira<\/strong>, o <strong>figurino<\/strong>. <strong>Tigan\u00e1 Santana<\/strong> comp\u00f4s a <strong>trilha sonora<\/strong>, e os respons\u00e1veis pelo <strong>som <\/strong>s\u00e3o <strong>Tiago Bello<\/strong> (edi\u00e7\u00e3o e mixagem) e <strong>Gustavo Fioravante<\/strong> (grava\u00e7\u00e3o).<\/p>\n<p>A produ\u00e7\u00e3o \u00e9 da <strong>Filmes de Pl\u00e1stico<\/strong>, formada pelos diretores e roteiristas <a href=\"https:\/\/gauchazh.clicrbs.com.br\/colunistas\/ticiano-osorio\/noticia\/2024\/09\/a-melhor-comedia-romantica-do-ano-cm1gl53r100jr011ojypsl0j9.html\" rel=\"nofollow noopener\" target=\"_blank\"><strong>Andr\u00e9 Novais Oliveira<\/strong><\/a>, Gabriel Martins e <a href=\"https:\/\/gauchazh.clicrbs.com.br\/colunistas\/ticiano-osorio\/noticia\/2025\/10\/estreia-o-filme-sobre-o-ultimo-episodio-de-caverna-do-dragao-cmgkrxjz001vh015e5iv7e710.html\" rel=\"nofollow noopener\" target=\"_blank\"><strong>Maur\u00edlio Martins <\/strong><\/a>e pelo produtor <strong>Thiago Mac\u00eado Correia<\/strong>. Fundada em 2009, em Contagem (MG), e hoje baseada na capital mineira, a produtora j\u00e1 realizou <strong>11 longas e 19 curtas<\/strong>, que j\u00e1 passaram por mais de 600 festivais e receberam mais de 80 pr\u00eamios. Marte Um, por exemplo, estreou no <strong>Festival de Sundance<\/strong>, nos EUA, ganhou <strong>quatro Kikitos em Gramado<\/strong> e arrebatou <strong>oito trof\u00e9us no Grande Otelo<\/strong>, o pr\u00eamio da Academia Brasileira.<\/p>\n<p>Segundo Thiago Mac\u00eado Correia, a <strong>parceria com a Netflix <\/strong>promove um salto na hist\u00f3ria da Filmes de Pl\u00e1stico:<\/p>\n<p>\u2014 Este foi um filme muito importante na trajet\u00f3ria da Filmes de Pl\u00e1stico, pois at\u00e9 ent\u00e3o t\u00ednhamos feito filmes de <strong>muit\u00edssimo baixo or\u00e7amento<\/strong>. A parceria com a Netflix nos permitiu <strong>explorar alguns pontos criativos e estruturais <\/strong>que ainda n\u00e3o hav\u00edamos conseguido, justamente por conta de certas limita\u00e7\u00f5es financeiras.<\/p>\n<p>A protagonista pelos olhos do diretor<\/p>\n<p><img decoding=\"async\" class=\"w-fit lg:w-full\" loading=\"eager\" src=\"https:\/\/www.europesays.com\/pt\/wp-content\/uploads\/2026\/08\/6178993_a4ca3633c1bee1d.jpg\" title=\"Denise dos Santos \/ Netflix \/ Divulga\u00e7\u00e3o\" alt=\"Denise dos Santos \/ Netflix \/ Divulga\u00e7\u00e3o\" width=\"700\" height=\"477\" fetchpriority=\"auto\"\/>Rejane Faria em cena do filme &#8220;Vicentina Pede Desculpas&#8221;.Denise dos Santos \/ Netflix \/ Divulga\u00e7\u00e3o<\/p>\n<p>Gabriel Martins descreveu assim sua nova colabora\u00e7\u00e3o com a atriz Rejane Faria:<\/p>\n<p>\u2014 Do Marte Um para Vicentina Pede Desculpas, temos <strong>Rejanes completamente diferentes. <\/strong>Em Marte Um era a Rejane mais como ela \u00e9, mais viva, jovem. Quando comecei a pensar nesse filme, em 2015, ela ainda era muito nova para ser Vicentina. Mas o tempo passou e fiquei pensando como seria interessante dissecar e drenar a Rejane. Foi muito dif\u00edcil chegar na caracteriza\u00e7\u00e3o e um desafio encontrar a Vicentina. Tinham dias que a Vicentina demorava a chegar. \u00c0s vezes a gente parava tudo, ela sa\u00eda, escutava uma playlist dela e voltava. <strong>Acho que ela entregou para mim a atua\u00e7\u00e3o da vida dela<\/strong>, espero que as pessoas lembrem da Rejane pela Vicentina.<\/p>\n<p>O diretor pelos olhos da protagonista<\/p>\n<p><img decoding=\"async\" class=\"w-fit lg:w-full\" loading=\"eager\" src=\"https:\/\/www.europesays.com\/pt\/wp-content\/uploads\/2026\/08\/6178999_de458bb68ab88c3.jpg\" title=\"Edison Vara,Ag\u00eancia Pressphoto \/ Divulga\u00e7\u00e3o\" alt=\"Edison Vara,Ag\u00eancia Pressphoto \/ Divulga\u00e7\u00e3o\" width=\"700\" height=\"477\" fetchpriority=\"auto\"\/>O cineasta Gabriel Martins no Festival de Gramado de 2022, quando &#8220;Marte Um&#8221; ganhou quatro Kikitos.Edison Vara,Ag\u00eancia Pressphoto \/ Divulga\u00e7\u00e3o<\/p>\n<p>A atriz Rejane Faria comentou sobre o trabalho com Gabriel Martins:<\/p>\n<p>\u2014 As pessoas se identificam com v\u00e1rios g\u00eaneros de filmes, mas tem uma coisa que nunca acaba: <strong>as quest\u00f5es existenciais<\/strong>. E elas pegam todo mundo porque todo mundo passa pelas mesmas d\u00favidas e certezas. Gabriel sabe trabalhar muito bem com essas quest\u00f5es. Ele tem a maestria de junt\u00e1-las e jogar para a gente. <strong>\u00c9 um olhar muito particular, muito intimista e muito comprometido.<\/strong> E isso pega muito as pessoas.<\/p>\n<p><strong>\u00c9 assinante mas ainda n\u00e3o recebe minha carta semanal exclusiva? <\/strong><a href=\"https:\/\/www.gauchazh.com.br\/newsletters\/?utm_source=gzh&amp;utm_medium=materia&amp;utm_campaign=gzh_engajamento&amp;utm_content=news_ticiano&amp;_gl=1*31pisb*_gcl_au*MjAyNzc4MjExMC4xNzI5MjYyNzgw\" target=\"_blank\" rel=\"nofollow noopener\"><strong>Clique aqui<\/strong><\/a><strong> <\/strong>e se inscreva na newsletter<\/p>\n<p><strong>Assista aos v\u00eddeos <\/strong><strong>Dica do Ticiano<\/strong><strong> no YouTube: <\/strong><a href=\"https:\/\/www.youtube.com\/playlist?list=PLMGSJ-QZmFXiU4zXEEXZZ8yOCHRxmv3d5\" target=\"_blank\" rel=\"nofollow noopener\"><strong>clique aqui<\/strong><\/a><\/p>\n<p><strong>J\u00e1 conhece o canal da coluna no WhatsApp?<\/strong> Clique aqui: <a href=\"https:\/\/www.whatsapp.com\/channel\/0029VaiyPtDJ3jv76u5u3m0X\" target=\"_blank\" title=\"https:\/\/www.whatsapp.com\/channel\/0029VaiyPtDJ3jv76u5u3m0X\" rel=\"nofollow noopener\"><strong>gzh.rs\/CanalTiciano<\/strong><\/a><\/p>\n","protected":false},"excerpt":{"rendered":"Rejane Faria estrela &#8220;Vicentina Pede Desculpas&#8221; (2026), filme escrito e dirigido por Gabriel Martins.Denise dos Santos \/ Netflix&hellip;\n","protected":false},"author":2,"featured_media":504631,"comment_status":"","ping_status":"","sticky":false,"template":"","format":"standard","meta":{"footnotes":"","_share_on_mastodon":"0"},"categories":[140],"tags":[6724,114,115,147,148,146,716,32,33,940],"class_list":["post-504630","post","type-post","status-publish","format-standard","has-post-thumbnail","category-filmes","tag-cinema-brasileiro","tag-entertainment","tag-entretenimento","tag-film","tag-filmes","tag-movies","tag-netflix","tag-portugal","tag-pt","tag-streaming"],"share_on_mastodon":{"url":"https:\/\/pubeurope.com\/@pt\/117179391586728280","error":""},"_links":{"self":[{"href":"https:\/\/www.europesays.com\/pt\/wp-json\/wp\/v2\/posts\/504630","targetHints":{"allow":["GET"]}}],"collection":[{"href":"https:\/\/www.europesays.com\/pt\/wp-json\/wp\/v2\/posts"}],"about":[{"href":"https:\/\/www.europesays.com\/pt\/wp-json\/wp\/v2\/types\/post"}],"author":[{"embeddable":true,"href":"https:\/\/www.europesays.com\/pt\/wp-json\/wp\/v2\/users\/2"}],"replies":[{"embeddable":true,"href":"https:\/\/www.europesays.com\/pt\/wp-json\/wp\/v2\/comments?post=504630"}],"version-history":[{"count":0,"href":"https:\/\/www.europesays.com\/pt\/wp-json\/wp\/v2\/posts\/504630\/revisions"}],"wp:featuredmedia":[{"embeddable":true,"href":"https:\/\/www.europesays.com\/pt\/wp-json\/wp\/v2\/media\/504631"}],"wp:attachment":[{"href":"https:\/\/www.europesays.com\/pt\/wp-json\/wp\/v2\/media?parent=504630"}],"wp:term":[{"taxonomy":"category","embeddable":true,"href":"https:\/\/www.europesays.com\/pt\/wp-json\/wp\/v2\/categories?post=504630"},{"taxonomy":"post_tag","embeddable":true,"href":"https:\/\/www.europesays.com\/pt\/wp-json\/wp\/v2\/tags?post=504630"}],"curies":[{"name":"wp","href":"https:\/\/api.w.org\/{rel}","templated":true}]}}