{"id":504648,"date":"2026-08-29T15:22:13","date_gmt":"2026-08-29T15:22:13","guid":{"rendered":"https:\/\/www.europesays.com\/pt\/504648\/"},"modified":"2026-08-29T15:22:13","modified_gmt":"2026-08-29T15:22:13","slug":"ataque-de-drone-russo-perto-de-kiev-deixa-27-mortos-na-ucrania-e-provoca-incendio-em-armazem-de-explosivos","status":"publish","type":"post","link":"https:\/\/www.europesays.com\/pt\/504648\/","title":{"rendered":"Ataque de drone russo perto de Kiev deixa 27 mortos na Ucr\u00e2nia e provoca inc\u00eandio em armaz\u00e9m de explosivos"},"content":{"rendered":"<p>Pelo menos 37 pessoas morreram depois de um drone russo ter atingido um armaz\u00e9m de explosivos nos arredores de Kiev na madrugada deste s\u00e1bado, 29 de agosto, provocando um inc\u00eandio de grandes propor\u00e7\u00f5es e explos\u00f5es.<\/p>\n<p>Durante a madrugada, as autoridades procederam \u00e0 retirada de centenas de pessoas da aldeia de Myla, no distrito de Butcha, mas na manh\u00e3 deste s\u00e1bado revelaram que se registaram 27 v\u00edtimas mortais e que esse n\u00famero poderia n\u00e3o ser definitivo. O balan\u00e7o foi, de facto, entretanto atualizado para 37.<\/p>\n<p>\u201cLamentavelmente, o n\u00famero de v\u00edtimas no distrito de Bucha ascende agora a 37\u201d, disse o chefe da administra\u00e7\u00e3o militar regional, Timur Tkachenko, citado pela ag\u00eancia francesa AFP.<\/p>\n<p>O presidente ucraniano, Volodymy Zelensky defendeu que este incidente \u00e9 &#8220;uma situa\u00e7\u00e3o terr\u00edvel e uma neglig\u00eancia terr\u00edvel por parte de quem armazenava explosivos mesmo ao lado de pessoas&#8221;.<\/p>\n<p>&#8220;Outro crime como este \u2013 depois do que aconteceu em Vyshneve \u2013 \u00e9 absolutamente inaceit\u00e1vel&#8221;, disse referindo-se ao ataque mortal ocorrido em julho contra um dep\u00f3sito de muni\u00e7\u00f5es naquela cidade, tamb\u00e9m perto de Kiev. Uma investiga\u00e7\u00e3o revelou defici\u00eancias significativas por parte da empresa estatal propriet\u00e1ria da instala\u00e7\u00e3o, que n\u00e3o cumpriu as normas de seguran\u00e7a apesar da proximidade a \u00e1reas residenciais.<\/p>\n","protected":false},"excerpt":{"rendered":"Pelo menos 37 pessoas morreram depois de um drone russo ter atingido um armaz\u00e9m de explosivos nos arredores&hellip;\n","protected":false},"author":2,"featured_media":504649,"comment_status":"","ping_status":"","sticky":false,"template":"","format":"standard","meta":{"footnotes":"","_share_on_mastodon":"0"},"categories":[50],"tags":[80859,80858,80857,27,28,80861,66416,17711,33137,15,16,889,14,625,1173,4167,25,26,21,22,62,36157,80860,31066,12,13,19,20,23,24,17,18,29,30,31,2416,63,64,65],"class_list":["post-504648","post","type-post","status-publish","format-standard","has-post-thumbnail","category-mundo","tag-27-mortos","tag-armazem-de-explosivos","tag-ataque-de-drone","tag-breaking-news","tag-breakingnews","tag-butcha","tag-drone-russo","tag-evacuacao","tag-explosoes","tag-featured-news","tag-featurednews","tag-guerra-na-ucrania","tag-headlines","tag-incendio","tag-investigacao","tag-kiev","tag-latest-news","tag-latestnews","tag-main-news","tag-mainnews","tag-mundo","tag-municoes","tag-myla","tag-negligencia","tag-news","tag-noticias","tag-noticias-principais","tag-noticiasprincipais","tag-principais-noticias","tag-principaisnoticias","tag-top-stories","tag-topstories","tag-ultimas","tag-ultimas-noticias","tag-ultimasnoticias","tag-volodymyr-zelensky","tag-world","tag-world-news","tag-worldnews"],"share_on_mastodon":{"url":"","error":"Validation failed: Text character limit of 500 exceeded"},"_links":{"self":[{"href":"https:\/\/www.europesays.com\/pt\/wp-json\/wp\/v2\/posts\/504648","targetHints":{"allow":["GET"]}}],"collection":[{"href":"https:\/\/www.europesays.com\/pt\/wp-json\/wp\/v2\/posts"}],"about":[{"href":"https:\/\/www.europesays.com\/pt\/wp-json\/wp\/v2\/types\/post"}],"author":[{"embeddable":true,"href":"https:\/\/www.europesays.com\/pt\/wp-json\/wp\/v2\/users\/2"}],"replies":[{"embeddable":true,"href":"https:\/\/www.europesays.com\/pt\/wp-json\/wp\/v2\/comments?post=504648"}],"version-history":[{"count":0,"href":"https:\/\/www.europesays.com\/pt\/wp-json\/wp\/v2\/posts\/504648\/revisions"}],"wp:featuredmedia":[{"embeddable":true,"href":"https:\/\/www.europesays.com\/pt\/wp-json\/wp\/v2\/media\/504649"}],"wp:attachment":[{"href":"https:\/\/www.europesays.com\/pt\/wp-json\/wp\/v2\/media?parent=504648"}],"wp:term":[{"taxonomy":"category","embeddable":true,"href":"https:\/\/www.europesays.com\/pt\/wp-json\/wp\/v2\/categories?post=504648"},{"taxonomy":"post_tag","embeddable":true,"href":"https:\/\/www.europesays.com\/pt\/wp-json\/wp\/v2\/tags?post=504648"}],"curies":[{"name":"wp","href":"https:\/\/api.w.org\/{rel}","templated":true}]}}