{"id":504658,"date":"2026-08-29T15:32:14","date_gmt":"2026-08-29T15:32:14","guid":{"rendered":"https:\/\/www.europesays.com\/pt\/504658\/"},"modified":"2026-08-29T15:32:14","modified_gmt":"2026-08-29T15:32:14","slug":"faqueiro-de-ouro-de-d-joao-v-obra-prima-da-ourivesaria-portuguesa-possivel-tesouro-real-com-ouro-do-brasil","status":"publish","type":"post","link":"https:\/\/www.europesays.com\/pt\/504658\/","title":{"rendered":"Faqueiro de ouro de D. Jo\u00e3o V: obra-prima da ourivesaria portuguesa, poss\u00edvel tesouro real com ouro do Brasil"},"content":{"rendered":"<p>O historiador Hugo Miguel Crespo e o antiqu\u00e1rio e colecionador M\u00e1rio Roque (junto ao faqueiro) Foto: Paulo Spranger<\/p>\n<p><a class=\"arrow-component arr--section-name\" aria-label=\"section-name\" href=\"https:\/\/www.dn.pt\/cultura\" rel=\"nofollow noopener\" target=\"_blank\">Cultura<\/a><\/p>\n<p>Historiador Hugo Miguel Crespo coordenou &#8216;Magn\u00e2nimo &#8211; Um Faqueiro de Ouro para o Rei de Portugal&#8217;, livro em portugu\u00eas e ingl\u00eas da S\u00e3o Roque, no qual especialistas abordam a extraordin\u00e1ria pe\u00e7a. <\/p>\n<p>Publicado a:\u00a0<\/p>\n<p>29 Ago 2026, 10:19<\/p>\n<p>Atualizado a:\u00a0<\/p>\n<p>29 Ago 2026, 10:19<\/p>\n<p>Loading content, please wait&#8230;<\/p>\n","protected":false},"excerpt":{"rendered":"O historiador Hugo Miguel Crespo e o antiqu\u00e1rio e colecionador M\u00e1rio Roque (junto ao faqueiro) Foto: Paulo Spranger&hellip;\n","protected":false},"author":2,"featured_media":504659,"comment_status":"","ping_status":"","sticky":false,"template":"","format":"standard","meta":{"footnotes":"","_share_on_mastodon":"0"},"categories":[87],"tags":[80862,135,80863,18421,32,33,134],"class_list":["post-504658","post","type-post","status-publish","format-standard","has-post-thumbnail","category-desporto","tag-d-joao-v","tag-desporto","tag-faqueiro-em-ouro","tag-ourivesaria","tag-portugal","tag-pt","tag-sports"],"share_on_mastodon":{"url":"https:\/\/pubeurope.com\/@pt\/117179524575389852","error":""},"_links":{"self":[{"href":"https:\/\/www.europesays.com\/pt\/wp-json\/wp\/v2\/posts\/504658","targetHints":{"allow":["GET"]}}],"collection":[{"href":"https:\/\/www.europesays.com\/pt\/wp-json\/wp\/v2\/posts"}],"about":[{"href":"https:\/\/www.europesays.com\/pt\/wp-json\/wp\/v2\/types\/post"}],"author":[{"embeddable":true,"href":"https:\/\/www.europesays.com\/pt\/wp-json\/wp\/v2\/users\/2"}],"replies":[{"embeddable":true,"href":"https:\/\/www.europesays.com\/pt\/wp-json\/wp\/v2\/comments?post=504658"}],"version-history":[{"count":0,"href":"https:\/\/www.europesays.com\/pt\/wp-json\/wp\/v2\/posts\/504658\/revisions"}],"wp:featuredmedia":[{"embeddable":true,"href":"https:\/\/www.europesays.com\/pt\/wp-json\/wp\/v2\/media\/504659"}],"wp:attachment":[{"href":"https:\/\/www.europesays.com\/pt\/wp-json\/wp\/v2\/media?parent=504658"}],"wp:term":[{"taxonomy":"category","embeddable":true,"href":"https:\/\/www.europesays.com\/pt\/wp-json\/wp\/v2\/categories?post=504658"},{"taxonomy":"post_tag","embeddable":true,"href":"https:\/\/www.europesays.com\/pt\/wp-json\/wp\/v2\/tags?post=504658"}],"curies":[{"name":"wp","href":"https:\/\/api.w.org\/{rel}","templated":true}]}}