{"id":504664,"date":"2026-08-29T15:37:18","date_gmt":"2026-08-29T15:37:18","guid":{"rendered":"https:\/\/www.europesays.com\/pt\/504664\/"},"modified":"2026-08-29T15:37:18","modified_gmt":"2026-08-29T15:37:18","slug":"ataque-russo-a-armazem-na-regiao-de-kiev-faz-37-mortos","status":"publish","type":"post","link":"https:\/\/www.europesays.com\/pt\/504664\/","title":{"rendered":"Ataque russo a armaz\u00e9m na regi\u00e3o de Kiev faz 37 mortos"},"content":{"rendered":"<p>\n                Outras 42 pessoas ficaram tamb\u00e9m feridas e mais de 380 foram retiradas da zona atingida pelo ataque, no distrito de Bucha, anunciou Tymur Tkachenko, governador da regi\u00e3o de Kiev, no Telegram.<\/p>\n<p><b>O armaz\u00e9m situa-se numa zona residencial e continha armas e muni\u00e7\u00f5es. <\/b>A Procuradoria-Geral da Ucr\u00e2nia j\u00e1 anunciou a abertura de um inqu\u00e9rito por eventual &#8220;neglig\u00eancia&#8221; nas condi\u00e7\u00f5es de armazenamento do armaz\u00e9m.<br \/>&#13;\n<\/p>\n<p>          <img decoding=\"async\" itemprop=\"image\" class=\"img-fluid\"   src=\"https:\/\/www.europesays.com\/pt\/wp-content\/uploads\/2026\/08\/b7c40e3bf7f5fd02e906ff4b3b910e45_N.jpg\"\/><\/p>\n<p>\n<b>O presidente ucraniano, Volodymyr Zelensky, reiterou, numa mensagem no X, a proibi\u00e7\u00e3o de armazenar muni\u00e7\u00f5es &#8220;perto de casas ou outras \u00e1reas residenciais&#8221; e garantiu que ser\u00e3o retiradas \u201cas conclus\u00f5es apropriadas\u201d.<\/b><\/p>\n<p>&#8220;Aqueles que permitiram que isto acontecesse devem ser responsabilizados pelas suas decis\u00f5es&#8221;, escreveu Zelensky, acrescentando que j\u00e1 foram instaurados processos criminais por neglig\u00eancia oficial.<br \/>&#13;\n<\/p>\n<blockquote class=\"twitter-tweet\"><p>&#13;<\/p>\n<p dir=\"ltr\" lang=\"en\">&#13;<br \/>\n\tSince last evening, efforts have been underway in the village of Myla near Kyiv to deal with the aftermath of a Russian drone strike. On-site coordination centers have been set up to assist people. All necessary services are deployed. State Emergency Service units are on the\u2026 <a href=\"https:\/\/t.co\/mQU2DHZYU7\" rel=\"nofollow\">pic.twitter.com\/mQU2DHZYU7<\/a>&#13;\n\t<\/p>\n<p>&#13;<br \/>\n\t\u2014 Volodymyr Zelenskyy \/ \u0412\u043e\u043b\u043e\u0434\u0438\u043c\u0438\u0440 \u0417\u0435\u043b\u0435\u043d\u0441\u044c\u043a\u0438\u0439 (@ZelenskyyUa) <a href=\"https:\/\/x.com\/ZelenskyyUa\/status\/2093623358508130563?ref_src=twsrc%5Etfw\" rel=\"nofollow\">August 29, 2026<\/a>&#13;\n<\/p><\/blockquote>\n<p>&#13;<br \/>\nO primeiro-ministro Sergei Koretsky lamentou que as li\u00e7\u00f5es n\u00e3o tenham sido aprendidas ap\u00f3s o ataque mortal ocorrido em julho contra um dep\u00f3sito de muni\u00e7\u00f5es na cidade de Vyshneve, perto de Kiev.<br \/>&#13;<br \/>\n<b><br \/>&#13;<br \/>\n&#8220;Repetir os mesmos erros vezes sem conta, no quinto ano desta invas\u00e3o em grande escala, constitui neglig\u00eancia criminosa&#8221;, declarou Koretsky, tamb\u00e9m no Telegram, acrescentando que &#8220;todos os respons\u00e1veis, sem exce\u00e7\u00e3o, devem ser severamente punidos para que tais situa\u00e7\u00f5es nunca se repitam&#8221;.<\/b><br \/>&#13;\n<\/p>\n<p>&#13;<br \/>\nO ataque ocorreu ap\u00f3s dois dias de frequentes ataques com drones contra Kiev e a regi\u00e3o circundante, danificando v\u00e1rios armaz\u00e9ns e habita\u00e7\u00f5es.&#13;\n<\/p>\n<p><b><br \/>&#13;<br \/>\nSegundo Zelensky, foram registados outros ataques durante a noite em v\u00e1rias cidades ucranianas. No total, foram intercetados mais de 260 drones <\/b><\/p>\n<p>\u201cKiev est\u00e1 sob ataque praticamente ininterrupto de drones. A Ucr\u00e2nia n\u00e3o pode ser deixada sozinha na procura de solu\u00e7\u00f5es para se defender contra tais ataques, e agrade\u00e7o a todos os que est\u00e3o a ajudar com pacotes de apoio adicionais e medidas de san\u00e7\u00f5es contra a R\u00fassia\u201d, escreveu Zelensky.<\/p>\n<p>c\/ag\u00eancias&#13;\n            <\/p>\n<p><script async src=\"https:\/\/platform.twitter.com\/widgets.js\" charset=\"utf-8\"><\/script><\/p>\n","protected":false},"excerpt":{"rendered":"Outras 42 pessoas ficaram tamb\u00e9m feridas e mais de 380 foram retiradas da zona atingida pelo ataque, no&hellip;\n","protected":false},"author":2,"featured_media":504665,"comment_status":"","ping_status":"","sticky":false,"template":"","format":"standard","meta":{"footnotes":"","_share_on_mastodon":"0"},"categories":[50],"tags":[27,28,15,16,14,4167,25,26,21,22,62,12,13,19,20,23,24,839,17,18,840,29,30,31,63,64,65],"class_list":["post-504664","post","type-post","status-publish","format-standard","has-post-thumbnail","category-mundo","tag-breaking-news","tag-breakingnews","tag-featured-news","tag-featurednews","tag-headlines","tag-kiev","tag-latest-news","tag-latestnews","tag-main-news","tag-mainnews","tag-mundo","tag-news","tag-noticias","tag-noticias-principais","tag-noticiasprincipais","tag-principais-noticias","tag-principaisnoticias","tag-russia","tag-top-stories","tag-topstories","tag-ucrania","tag-ultimas","tag-ultimas-noticias","tag-ultimasnoticias","tag-world","tag-world-news","tag-worldnews"],"share_on_mastodon":{"url":"https:\/\/pubeurope.com\/@pt\/117179544596695164","error":""},"_links":{"self":[{"href":"https:\/\/www.europesays.com\/pt\/wp-json\/wp\/v2\/posts\/504664","targetHints":{"allow":["GET"]}}],"collection":[{"href":"https:\/\/www.europesays.com\/pt\/wp-json\/wp\/v2\/posts"}],"about":[{"href":"https:\/\/www.europesays.com\/pt\/wp-json\/wp\/v2\/types\/post"}],"author":[{"embeddable":true,"href":"https:\/\/www.europesays.com\/pt\/wp-json\/wp\/v2\/users\/2"}],"replies":[{"embeddable":true,"href":"https:\/\/www.europesays.com\/pt\/wp-json\/wp\/v2\/comments?post=504664"}],"version-history":[{"count":0,"href":"https:\/\/www.europesays.com\/pt\/wp-json\/wp\/v2\/posts\/504664\/revisions"}],"wp:featuredmedia":[{"embeddable":true,"href":"https:\/\/www.europesays.com\/pt\/wp-json\/wp\/v2\/media\/504665"}],"wp:attachment":[{"href":"https:\/\/www.europesays.com\/pt\/wp-json\/wp\/v2\/media?parent=504664"}],"wp:term":[{"taxonomy":"category","embeddable":true,"href":"https:\/\/www.europesays.com\/pt\/wp-json\/wp\/v2\/categories?post=504664"},{"taxonomy":"post_tag","embeddable":true,"href":"https:\/\/www.europesays.com\/pt\/wp-json\/wp\/v2\/tags?post=504664"}],"curies":[{"name":"wp","href":"https:\/\/api.w.org\/{rel}","templated":true}]}}