{"id":50467,"date":"2025-08-29T17:31:36","date_gmt":"2025-08-29T17:31:36","guid":{"rendered":"https:\/\/www.europesays.com\/pt\/50467\/"},"modified":"2025-08-29T17:31:36","modified_gmt":"2025-08-29T17:31:36","slug":"tap-registou-prejuizo-de-707-milhoes-no-primeiro-semestre-observador","status":"publish","type":"post","link":"https:\/\/www.europesays.com\/pt\/50467\/","title":{"rendered":"TAP registou preju\u00edzo de 70,7 milh\u00f5es no primeiro semestre \u2013 Observador"},"content":{"rendered":"<p>A TAP registou um resultado l\u00edquido negativo de 70,7 milh\u00f5es de euros at\u00e9 junho, o que compara com perdas de 24,8 milh\u00f5es de euros no mesmo per\u00edodo do ano passado. J\u00e1 no segundo trimestre, a companhia obteve um lucro de 37,5 milh\u00f5es de euros, uma queda de 42,5% face ao mesmo trimestre de 2024.<\/p>\n<p>A transportadora reconhece em comunicado que o lucro dos \u00faltimos tr\u00eas meses n\u00e3o foi suficiente para <a href=\"https:\/\/observador.pt\/2025\/05\/23\/tap-agrava-prejuizos-para-108-milhoes-num-primeiro-trimestre-desafiante-com-greve-na-pga-e-mais-concorrencia\/\" rel=\"nofollow noopener\" target=\"_blank\">compensar as perdas geradas<\/a> no arranque deste ano e destaca como fatores negativos perdas cambiais de 42,5 milh\u00f5es de euros resultantes da desvaloriza\u00e7\u00e3o do d\u00f3lar, moeda na qual a TAP recebe v\u00e1rias receitas. J\u00e1 no que toca ao capital pr\u00f3prio e outras reservas, a queda do d\u00f3lar teve um efeito positivo de 261 milh\u00f5es de euros, na medida em que reduziu os encargos da companhia que s\u00e3o pagos nesta moeda.<\/p>\n<blockquote class=\"wp-embedded-content\" data-secret=\"rD46cRWpQi\">\n<p><a href=\"https:\/\/observador.pt\/2025\/05\/23\/tap-agrava-prejuizos-para-108-milhoes-num-primeiro-trimestre-desafiante-com-greve-na-pga-e-mais-concorrencia\/\" rel=\"nofollow noopener\" target=\"_blank\">TAP agrava preju\u00edzos para 108 milh\u00f5es num primeiro trimestre \u201cdesafiante\u201d devido a greve na PGA e mais concorr\u00eancia<\/a><\/p>\n<\/blockquote>\n<p>A margem bruta (EBITDA) da TAP caiu 18,3% nos primeiros seis meses para 259,2 milh\u00f5es de euros. O resultado operacional atingiu os 17,3 milh\u00f5es de euros, um recuo de 84,5% face a 2024. Focando apenas no segundo trimestre, o EBITDA teve uma \u201credu\u00e7\u00e3o ligeira de 4 milh\u00f5es de euros\u201d para 256,3 milh\u00f5es de euros e o resultado operacional foi de 136,5 milh\u00f5es de euros.<\/p>\n<p>As receitas operacionais da companhia ca\u00edram 1% no primeiro semestre para 1.955,2 milh\u00f5es de euros, apesar da recupera\u00e7\u00e3o sentida no segundo trimestre que beneficiou do efeito calend\u00e1rio da P\u00e1scoa. Neste trimestre, o volume de neg\u00f3cios cresceu 1,7%, impulsionado pelo acr\u00e9scimo de 3,1% nas receitas com os passageiros e com a subida do load factor (ocupa\u00e7\u00e3o do avi\u00e3o) e do refor\u00e7o da capacidade.<\/p>\n<p>O PRASK, que mede a receita por passageiro, encolheu 2,8% no primeiro semestre, enquanto o CASK (custo por lugar oferecido), subiu 1,6%. A TAP admite que a press\u00e3o concorrencial nos principais mercados dever\u00e1 manter-se, continuando a condicionar a evolu\u00e7\u00e3o das receitas unit\u00e1rias, mas destaca que as reservas est\u00e3o em linha com as registadas no ano anterior, apesar do aumento da capacidade e da tend\u00eancia para janelas de reserva mais curtas<\/p>\n<p>Ainda no segundo trimestre, as receitas da manuten\u00e7\u00e3o baixaram 17%, com a atividade condicionada por constrangimentos nas cadeias de fornecimento, enquanto na carga a fatura\u00e7\u00e3o subiu 7,9%.<\/p>\n<p>No coment\u00e1rio aos resultados, o presidente executivo da TAP, Lu\u00eds Rodrigues, considera que \u201cap\u00f3s um in\u00edcio de ano desafiante\u201d, a empresa teve uma performance positiva no segundo trimestre, com mais opera\u00e7\u00f5es e mais receitas. \u201cEsta din\u00e2mica traduziu-se em resultados operacionais s\u00f3lidos, contribuindo para compensar parcialmente o impacto dos eventos extraordin\u00e1rios ocorridos no primeiro trimestre e refor\u00e7ando tanto a resili\u00eancia das nossas equipas como a robustez da nossa rede\u201d<\/p>\n<p>No entanto, ressalva que a TAP continua a \u201coperar num ambiente altamente competitivo, com press\u00e3o sobre as receitas unit\u00e1rias e desafios operacionais persistentes \u2014 afetando particularmente a pontualidade. Ainda assim, regist\u00e1mos uma melhoria hom\u00f3loga da regularidade durante o trimestre\u201d. E alerta que este \u00e9 \u201cum dos ver\u00f5es operacionalmente mais dif\u00edceis do passado recente, com constrangimentos severos no controlo de fronteiras nos aeroportos nacionais, impactando significativamente a nossa atividade\u201d. Mas sublinha que a TAP mant\u00e9m \u201co foco em garantir uma opera\u00e7\u00e3o fi\u00e1vel, trabalhando no progresso do ecossistema da avia\u00e7\u00e3o nacional\u201d.<\/p>\n<p>A empresa transportou 7,9 milh\u00f5es de passageiros at\u00e9 junho, o que equivale a uma subida de 2,2% face ao mesmo per\u00edodo de 2024, tendo mantido uma oferta est\u00e1vel no n\u00famero de voos, mas com uma subida da capacidade de 2,3% face ao mesmo per\u00edodo de 2024.<\/p>\n<p>No terceiro trimestre, a TAP lan\u00e7ou novas rotas e retomou outras sazonais \u2014 Alicante, Ibiza, Menorca e Palma de Maiorca, para al\u00e9m do regresso do voo Lisboa \u2014 Porto Alegre. Foram lan\u00e7adas liga\u00e7\u00f5es entre Lisboa \u2014 Terceira \u2014S\u00e3o Francisco, Lisboa \u2014 Los Angeles, Porto \u2014 Boston e Faro \u2014 Funchal. A frota operacional manteve-se nas 99 aeronaves. 71% da frota de m\u00e9dio e longo cusro j\u00e1 \u00e9 composta por aeronaves mais recentes da fam\u00edlia NEO.<\/p>\n<p>O Governo aprovou o decreto lei para a privatiza\u00e7\u00e3o de 49,9% da TAP este ver\u00e3o, mas ainda falta conhecer o caderno de encargos da opera\u00e7\u00e3o.<\/p>\n<p><strong>[Meses depois de confessar o crime, o assassino de Sartawi \u00e9 finalmente julgado. Mas, numa reviravolta, o terrorista do quarto 507 garante que \u00e9 inocente. Como vai tudo acabar?\u00a0<a href=\"https:\/\/observador.pt\/programas\/1983-portugal-queima-roupa\/episodio-6-era-tudo-mentira\/\" target=\"_blank\" rel=\"noopener ugc nofollow\">\u201c1983: Portugal \u00e0 Queima-Roupa\u201d<\/a>\u00a0\u00e9 a hist\u00f3ria do ano em que dois grupos terroristas internacionais atacaram em Portugal. Ou\u00e7a\u00a0no site do Observador o\u00a0<a href=\"https:\/\/observador.pt\/programas\/1983-portugal-queima-roupa\/episodio-6-era-tudo-mentira\/\" rel=\"nofollow noopener\" target=\"_blank\">sexto e \u00faltimo epis\u00f3dio<\/a>\u00a0deste Podcast Plus narrado pela atriz Victoria Guerra, com banda sonora original dos Linda Martini. Tamb\u00e9m o pode escutar na\u00a0<a href=\"https:\/\/podcasts.apple.com\/pt\/podcast\/epis%C3%B3dio-6-era-tudo-mentira\/id1826483822?i=1000723443500\" rel=\"nofollow noopener\" target=\"_blank\">Apple Podcasts<\/a>, no\u00a0<a href=\"https:\/\/open.spotify.com\/episode\/3iGZ6Xl7IKUn92inrQg8zS?si=e6387278a6d84acf\" rel=\"nofollow noopener\" target=\"_blank\">Spotify<\/a>\u00a0e no\u00a0<a href=\"https:\/\/music.youtube.com\/watch?v=qyeI56f3Cbo&amp;si=8yvXJwdjHFRvGETg\" rel=\"nofollow noopener\" target=\"_blank\">YoutubeMusic<\/a>. E ou\u00e7a o primeiro epis\u00f3dio\u00a0<a href=\"https:\/\/observador.pt\/programas\/1983-portugal-queima-roupa\/estreia-1983-portugal-a-queima-roupa-episodio-1-um-corpo-no-lobby-do-hotel\/\" target=\"_blank\" rel=\"noopener ugc nofollow\">aqui<\/a>, o segundo\u00a0<a href=\"https:\/\/observador.pt\/programas\/1983-portugal-queima-roupa\/episodio-2-o-terrorista-do-quarto-507\/\" target=\"_blank\" rel=\"noopener ugc nofollow\">aqui<\/a>, o terceiro\u00a0<a href=\"https:\/\/observador.pt\/programas\/1983-portugal-queima-roupa\/episodio-3-ataque-a-embaixada\/\" target=\"_blank\" rel=\"noopener ugc nofollow\">aqui<\/a>, o quarto\u00a0<a href=\"https:\/\/observador.pt\/programas\/1983-portugal-queima-roupa\/episodio-4-o-primeiro-andar-explodiu\/\" target=\"_blank\" rel=\"noopener ugc nofollow\">aqui<\/a>\u00a0e o quinto epis\u00f3dio\u00a0<a href=\"https:\/\/observador.pt\/programas\/1983-portugal-queima-roupa\/episodio-5-a-primeira-missao-da-superpolicia\/\" rel=\"nofollow noopener\" target=\"_blank\">aqui<\/a>]<\/strong><a href=\"https:\/\/observador.pt\/programas\/1983-portugal-queima-roupa\/episodio-6-era-tudo-mentira\/\" rel=\"nofollow noopener\" target=\"_blank\"><\/p>\n<p>        <img src=\"https:\/\/www.europesays.com\/pt\/wp-content\/uploads\/2025\/08\/1756480678_829_1983-capa-com-playjpg.jpeg\" alt=\"\" loading=\"lazy\" decoding=\"async\" class=\"alignnone\" onload=\"this.parentElement.classList.remove('spinner')\" onerror=\"this.parentElement.classList.remove('spinner')\" width=\"770\" height=\"433\"\/>    <\/p>\n<p><\/a><\/p>\n","protected":false},"excerpt":{"rendered":"A TAP registou um resultado l\u00edquido negativo de 70,7 milh\u00f5es de euros at\u00e9 junho, o que compara com&hellip;\n","protected":false},"author":2,"featured_media":50468,"comment_status":"","ping_status":"","sticky":false,"template":"","format":"standard","meta":{"footnotes":""},"categories":[83],"tags":[88,476,89,90,32,33,1365],"class_list":{"0":"post-50467","1":"post","2":"type-post","3":"status-publish","4":"format-standard","5":"has-post-thumbnail","7":"category-empresas","8":"tag-business","9":"tag-economia","10":"tag-economy","11":"tag-empresas","12":"tag-portugal","13":"tag-pt","14":"tag-tap"},"share_on_mastodon":{"url":"","error":""},"_links":{"self":[{"href":"https:\/\/www.europesays.com\/pt\/wp-json\/wp\/v2\/posts\/50467","targetHints":{"allow":["GET"]}}],"collection":[{"href":"https:\/\/www.europesays.com\/pt\/wp-json\/wp\/v2\/posts"}],"about":[{"href":"https:\/\/www.europesays.com\/pt\/wp-json\/wp\/v2\/types\/post"}],"author":[{"embeddable":true,"href":"https:\/\/www.europesays.com\/pt\/wp-json\/wp\/v2\/users\/2"}],"replies":[{"embeddable":true,"href":"https:\/\/www.europesays.com\/pt\/wp-json\/wp\/v2\/comments?post=50467"}],"version-history":[{"count":0,"href":"https:\/\/www.europesays.com\/pt\/wp-json\/wp\/v2\/posts\/50467\/revisions"}],"wp:featuredmedia":[{"embeddable":true,"href":"https:\/\/www.europesays.com\/pt\/wp-json\/wp\/v2\/media\/50468"}],"wp:attachment":[{"href":"https:\/\/www.europesays.com\/pt\/wp-json\/wp\/v2\/media?parent=50467"}],"wp:term":[{"taxonomy":"category","embeddable":true,"href":"https:\/\/www.europesays.com\/pt\/wp-json\/wp\/v2\/categories?post=50467"},{"taxonomy":"post_tag","embeddable":true,"href":"https:\/\/www.europesays.com\/pt\/wp-json\/wp\/v2\/tags?post=50467"}],"curies":[{"name":"wp","href":"https:\/\/api.w.org\/{rel}","templated":true}]}}