{"id":50473,"date":"2025-08-29T17:39:12","date_gmt":"2025-08-29T17:39:12","guid":{"rendered":"https:\/\/www.europesays.com\/pt\/50473\/"},"modified":"2025-08-29T17:39:12","modified_gmt":"2025-08-29T17:39:12","slug":"vem-ai-em-a-fazenda-julia-descobre-o-resultado-do-teste-de-adn-e-nao-e-o-esperado-novelas","status":"publish","type":"post","link":"https:\/\/www.europesays.com\/pt\/50473\/","title":{"rendered":"Vem a\u00ed em \u00abA Fazenda\u00bb: J\u00falia descobre o resultado do teste de ADN&#8230; e n\u00e3o \u00e9 o esperado &#8211; Novelas"},"content":{"rendered":"<p>Em <a href=\"https:\/\/tvi.iol.pt\/novelas\/programa\/a-fazenda\/672c9278d34e94b82907283d\" rel=\"nofollow noopener\" target=\"_blank\">\u00abA Fazenda\u00bb<\/a>, o carteiro entrega a correspond\u00eancia no lodge. Ary (Isaac Alfaiate) lastima-se a Zulmira (Helena Isabel) de achar que <a href=\"https:\/\/tvi.iol.pt\/novelas\/search?pagina=1&amp;pesquisa=joao+jesus\" rel=\"nofollow noopener\" target=\"_blank\">Joel (Jo\u00e3o Jesus)<\/a> nunca o vai perdoar por ele n\u00e3o ter acreditado que n\u00e3o tinha sido ele a raptar Duarte (Cl\u00e1udio Castro). Joel passa sem falar a nenhum deles, deixando Ary desolado.<\/p>\n<p>J\u00falia (Kelly Bailey) retira a carta da cl\u00ednica que chegou para ela. J\u00falia olha hesitante para a carta, a ganhar coragem para abri-la. Guarda-a rapidamente quando v\u00ea Zulmira, que est\u00e1 muito desapontada por Joel n\u00e3o falar a Ary. <a href=\"https:\/\/tvi.iol.pt\/novelas\/search?pagina=1&amp;pesquisa=ines+aguiar\" rel=\"nofollow noopener\" target=\"_blank\">Mafalda (In\u00eas Aguiar)<\/a>\u00a0conforta <a href=\"https:\/\/tvi.iol.pt\/novelas\/search?pagina=1&amp;pesquisa=margarida+corceiro\" rel=\"nofollow noopener\" target=\"_blank\">Eva (Margarida Corceiro)<\/a>, que assume ter-se portado muito mal com Joel por n\u00e3o ter acreditado que n\u00e3o tinha sido ele a raptar <a href=\"https:\/\/tvi.iol.pt\/novelas\/search?pagina=1&amp;pesquisa=claudio+castro\" rel=\"nofollow noopener\" target=\"_blank\">Duarte (Cl\u00e1udio de Castro)<\/a>, e aproveitou aquilo para reatar com <a href=\"https:\/\/tvi.iol.pt\/novelas\/search?pagina=1&amp;pesquisa=evandro+gomes\" rel=\"nofollow noopener\" target=\"_blank\">Talu (Evandro Gomes)<\/a>.<\/p>\n<p>J\u00falia diz ansiosa \u00e0s irm\u00e3s j\u00e1 ter o resultado do exame de Ary com o seu beb\u00e9. J\u00falia n\u00e3o consegue ver o resultado do teste, muito receosa com o que vai encontrar.<\/p>\n<p>Mafalda agarra pragm\u00e1tica no envelope, mas Eva e J\u00falia travam-na a dizer que tem de ser J\u00falia a fazer aquilo. J\u00falia come\u00e7a a ler o documento e diz desolada \u00e0s irm\u00e3s que o pai do seu beb\u00e9 \u00e9 Alex (Rodrigo Tom\u00e1s).<\/p>\n<p>J\u00falia diz abalada que n\u00e3o queria que o seu beb\u00e9 fosse de Alex e Mafalda indica-lhe que ainda vai a tempo de interromper a gravidez. J\u00falia diz que o pr\u00f3ximo passo \u00e9 avisar Alex que est\u00e1 gr\u00e1vida dele.<\/p>\n","protected":false},"excerpt":{"rendered":"Em \u00abA Fazenda\u00bb, o carteiro entrega a correspond\u00eancia no lodge. Ary (Isaac Alfaiate) lastima-se a Zulmira (Helena Isabel)&hellip;\n","protected":false},"author":2,"featured_media":50474,"comment_status":"","ping_status":"","sticky":false,"template":"","format":"standard","meta":{"footnotes":""},"categories":[142],"tags":[657,2912,160,2414,166,114,115,722,157,167,720,2412,164,2413,2411,719,161,158,165,159,32,33,156,2911,163,151,162],"class_list":{"0":"post-50473","1":"post","2":"type-post","3":"status-publish","4":"format-standard","5":"has-post-thumbnail","7":"category-tv","8":"tag-a-fazenda","9":"tag-alex","10":"tag-ana-guiomar","11":"tag-ary","12":"tag-cristina-ferreira","13":"tag-entertainment","14":"tag-entretenimento","15":"tag-eva","16":"tag-festa-e-festa","17":"tag-ficcao","18":"tag-ines-aguiar","19":"tag-isaac-alfaiate","20":"tag-jose-fidalgo","21":"tag-julia","22":"tag-kelly-bailey","23":"tag-margarida-corceiro","24":"tag-novelas","25":"tag-para-sempre","26":"tag-pedro-sousa","27":"tag-pedro-teixeira","28":"tag-portugal","29":"tag-pt","30":"tag-queridos-papas","31":"tag-rodrigo-tomas","32":"tag-tiago-teotonio-pereira","33":"tag-tv","34":"tag-tvi"},"share_on_mastodon":{"url":"","error":""},"_links":{"self":[{"href":"https:\/\/www.europesays.com\/pt\/wp-json\/wp\/v2\/posts\/50473","targetHints":{"allow":["GET"]}}],"collection":[{"href":"https:\/\/www.europesays.com\/pt\/wp-json\/wp\/v2\/posts"}],"about":[{"href":"https:\/\/www.europesays.com\/pt\/wp-json\/wp\/v2\/types\/post"}],"author":[{"embeddable":true,"href":"https:\/\/www.europesays.com\/pt\/wp-json\/wp\/v2\/users\/2"}],"replies":[{"embeddable":true,"href":"https:\/\/www.europesays.com\/pt\/wp-json\/wp\/v2\/comments?post=50473"}],"version-history":[{"count":0,"href":"https:\/\/www.europesays.com\/pt\/wp-json\/wp\/v2\/posts\/50473\/revisions"}],"wp:featuredmedia":[{"embeddable":true,"href":"https:\/\/www.europesays.com\/pt\/wp-json\/wp\/v2\/media\/50474"}],"wp:attachment":[{"href":"https:\/\/www.europesays.com\/pt\/wp-json\/wp\/v2\/media?parent=50473"}],"wp:term":[{"taxonomy":"category","embeddable":true,"href":"https:\/\/www.europesays.com\/pt\/wp-json\/wp\/v2\/categories?post=50473"},{"taxonomy":"post_tag","embeddable":true,"href":"https:\/\/www.europesays.com\/pt\/wp-json\/wp\/v2\/tags?post=50473"}],"curies":[{"name":"wp","href":"https:\/\/api.w.org\/{rel}","templated":true}]}}