{"id":5048,"date":"2025-07-28T09:02:11","date_gmt":"2025-07-28T09:02:11","guid":{"rendered":"https:\/\/www.europesays.com\/pt\/5048\/"},"modified":"2025-07-28T09:02:11","modified_gmt":"2025-07-28T09:02:11","slug":"o-preco-absurdo-do-segundo-pao-diz-muito-sobre-a-russia-putin-pediu-ajuda","status":"publish","type":"post","link":"https:\/\/www.europesays.com\/pt\/5048\/","title":{"rendered":"O pre\u00e7o absurdo do &#8220;segundo p\u00e3o&#8221; diz muito sobre a R\u00fassia. Putin pediu ajuda"},"content":{"rendered":"<p class=\"wp-caption-text top\">Kremlin<\/p>\n<p><img decoding=\"async\" loading=\"lazy\" class=\"wp-image-679918 size-kopa-image-size-3\" src=\"https:\/\/www.europesays.com\/pt\/wp-content\/uploads\/2025\/07\/400f02fce510d95209e599c0f3aaac7b-783x450.jpg\" alt=\"\" width=\"700\" height=\"402\"  \/><\/p>\n<p><strong>Salada russa sem batata: est\u00e1 muito cara, por v\u00e1rias raz\u00f5es.<\/strong><\/p>\n<p>A subida acentuada do pre\u00e7o das <strong>batatas<\/strong> na R\u00fassia \u00e9 um s\u00edmbolo das dificuldades econ\u00f3micas do pa\u00eds liderado por Vladimir Putin, aponta o <a href=\"https:\/\/www.telegraph.co.uk\/business\/2025\/07\/07\/russian-potato-shortage-shows-putins-economy-is-on-brink\/\" data-wpel-link=\"external\" target=\"_blank\" rel=\"nofollow external noopener noreferrer\" class=\"ext-link\">The Telegraph<\/a>.<\/p>\n<p>O elemento b\u00e1sico, conhecido tradicionalmente como um \u201csegundo p\u00e3o\u201d na na\u00e7\u00e3o, registou um <strong>aumento de pre\u00e7o de 167% no \u00faltimo ano<\/strong> \u2014 subiu mais do que qualquer outro alimento.<\/p>\n<p>Economistas notam cada vez mais que, quando as fam\u00edlias enfrentam dificuldades financeiras, tendem a comprar mais batatas devido ao seu baixo custo, mas que a atual escassez est\u00e1 a tornar este conforto cada vez menos acess\u00edvel.<\/p>\n<p>A escassez \u00e9 atribu\u00edda a <strong>v\u00e1rios fatores<\/strong>: m\u00e1s colheitas, redu\u00e7\u00e3o da \u00e1rea de cultivo, aumento dos custos de produ\u00e7\u00e3o e restri\u00e7\u00f5es \u00e0s importa\u00e7\u00f5es \u2014 especialmente de pa\u00edses da Uni\u00e3o Europeia.<\/p>\n<p>Putin reconheceu o problema em maio e confessou que <strong>pediu ajuda \u00e0 Bielorr\u00fassia<\/strong>, embora tenha sido informado de que os stocks de batata bielorrussos j\u00e1 tinham sido vendidos \u00e0 R\u00fassia. A Bielorr\u00fassia, ali\u00e1s, enfrenta a mesma escassez, e imp\u00f4s entretanto uma proibi\u00e7\u00e3o tempor\u00e1ria \u00e0 exporta\u00e7\u00e3o de batatas, segundo o <a href=\"https:\/\/www.politico.eu\/article\/alexander-lukashenko-potato-outrage-regime-opponents-russia-farm-price-control\/\" data-wpel-link=\"external\" target=\"_blank\" rel=\"nofollow external noopener noreferrer\" class=\"ext-link\">Politico<\/a>.<\/p>\n<p>Em resposta \u00e0 crescente inquieta\u00e7\u00e3o p\u00fablica, o vice-presidente da Duma, Boris Chernyshov, citado pelo <a href=\"https:\/\/www.themoscowtimes.com\/2025\/05\/27\/putin-acknowledges-russias-potato-shortage-amid-record-price-increases-a89240\" data-wpel-link=\"external\" target=\"_blank\" rel=\"nofollow external noopener noreferrer\" class=\"ext-link\">The Moscow Times<\/a>, defendeu a imposi\u00e7\u00e3o tempor\u00e1ria de controlo estatal sobre os pre\u00e7os das batatas no retalho, uma vez que as flutua\u00e7\u00f5es de pre\u00e7os s\u00e3o um fardo nos or\u00e7amentos de milh\u00f5es de fam\u00edlias.<\/p>\n<p>    <a href=\"https:\/\/zap.aeiou.pt\/subscrever-newsletter\" data-wpel-link=\"internal\" rel=\"nofollow noopener\" target=\"_blank\">&#13;<br \/>\n        <img loading=\"lazy\" decoding=\"async\" class=\"aligncenter size-full wp-image-575475\" src=\"https:\/\/www.europesays.com\/pt\/wp-content\/uploads\/2025\/07\/1753561629_82_2d51fe4a0ba54894421ead1809309ed9-1-450x140.jpg\" alt=\"Subscreva a Newsletter ZAP\" width=\"450\" height=\"140\"\/>&#13;<br \/>\n    <\/a><\/p>\n<p>                <a href=\"https:\/\/whatsapp.com\/channel\/0029VaIC4EE2f3EJZPPSbR34\" data-wpel-link=\"external\" target=\"_blank\" rel=\"nofollow external noopener noreferrer\" class=\"ext-link\">&#13;<br \/>\n                    <img loading=\"lazy\" decoding=\"async\" class=\"aligncenter size-full wp-image-575475\" src=\"https:\/\/www.europesays.com\/pt\/wp-content\/uploads\/2025\/07\/1753561629_441_c68c559d956d4ca20f435ed74a6e71e6.png\" alt=\"Siga-nos no WhatsApp\" width=\"175\" height=\"64\"\/>&#13;<br \/>\n                <\/a><\/p>\n<p>                <a href=\"https:\/\/news.google.com\/publications\/CAAiEHRwZondIV71PDjWNoqMduEqFAgKIhB0cGaJ3SFe9Tw41jaKjHbh?hl=en-US&amp;gl=US&amp;ceid=US%3Aen\" data-wpel-link=\"external\" target=\"_blank\" rel=\"nofollow external noopener noreferrer\" class=\"ext-link\">&#13;<br \/>\n                    <img loading=\"lazy\" decoding=\"async\" class=\"aligncenter size-full wp-image-575475\" src=\"https:\/\/www.europesays.com\/pt\/wp-content\/uploads\/2025\/07\/1753561630_988_5123dd8b087b644fdb8f8603acd1bad4.png\" alt=\"Siga-nos no Google News\" width=\"176\" height=\"64\"\/>&#13;<br \/>\n                <\/a><\/p>\n","protected":false},"excerpt":{"rendered":"Kremlin Salada russa sem batata: est\u00e1 muito cara, por v\u00e1rias raz\u00f5es. A subida acentuada do pre\u00e7o das batatas&hellip;\n","protected":false},"author":2,"featured_media":5049,"comment_status":"","ping_status":"","sticky":false,"template":"","format":"standard","meta":{"footnotes":""},"categories":[50],"tags":[562,2870,27,28,476,15,16,14,2871,1215,25,26,21,22,62,12,13,19,20,23,24,839,17,18,840,29,30,31,2415,63,64,65],"class_list":{"0":"post-5048","1":"post","2":"type-post","3":"status-publish","4":"format-standard","5":"has-post-thumbnail","7":"category-mundo","8":"tag-agricultura","9":"tag-bielorrussia","10":"tag-breaking-news","11":"tag-breakingnews","12":"tag-economia","13":"tag-featured-news","14":"tag-featurednews","15":"tag-headlines","16":"tag-importacoes","17":"tag-inflacao","18":"tag-latest-news","19":"tag-latestnews","20":"tag-main-news","21":"tag-mainnews","22":"tag-mundo","23":"tag-news","24":"tag-noticias","25":"tag-noticias-principais","26":"tag-noticiasprincipais","27":"tag-principais-noticias","28":"tag-principaisnoticias","29":"tag-russia","30":"tag-top-stories","31":"tag-topstories","32":"tag-ucrania","33":"tag-ultimas","34":"tag-ultimas-noticias","35":"tag-ultimasnoticias","36":"tag-vladimir-putin","37":"tag-world","38":"tag-world-news","39":"tag-worldnews"},"share_on_mastodon":{"url":"","error":""},"_links":{"self":[{"href":"https:\/\/www.europesays.com\/pt\/wp-json\/wp\/v2\/posts\/5048","targetHints":{"allow":["GET"]}}],"collection":[{"href":"https:\/\/www.europesays.com\/pt\/wp-json\/wp\/v2\/posts"}],"about":[{"href":"https:\/\/www.europesays.com\/pt\/wp-json\/wp\/v2\/types\/post"}],"author":[{"embeddable":true,"href":"https:\/\/www.europesays.com\/pt\/wp-json\/wp\/v2\/users\/2"}],"replies":[{"embeddable":true,"href":"https:\/\/www.europesays.com\/pt\/wp-json\/wp\/v2\/comments?post=5048"}],"version-history":[{"count":0,"href":"https:\/\/www.europesays.com\/pt\/wp-json\/wp\/v2\/posts\/5048\/revisions"}],"wp:featuredmedia":[{"embeddable":true,"href":"https:\/\/www.europesays.com\/pt\/wp-json\/wp\/v2\/media\/5049"}],"wp:attachment":[{"href":"https:\/\/www.europesays.com\/pt\/wp-json\/wp\/v2\/media?parent=5048"}],"wp:term":[{"taxonomy":"category","embeddable":true,"href":"https:\/\/www.europesays.com\/pt\/wp-json\/wp\/v2\/categories?post=5048"},{"taxonomy":"post_tag","embeddable":true,"href":"https:\/\/www.europesays.com\/pt\/wp-json\/wp\/v2\/tags?post=5048"}],"curies":[{"name":"wp","href":"https:\/\/api.w.org\/{rel}","templated":true}]}}