{"id":50483,"date":"2025-08-29T17:47:10","date_gmt":"2025-08-29T17:47:10","guid":{"rendered":"https:\/\/www.europesays.com\/pt\/50483\/"},"modified":"2025-08-29T17:47:10","modified_gmt":"2025-08-29T17:47:10","slug":"donald-trump-retira-proteccao-dos-servicos-secretos-a-kamala-harris-eua","status":"publish","type":"post","link":"https:\/\/www.europesays.com\/pt\/50483\/","title":{"rendered":"Donald Trump retira protec\u00e7\u00e3o dos servi\u00e7os secretos a Kamala Harris | EUA"},"content":{"rendered":"<p>O Presidente norte-americano <a href=\"https:\/\/www.publico.pt\/2025\/08\/29\/mundo\/noticia\/governo-trump-anuncia-venda-armamento-ucrania-706-milhoes-euros-2145335?ref=eua&amp;cx=page__content\" rel=\"nofollow noopener\" target=\"_blank\">Donald Trump<\/a> retirou a protec\u00e7\u00e3o dos servi\u00e7os secretos \u00e0 <a href=\"https:\/\/www.publico.pt\/2025\/07\/31\/mundo\/noticia\/kamala-harris-afasta-interesse-concorrer-cargo-governadora-california-2142403\" rel=\"nofollow noopener\" target=\"_blank\">ex-vice-presidente Kamala Harris<\/a>. Segundo noticiaram meios de comunica\u00e7\u00e3o como o New York Times (NYT) e a BBC, Trump assinou uma ordem que revoga os servi\u00e7os de seguran\u00e7a atribu\u00eddos \u00e0 sua advers\u00e1ria democrata na corrida \u00e0 Casa Branca j\u00e1 a partir da pr\u00f3xima segunda-feira, 1 de Setembro.<\/p>\n<p>O NYT explica que os servi\u00e7os secretos geralmente garantem protec\u00e7\u00e3o a um ex-vice-presidente at\u00e9 seis meses ap\u00f3s a sa\u00edda do cargo, mas que, no caso de Kamala, o antecessor de Trump, Joe Biden, prorrogou esse prazo por um ano adicional.<\/p>\n<p>Sem essa extens\u00e3o de prazo, a protec\u00e7\u00e3o oficial a Harris, que ainda n\u00e3o revelou se pretende ou n\u00e3o concorrer \u00e0s elei\u00e7\u00f5es presidenciais de 2028, teria terminado a 21 Julho, refere o jornal norte-americano, citando duas pessoas familiarizadas com o acordo assinado por Biden.<\/p>\n<p>A BBC, que diz ter recebido confirma\u00e7\u00e3o da Casa Branca de que a protec\u00e7\u00e3o a Kamala Harris ser\u00e1 suspensa, cita o memorando assinado por Donald Trump, que instrui <a href=\"https:\/\/www.publico.pt\/2025\/06\/12\/mundo\/noticia\/administracao-trump-quer-libertar-los-angeles-socialistas-senador-detido-2136510\" rel=\"nofollow noopener\" target=\"_blank\">a secret\u00e1ria de Seguran\u00e7a Interna, Kristi Noem<\/a>, a \u201cdescontinuar quaisquer procedimentos relacionados \u00e0 seguran\u00e7a anteriormente autorizados pelo memorando executivo [de Joe Biden], al\u00e9m daqueles exigidos por lei\u201d.<\/p>\n<p>A emissora brit\u00e2nica salienta que esta mudan\u00e7a ocorre poucas semanas antes de a antiga candidata presidencial iniciar uma digress\u00e3o pelos Estados Unidos para promover o livro 107 Days, um livro de mem\u00f3rias precisamente sobre a sua campanha presidencial de 2024.<\/p>\n<p>Harris reagiu atrav\u00e9s de um comunicado da sua assessora, Kirsten Allen, onde se l\u00ea que \u201ca vice-presidente \u00e9 grata aos servi\u00e7os secretos dos Estados Unidos pelo seu profissionalismo, dedica\u00e7\u00e3o e compromisso inabal\u00e1vel com a seguran\u00e7a\u201d.<\/p>\n<p>Com base em testemunhos do pessoal a cargo da seguran\u00e7a de Kamala Harris, a CNN noticia que a ex-vice-presidente de Joe Biden enfrentou \u201cpreocupa\u00e7\u00f5es espec\u00edficas de seguran\u00e7a por ser a primeira mulher, e primeira mulher negra, a ocupar o cargo\u201d.<\/p>\n<p>Essas preocupa\u00e7\u00f5es ainda eram muito significativas em Janeiro, m\u00eas em que Trump tomou posse e em que as emo\u00e7\u00f5es da campanha eleitoral ainda estavam muito frescas. Com a ordem dada pela Casa Branca, Harris deixar\u00e1 de ter protec\u00e7\u00e3o 24 horas por dia e uma an\u00e1lise permanente de potenciais amea\u00e7as, incluindo a vigil\u00e2ncia dos seus emails, mensagens e redes sociais. A sua casa, em Los Angeles tamb\u00e9m deixar\u00e1 de ser protegida por agentes federais.<\/p>\n<p>O porta-voz de <a href=\"https:\/\/www.publico.pt\/2025\/06\/11\/mundo\/noticia\/gavin-newsom-california-primeira-nao-vai-acabar-aqui-2136348\" rel=\"nofollow noopener\" target=\"_blank\">Gavin Newsom<\/a>, governador da Calif\u00f3rnia, criticou a medida de Trump, mas n\u00e3o confirmou se as autoridades californianas ir\u00e3o garantir a Kamala Harris que continue a ter protec\u00e7\u00e3o especial.<\/p>\n<p>\u201cA seguran\u00e7a dos nossos funcion\u00e1rios p\u00fablicos nunca deve estar sujeita a impulsos pol\u00edticos err\u00e1ticos e vingativos\u201d, disse Bob Salladay, porta-voz de Newsom, \u00e0 CNN.<\/p>\n<p>Desde que assumiu o cargo, Trump suspendeu a protec\u00e7\u00e3o dos servi\u00e7os secretos a v\u00e1rias pessoas <a href=\"https:\/\/www.publico.pt\/2020\/06\/17\/mundo\/noticia\/trump-pede-tribunais-proibam-livro-john-bolton-passo-condenado-fracasso-1920906\" rel=\"nofollow noopener\" target=\"_blank\">com quem teve desentendimentos<\/a>, entre eles, o <a href=\"https:\/\/www.publico.pt\/2025\/08\/22\/mundo\/noticia\/fbi-conduz-buscas-casa-john-bolton-antigo-conselheiro-trump-tornado-critico-2144691\" rel=\"nofollow noopener\" target=\"_blank\">ex-conselheiro de seguran\u00e7a John Bolton,<\/a> o ex-secret\u00e1rio de Estado Mike Pompeo e o ex-assessor Brian Hook, apesar dos avisos de que estes homens enfrentavam amea\u00e7as cont\u00ednuas do Ir\u00e3o, frisa o NYT.<\/p>\n<p>Em Mar\u00e7o, o Presidente norte-americano tamb\u00e9m revogou a protec\u00e7\u00e3o federal dos filhos de Joe Biden, Hunter e Ashley.<\/p>\n","protected":false},"excerpt":{"rendered":"O Presidente norte-americano Donald Trump retirou a protec\u00e7\u00e3o dos servi\u00e7os secretos \u00e0 ex-vice-presidente Kamala Harris. Segundo noticiaram meios&hellip;\n","protected":false},"author":2,"featured_media":50484,"comment_status":"","ping_status":"","sticky":false,"template":"","format":"standard","meta":{"footnotes":""},"categories":[50],"tags":[27,28,5914,92,353,413,15,16,14,2958,25,26,21,22,62,12,13,19,20,23,24,17,18,29,30,31,63,64,65],"class_list":{"0":"post-50483","1":"post","2":"type-post","3":"status-publish","4":"format-standard","5":"has-post-thumbnail","7":"category-mundo","8":"tag-breaking-news","9":"tag-breakingnews","10":"tag-casa-branca","11":"tag-donald-trump","12":"tag-em-destaque","13":"tag-eua","14":"tag-featured-news","15":"tag-featurednews","16":"tag-headlines","17":"tag-kamala-harris","18":"tag-latest-news","19":"tag-latestnews","20":"tag-main-news","21":"tag-mainnews","22":"tag-mundo","23":"tag-news","24":"tag-noticias","25":"tag-noticias-principais","26":"tag-noticiasprincipais","27":"tag-principais-noticias","28":"tag-principaisnoticias","29":"tag-top-stories","30":"tag-topstories","31":"tag-ultimas","32":"tag-ultimas-noticias","33":"tag-ultimasnoticias","34":"tag-world","35":"tag-world-news","36":"tag-worldnews"},"share_on_mastodon":{"url":"","error":""},"_links":{"self":[{"href":"https:\/\/www.europesays.com\/pt\/wp-json\/wp\/v2\/posts\/50483","targetHints":{"allow":["GET"]}}],"collection":[{"href":"https:\/\/www.europesays.com\/pt\/wp-json\/wp\/v2\/posts"}],"about":[{"href":"https:\/\/www.europesays.com\/pt\/wp-json\/wp\/v2\/types\/post"}],"author":[{"embeddable":true,"href":"https:\/\/www.europesays.com\/pt\/wp-json\/wp\/v2\/users\/2"}],"replies":[{"embeddable":true,"href":"https:\/\/www.europesays.com\/pt\/wp-json\/wp\/v2\/comments?post=50483"}],"version-history":[{"count":0,"href":"https:\/\/www.europesays.com\/pt\/wp-json\/wp\/v2\/posts\/50483\/revisions"}],"wp:featuredmedia":[{"embeddable":true,"href":"https:\/\/www.europesays.com\/pt\/wp-json\/wp\/v2\/media\/50484"}],"wp:attachment":[{"href":"https:\/\/www.europesays.com\/pt\/wp-json\/wp\/v2\/media?parent=50483"}],"wp:term":[{"taxonomy":"category","embeddable":true,"href":"https:\/\/www.europesays.com\/pt\/wp-json\/wp\/v2\/categories?post=50483"},{"taxonomy":"post_tag","embeddable":true,"href":"https:\/\/www.europesays.com\/pt\/wp-json\/wp\/v2\/tags?post=50483"}],"curies":[{"name":"wp","href":"https:\/\/api.w.org\/{rel}","templated":true}]}}