{"id":504831,"date":"2026-08-29T19:00:10","date_gmt":"2026-08-29T19:00:10","guid":{"rendered":"https:\/\/www.europesays.com\/pt\/504831\/"},"modified":"2026-08-29T19:00:10","modified_gmt":"2026-08-29T19:00:10","slug":"ailton-krenak-a-arte-respira-mesmo-na-lama","status":"publish","type":"post","link":"https:\/\/www.europesays.com\/pt\/504831\/","title":{"rendered":"Ailton Krenak: &#8220;A arte respira mesmo na lama&#8221;"},"content":{"rendered":"<p><\/p>\n<p class=\"texto\">O tema do CURA 2026 \u00e9 \u201cDescansar enquanto\u201d. Em uma sociedade atravessada pelo excesso de est\u00edmulos e urg\u00eancias, o festival prop\u00f5e o descanso n\u00e3o como pausa, mas como posicionamento: um direito ainda n\u00e3o garantido, atravessado por desigualdades de g\u00eanero, ra\u00e7a e classe. A reflex\u00e3o dialoga com o livro \u201cDescansar \u00e9 resistir\u201d, da norte-americana Tricia Hersey, para quem o descanso \u00e9 uma recusa ativa \u00e0s estruturas que operam pela exaust\u00e3o.<\/p>\n<p><strong>Entrevista Ailton Krenak<\/strong><\/p>\n<p class=\"texto\"><strong>Escritor, fil\u00f3sofo, ambientalista e importante lideran\u00e7a dos povos origin\u00e1rios no Brasil<\/strong><\/p>\n<p class=\"texto\"><strong>Qual \u00e9 a sensa\u00e7\u00e3o de trabalhar numa empena em BH? Mais um desafio em tantos anos de jornada ou um prazer de fazer &#8220;arte nas alturas&#8221;?<\/strong><\/p>\n<p class=\"texto\">Vejo essa oportunidade rara como um privil\u00e9gio de levar um pouco de sonho \u00e0 dura realidade da metr\u00f3pole, pois acho que todas as empenas ficariam mais bonitas com pinturas ou desenhos. Quem se pendura s\u00e3o mesmo os artistas das alturas, eu desenho no ch\u00e3o e o coletivo CURA Crew escala o pr\u00e9dio com a arte que exige muita destreza e coragem.<\/p>\n<p class=\"texto\"><strong>Como o senhor v\u00ea esse tipo de iniciativa para uma metr\u00f3pole como Belo Horizonte?<\/strong><\/p>\n<p class=\"texto\">Belo Horizonte \u00e9 mesmo um convite a paisagens com muitos horizontes, e empenas t\u00eam esse poder de trazer imagens de outros lugares, rios e florestas, montanhas que foram engolidas por cimento e vidro.<\/p>\n<p class=\"texto\"><strong>Aproveitando o nome do projeto e fazendo, com licen\u00e7a, um trocadilho, o senhor acha que a arte \u00e9 um elemento de cura para a humanidade?<\/strong><\/p>\n<p class=\"texto\">Cada vez mais sou levado a pensar e sentir a arte como CURA pra nossas vidas, at\u00e9 mesmo um sentido de ref\u00fagio para muita gente que precisa respirar al\u00e9m das paisagens urbanas.<\/p>\n<p class=\"texto\"><strong>O senhor tem sempre um olhar cr\u00edtico sobre as mazelas do mundo, principalmente a respeito das fontes causadoras da polui\u00e7\u00e3o, desmatamento e outros males globais. Diante de tantos problemas, para onde estamos caminhando?<\/strong><\/p>\n<p class=\"texto\">Parece que tudo virou mercadoria, as vidas das pessoas e seus mundos v\u00e3o sendo atropelados pelo mercado . Nossos rios e montanhas s\u00e3o calculados bilh\u00f5es. Um assalto ao futuro de quem vir\u00e1 depois.<\/p>\n<p class=\"texto\">&#13;\n<\/p>\n<p class=\"texto\"><strong>Tivemos, recentemente, terremotos na Venezuela e Col\u00f4mbia, e agora destrui\u00e7\u00e3o no Nepal. Na sua avalia\u00e7\u00e3o, qual a raiz desses fen\u00f4menos?<\/strong><\/p>\n<p class=\"texto\">Os ge\u00f3logos t\u00eam mostrado o movimento das placas tect\u00f4nicas em cada regi\u00e3o onde grandes desabamentos, terremotos e deslizamentos acontecem. A terra est\u00e1 chacoalhando para nos lembrar que \u00e9 viva, respira e n\u00e3o pode ser revirada em todos os cantos.<\/p>\n<p class=\"texto\"><strong>A trag\u00e9dia do povo Yanomami continua de forma assustadora. Como o senhor v\u00ea tal quadro?<\/strong><\/p>\n<p class=\"texto\">Os Yanomami e muitos outros povos ind\u00edgenas seguem resistindo ante o avan\u00e7o do garimpo e da minera\u00e7\u00e3o. Os Maxakali nunca tiveram seu territ\u00f3rio respeitado aqui mesmo; o Rio Doce foi devastado pela minera\u00e7\u00e3o e tudo segue na mesma batida. Isso \u00e9 o efeito do necro-capitalismo. \u00c9 a globaliza\u00e7\u00e3o da mis\u00e9ria ambiental para todos. E a arte respira mesmo na lama.<\/p>\n<p><strong>CURA 2026 \u2013 Festival de Arte Urbana<\/strong><\/p>\n<p class=\"texto\"><a href=\"https:\/\/whatsapp.com\/channel\/0029Va8e466AO7RPLL06EL2h\" target=\"_blank\" rel=\"nofollow noopener\"><strong>Siga nosso canal no WhatsApp e receba not\u00edcias relevantes para o seu dia<\/strong><\/a><\/p>\n<p class=\"texto\">\u2022 At\u00e9 este domingo, 30 de agosto<br \/>\u2022 Onde: Pra\u00e7a Raul Soares, Regi\u00e3o Centro-Sul de Belo Horizonte<br \/>\u2022 Empena de Ailton Krenak: Edif\u00edcio Pignataro (Pra\u00e7a Raul Soares, 8 \u2013 empena virada para a Avenida Bias Fortes)<br \/>\u2022 Empena de M\u00f4nica Nador: Edif\u00edcio Floren\u00e7a (Rua Dos Guaranis, 555)<br \/>\u2022 Programa\u00e7\u00e3o gratuita, ao ar livre<\/p>\n","protected":false},"excerpt":{"rendered":"O tema do CURA 2026 \u00e9 \u201cDescansar enquanto\u201d. Em uma sociedade atravessada pelo excesso de est\u00edmulos e urg\u00eancias,&hellip;\n","protected":false},"author":2,"featured_media":504832,"comment_status":"","ping_status":"","sticky":false,"template":"","format":"standard","meta":{"footnotes":"","_share_on_mastodon":"0"},"categories":[144],"tags":[9902,26947,59669,207,205,206,203,201,202,204,114,115,66618,21503,80894,32,33],"class_list":["post-504831","post","type-post","status-publish","format-standard","has-post-thumbnail","category-arte-e-design","tag-abl","tag-academia-brasileira-de-letras","tag-ailton-krenak","tag-arte","tag-arte-e-design","tag-artedesign","tag-arts","tag-arts-and-design","tag-artsanddesign","tag-design","tag-entertainment","tag-entretenimento","tag-imortal","tag-indigena","tag-krenak","tag-portugal","tag-pt"],"share_on_mastodon":{"url":"https:\/\/pubeurope.com\/@pt\/117180342384088401","error":""},"_links":{"self":[{"href":"https:\/\/www.europesays.com\/pt\/wp-json\/wp\/v2\/posts\/504831","targetHints":{"allow":["GET"]}}],"collection":[{"href":"https:\/\/www.europesays.com\/pt\/wp-json\/wp\/v2\/posts"}],"about":[{"href":"https:\/\/www.europesays.com\/pt\/wp-json\/wp\/v2\/types\/post"}],"author":[{"embeddable":true,"href":"https:\/\/www.europesays.com\/pt\/wp-json\/wp\/v2\/users\/2"}],"replies":[{"embeddable":true,"href":"https:\/\/www.europesays.com\/pt\/wp-json\/wp\/v2\/comments?post=504831"}],"version-history":[{"count":0,"href":"https:\/\/www.europesays.com\/pt\/wp-json\/wp\/v2\/posts\/504831\/revisions"}],"wp:featuredmedia":[{"embeddable":true,"href":"https:\/\/www.europesays.com\/pt\/wp-json\/wp\/v2\/media\/504832"}],"wp:attachment":[{"href":"https:\/\/www.europesays.com\/pt\/wp-json\/wp\/v2\/media?parent=504831"}],"wp:term":[{"taxonomy":"category","embeddable":true,"href":"https:\/\/www.europesays.com\/pt\/wp-json\/wp\/v2\/categories?post=504831"},{"taxonomy":"post_tag","embeddable":true,"href":"https:\/\/www.europesays.com\/pt\/wp-json\/wp\/v2\/tags?post=504831"}],"curies":[{"name":"wp","href":"https:\/\/api.w.org\/{rel}","templated":true}]}}