{"id":504841,"date":"2026-08-29T19:14:26","date_gmt":"2026-08-29T19:14:26","guid":{"rendered":"https:\/\/www.europesays.com\/pt\/504841\/"},"modified":"2026-08-29T19:14:26","modified_gmt":"2026-08-29T19:14:26","slug":"as-melhores-fotos-da-vida-selvagem-de-2026","status":"publish","type":"post","link":"https:\/\/www.europesays.com\/pt\/504841\/","title":{"rendered":"As melhores fotos da vida selvagem de 2026"},"content":{"rendered":"<p class=\"description dxoq797 t1fzgn0z l1evdo4u blt0baw rcjjkz7 w128axg5 b16w0xvi\">Todas as imagens premiadas da 62\u00aa edi\u00e7\u00e3o do concurso Fot\u00f3grafo de Vida Selvagem do Ano estar\u00e3o expostas de 16 de outubro pr\u00f3ximo a 11 de julho de 2027 no Museu de Hist\u00f3ria Natural de Londres. A foto &#8220;Biting Back&#8221;, de Andrea e Marceo Grammatico, mostra um close-up n\u00edtido de uma jararaca e captura o mosquito no momento em que ele parece estar sugando o sangue da serpente.<\/p>\n","protected":false},"excerpt":{"rendered":"Todas as imagens premiadas da 62\u00aa edi\u00e7\u00e3o do concurso Fot\u00f3grafo de Vida Selvagem do Ano estar\u00e3o expostas de&hellip;\n","protected":false},"author":2,"featured_media":504842,"comment_status":"","ping_status":"","sticky":false,"template":"","format":"standard","meta":{"footnotes":"","_share_on_mastodon":"0"},"categories":[144],"tags":[207,205,206,203,201,202,204,114,115,32,33],"class_list":["post-504841","post","type-post","status-publish","format-standard","has-post-thumbnail","category-arte-e-design","tag-arte","tag-arte-e-design","tag-artedesign","tag-arts","tag-arts-and-design","tag-artsanddesign","tag-design","tag-entertainment","tag-entretenimento","tag-portugal","tag-pt"],"share_on_mastodon":{"url":"https:\/\/pubeurope.com\/@pt\/117180397394323456","error":""},"_links":{"self":[{"href":"https:\/\/www.europesays.com\/pt\/wp-json\/wp\/v2\/posts\/504841","targetHints":{"allow":["GET"]}}],"collection":[{"href":"https:\/\/www.europesays.com\/pt\/wp-json\/wp\/v2\/posts"}],"about":[{"href":"https:\/\/www.europesays.com\/pt\/wp-json\/wp\/v2\/types\/post"}],"author":[{"embeddable":true,"href":"https:\/\/www.europesays.com\/pt\/wp-json\/wp\/v2\/users\/2"}],"replies":[{"embeddable":true,"href":"https:\/\/www.europesays.com\/pt\/wp-json\/wp\/v2\/comments?post=504841"}],"version-history":[{"count":0,"href":"https:\/\/www.europesays.com\/pt\/wp-json\/wp\/v2\/posts\/504841\/revisions"}],"wp:featuredmedia":[{"embeddable":true,"href":"https:\/\/www.europesays.com\/pt\/wp-json\/wp\/v2\/media\/504842"}],"wp:attachment":[{"href":"https:\/\/www.europesays.com\/pt\/wp-json\/wp\/v2\/media?parent=504841"}],"wp:term":[{"taxonomy":"category","embeddable":true,"href":"https:\/\/www.europesays.com\/pt\/wp-json\/wp\/v2\/categories?post=504841"},{"taxonomy":"post_tag","embeddable":true,"href":"https:\/\/www.europesays.com\/pt\/wp-json\/wp\/v2\/tags?post=504841"}],"curies":[{"name":"wp","href":"https:\/\/api.w.org\/{rel}","templated":true}]}}