{"id":50485,"date":"2025-08-29T17:48:14","date_gmt":"2025-08-29T17:48:14","guid":{"rendered":"https:\/\/www.europesays.com\/pt\/50485\/"},"modified":"2025-08-29T17:48:14","modified_gmt":"2025-08-29T17:48:14","slug":"helicoptero-acionado-para-acidente-com-5-feridos-junto-a-tapada","status":"publish","type":"post","link":"https:\/\/www.europesays.com\/pt\/50485\/","title":{"rendered":"Helic\u00f3ptero acionado para acidente com 5 feridos junto \u00e0 Tapada"},"content":{"rendered":"<p>ATUALIZADA \u00c0S 14:45<\/p>\n<p><strong>Cinco pessoas ficaram feridas com gravidade, entre elas uma crian\u00e7a de 8 anos, num acidente ocorrido na manh\u00e3 desta sexta-feira, 29 de agosto, na estrada nacional 368, entre a Tapada, Almeirim, e Alpiar\u00e7a.<\/strong><\/p>\n<p>\t\t\t\t\t\t\t\t\t\t\t\t\t\t<a href=\"https:\/\/www.facebook.com\/wshoppingsantarem\" rel=\"noopener nofollow\" target=\"_blank\"><br \/>\n\t\t\t\t\t\t\t<img decoding=\"async\" src=\"https:\/\/www.rederegional.com\/wp-content\/uploads\/2023\/11\/WS_29-nov_01dez.jpg\" title=\"\" alt=\"\" loading=\"lazy\"\/>\t\t\t\t\t\t\t\t<\/a><\/p>\n<p>\t\t\t\t\t\t\t\t\t\t\t\t\t\t<a href=\"https:\/\/www.facebook.com\/wshoppingsantarem\" target=\"_blank\" rel=\"noopener nofollow\"><br \/>\n\t\t\t\t\t\t\t<img decoding=\"async\" src=\"https:\/\/www.europesays.com\/pt\/wp-content\/uploads\/2025\/08\/banner-wshopping-destino-qi3mb811gne0c11314w7s3e98ernvoxi1vvu0b41n2.png\" title=\"banner-wshopping-destino\" alt=\"banner-wshopping-destino\" loading=\"lazy\"\/>\t\t\t\t\t\t\t\t<\/a><\/p>\n<p>O acidente, que envolveu a colis\u00e3o entre uma moto 4 e um ligeiro de passageiros, provocou o corte total da circula\u00e7\u00e3o. O alerta foi dado \u00e0s 11h55 e \u00e0 chegada das equipas de socorro, tr\u00eas das v\u00edtimas estavam encarceradas. A gravidade das les\u00f5es de um dos feridos, um homem com cerca de 70 anos, condutor da Moto 4, levou ao acionamento de um helic\u00f3ptero do INEM, que transportou a v\u00edtima para o Hospital de S\u00e3o Francisco Xavier, em Lisboa.<\/p>\n<p>Outro dos feridos graves foi transportado de ambul\u00e2ncia, com acompanhamento da Viatura M\u00e9dica de Emerg\u00eancia e Reanima\u00e7\u00e3o (VMER) de Vila Franca de Xira, para o Hospital de S\u00e3o Jos\u00e9, tamb\u00e9m em Lisboa, enquanto os outros dois feridos graves foram transportados para os hospitais de Santar\u00e9m e Santa Maria (Lisboa). O ferido leve foi encaminhado para Santar\u00e9m.<\/p>\n<p>No local estiveram 33 operacionais e 12 ve\u00edculos dos bombeiros de Almeirim, Alpiar\u00e7a e Santar\u00e9m, da VMER de Vila Franca de Xira, da GNR e do Helic\u00f3ptero do INEM.<\/p>\n<p>A EN368 esteve cortada ao tr\u00e2nsito nos dois sentidos enquanto decorreram as opera\u00e7\u00f5es de socorro e limpeza da via, que ainda se mantinham \u00e0s 14h45.<\/p>\n<p><img fetchpriority=\"high\" decoding=\"async\" width=\"800\" height=\"462\" src=\"https:\/\/www.europesays.com\/pt\/wp-content\/uploads\/2025\/08\/acidente-almeirim-heli.jpg\" alt=\"\" class=\"wp-image-134001\" style=\"width:840px;height:auto\"  \/>Helic\u00f3ptero aterrou nas imedia\u00e7\u00f5es do acidente (FOTO: Almeirinense)<\/p>\n","protected":false},"excerpt":{"rendered":"ATUALIZADA \u00c0S 14:45 Cinco pessoas ficaram feridas com gravidade, entre elas uma crian\u00e7a de 8 anos, num acidente&hellip;\n","protected":false},"author":2,"featured_media":50486,"comment_status":"","ping_status":"","sticky":false,"template":"","format":"standard","meta":{"footnotes":""},"categories":[10],"tags":[27,28,15,16,14,25,26,21,22,12,13,19,20,32,23,24,33,17,18,29,30,31],"class_list":{"0":"post-50485","1":"post","2":"type-post","3":"status-publish","4":"format-standard","5":"has-post-thumbnail","7":"category-portugal","8":"tag-breaking-news","9":"tag-breakingnews","10":"tag-featured-news","11":"tag-featurednews","12":"tag-headlines","13":"tag-latest-news","14":"tag-latestnews","15":"tag-main-news","16":"tag-mainnews","17":"tag-news","18":"tag-noticias","19":"tag-noticias-principais","20":"tag-noticiasprincipais","21":"tag-portugal","22":"tag-principais-noticias","23":"tag-principaisnoticias","24":"tag-pt","25":"tag-top-stories","26":"tag-topstories","27":"tag-ultimas","28":"tag-ultimas-noticias","29":"tag-ultimasnoticias"},"share_on_mastodon":{"url":"","error":""},"_links":{"self":[{"href":"https:\/\/www.europesays.com\/pt\/wp-json\/wp\/v2\/posts\/50485","targetHints":{"allow":["GET"]}}],"collection":[{"href":"https:\/\/www.europesays.com\/pt\/wp-json\/wp\/v2\/posts"}],"about":[{"href":"https:\/\/www.europesays.com\/pt\/wp-json\/wp\/v2\/types\/post"}],"author":[{"embeddable":true,"href":"https:\/\/www.europesays.com\/pt\/wp-json\/wp\/v2\/users\/2"}],"replies":[{"embeddable":true,"href":"https:\/\/www.europesays.com\/pt\/wp-json\/wp\/v2\/comments?post=50485"}],"version-history":[{"count":0,"href":"https:\/\/www.europesays.com\/pt\/wp-json\/wp\/v2\/posts\/50485\/revisions"}],"wp:featuredmedia":[{"embeddable":true,"href":"https:\/\/www.europesays.com\/pt\/wp-json\/wp\/v2\/media\/50486"}],"wp:attachment":[{"href":"https:\/\/www.europesays.com\/pt\/wp-json\/wp\/v2\/media?parent=50485"}],"wp:term":[{"taxonomy":"category","embeddable":true,"href":"https:\/\/www.europesays.com\/pt\/wp-json\/wp\/v2\/categories?post=50485"},{"taxonomy":"post_tag","embeddable":true,"href":"https:\/\/www.europesays.com\/pt\/wp-json\/wp\/v2\/tags?post=50485"}],"curies":[{"name":"wp","href":"https:\/\/api.w.org\/{rel}","templated":true}]}}