{"id":50489,"date":"2025-08-29T17:50:08","date_gmt":"2025-08-29T17:50:08","guid":{"rendered":"https:\/\/www.europesays.com\/pt\/50489\/"},"modified":"2025-08-29T17:50:08","modified_gmt":"2025-08-29T17:50:08","slug":"gabigol-prepara-casamento-e-festa-de-aniversario-com-matue","status":"publish","type":"post","link":"https:\/\/www.europesays.com\/pt\/50489\/","title":{"rendered":"Gabigol prepara casamento e festa de anivers\u00e1rio com Matu\u00ea"},"content":{"rendered":"<p class=\"w-full text-lg font-krub text-gray-500 leading-30\">O atacante do Cruzeiro, Gabigol, celebrar\u00e1 seus 29 anos com uma grande festa em sua casa no Guaruj\u00e1, litoral de S\u00e3o Paulo, no pr\u00f3ximo domingo (31\/8). A informa\u00e7\u00e3o foi divulgada pelo portal LeoDias, que tamb\u00e9m noticiou recentemente os planos do jogador e de Rafaella de oficializarem o casamento e terem filhos ainda este ano.<\/p>\n<p>continua ap\u00f3s a publicidade<\/p>\n<p class=\"w-full text-lg font-krub text-gray-500 leading-30\">A comemora\u00e7\u00e3o contar\u00e1 com apresenta\u00e7\u00f5es musicais de Jorginho no pagode e dos rappers Matu\u00ea e Teto, artistas que participaram das \u00faltimas quatro festas de anivers\u00e1rio do atacante.<\/p>\n<p>\ud83d\udc8dGabigol e Rafaella a caminho do casamento<\/p>\n<p class=\"w-full text-lg font-krub text-gray-500 leading-30\">Segundo o portal LeoDias, Gabigol e Rafaella pretendem casar antes de concretizar os planos para o primeiro filho. Esta informa\u00e7\u00e3o foi confirmada pelo pr\u00f3prio atleta a fontes do ve\u00edculo.<\/p>\n<p>continua ap\u00f3s a publicidade<\/p>\n<p class=\"w-full text-lg font-krub text-gray-500 leading-30\">O cas\u00f3rio entre Rafa e Gabi ganhou evid\u00eancia ap\u00f3s o surgimento de imagens dos dois usando alian\u00e7as na m\u00e3o esquerda, conforme relataram informantes ao portal. As fotografias foram registradas durante partidas de futebol e em eventos sociais frequentados pelo casal.<\/p>\n<p><img alt=\"Gabigol e Rafaella\" loading=\"lazy\" width=\"850\" height=\"530\" decoding=\"async\" data-nimg=\"1\" class=\"w-full rounded-lg\" style=\"color:transparent\" src=\"https:\/\/www.europesays.com\/pt\/wp-content\/uploads\/2025\/08\/Gabigol-e-Rafaella.jpg\"\/>Os pombinhos Gabigol e Rafaella (Foto: Reprodu\u00e7\u00e3o\/Instagram)<\/p>\n<p class=\"w-full text-lg font-krub text-gray-500 leading-30\">A hist\u00f3ria entre Gabigol e Rafaella iniciou-se h\u00e1 dez anos, em 2015, passando por diversos t\u00e9rminos e reconcilia\u00e7\u00f5es. Em mar\u00e7o de 2023, o casal reatou o relacionamento, optando por manter discri\u00e7\u00e3o e evitar exposi\u00e7\u00e3o na m\u00eddia.<\/p>\n<p>continua ap\u00f3s a publicidade<\/p>\n<p class=\"w-full text-lg font-krub text-gray-500 leading-30\">Em julho de 2025, durante entrevista ao portal LeoDias, a irm\u00e3 de Neymar Jr. declarou sobre seus planos de maternidade: &#8220;Vou ser mam\u00e3e. Ano que vem, quem sabe! J\u00e1 t\u00e1 na agenda&#8221;.<\/p>\n","protected":false},"excerpt":{"rendered":"O atacante do Cruzeiro, Gabigol, celebrar\u00e1 seus 29 anos com uma grande festa em sua casa no Guaruj\u00e1,&hellip;\n","protected":false},"author":2,"featured_media":50490,"comment_status":"","ping_status":"","sticky":false,"template":"","format":"standard","meta":{"footnotes":""},"categories":[145],"tags":[211,210,114,115,14810,32,33],"class_list":{"0":"post-50489","1":"post","2":"type-post","3":"status-publish","4":"format-standard","5":"has-post-thumbnail","7":"category-celebridades","8":"tag-celebridades","9":"tag-celebrities","10":"tag-entertainment","11":"tag-entretenimento","12":"tag-gabigol","13":"tag-portugal","14":"tag-pt"},"share_on_mastodon":{"url":"","error":""},"_links":{"self":[{"href":"https:\/\/www.europesays.com\/pt\/wp-json\/wp\/v2\/posts\/50489","targetHints":{"allow":["GET"]}}],"collection":[{"href":"https:\/\/www.europesays.com\/pt\/wp-json\/wp\/v2\/posts"}],"about":[{"href":"https:\/\/www.europesays.com\/pt\/wp-json\/wp\/v2\/types\/post"}],"author":[{"embeddable":true,"href":"https:\/\/www.europesays.com\/pt\/wp-json\/wp\/v2\/users\/2"}],"replies":[{"embeddable":true,"href":"https:\/\/www.europesays.com\/pt\/wp-json\/wp\/v2\/comments?post=50489"}],"version-history":[{"count":0,"href":"https:\/\/www.europesays.com\/pt\/wp-json\/wp\/v2\/posts\/50489\/revisions"}],"wp:featuredmedia":[{"embeddable":true,"href":"https:\/\/www.europesays.com\/pt\/wp-json\/wp\/v2\/media\/50490"}],"wp:attachment":[{"href":"https:\/\/www.europesays.com\/pt\/wp-json\/wp\/v2\/media?parent=50489"}],"wp:term":[{"taxonomy":"category","embeddable":true,"href":"https:\/\/www.europesays.com\/pt\/wp-json\/wp\/v2\/categories?post=50489"},{"taxonomy":"post_tag","embeddable":true,"href":"https:\/\/www.europesays.com\/pt\/wp-json\/wp\/v2\/tags?post=50489"}],"curies":[{"name":"wp","href":"https:\/\/api.w.org\/{rel}","templated":true}]}}