{"id":504895,"date":"2026-08-29T20:39:22","date_gmt":"2026-08-29T20:39:22","guid":{"rendered":"https:\/\/www.europesays.com\/pt\/504895\/"},"modified":"2026-08-29T20:39:22","modified_gmt":"2026-08-29T20:39:22","slug":"cidade-no-cerrado-brasileiro-reune-cachoeiras-grutas-e-vestigios-humanos-de-mais-de-11-mil-anos","status":"publish","type":"post","link":"https:\/\/www.europesays.com\/pt\/504895\/","title":{"rendered":"Cidade no Cerrado Brasileiro re\u00fane cachoeiras, grutas e vest\u00edgios humanos de mais de 11 mil anos"},"content":{"rendered":"<p> <img decoding=\"async\" fetchpriority=\"high\" src=\"https:\/\/www.europesays.com\/pt\/wp-content\/uploads\/2026\/08\/cidade-no-cerrado-brasileiro-reune-cachoeiras-grutas-e-vestigios-humanos-de-mais-de-11-mil-anos-1787.jpeg\"  width=\"768\" height=\"432\" alt=\"O complexo arqueol\u00f3gico re\u00fane natureza exuberante e vest\u00edgios humanos milenares no Cerrado goiano - Imagem criada por intelig\u00eancia artificial. Cr\u00e9dito: Olhar Digital\" title=\"O complexo arqueol\u00f3gico re\u00fane natureza exuberante e vest\u00edgios humanos milenares no Cerrado goiano - Imagem criada por intelig\u00eancia artificial (ChatGPT \/ Olhar Digital)\" data-image=\"7awcle0d23ca\"\/>O complexo arqueol\u00f3gico re\u00fane natureza exuberante e vest\u00edgios humanos milenares no Cerrado goiano &#8211; Imagem criada por intelig\u00eancia artificial. Cr\u00e9dito: Olhar Digital   <img decoding=\"async\" fetchpriority=\"high\" src=\"https:\/\/www.europesays.com\/pt\/wp-content\/uploads\/2026\/08\/1788035961_486_joao-cunha.jpg\" alt=\"Jo\u00e3o Cunha\" width=\"40\" height=\"40\"\/>    <a class=\"nombre text-hv\" href=\"https:\/\/www.tempo.com\/autor\/joao-cunha\/\" title=\"Jo\u00e3o Cunha\" data-mrf-recirculation=\"pre_article_author\" rel=\"nofollow noopener\" target=\"_blank\">Jo\u00e3o Cunha<\/a>      29\/08\/2026 16:03   5 min    <\/p>\n<p>Entre pared\u00f5es rochosos, cursos d\u2019\u00e1gua e \u00e1reas preservadas do Cerrado, <strong>Serran\u00f3polis, em Goi\u00e1s<\/strong>, re\u00fane natureza e arqueologia em um mesmo territ\u00f3rio. O munic\u00edpio possui dezenas de s\u00edtios arqueol\u00f3gicos catalogados e abriga vest\u00edgios que indicam a presen\u00e7a humana na regi\u00e3o h\u00e1 milhares de anos.<\/p>\n<p>Segundo o Instituto do Patrim\u00f4nio Hist\u00f3rico e Art\u00edstico Nacional (Iphan), o complexo arqueol\u00f3gico de Serran\u00f3polis est\u00e1 entre os conjuntos mais importantes e completos do Brasil. O \u00f3rg\u00e3o registra <strong>mais de 30 s\u00edtios relacionados a grupos ca\u00e7adores-coletores e agricultores-ceramistas<\/strong>, com data\u00e7\u00f5es pr\u00f3ximas de <strong>11 mil anos antes<\/strong> do presente.<\/p>\n<p>A Prefeitura de Serran\u00f3polis informa a exist\u00eancia de <strong>42 s\u00edtios arqueol\u00f3gicos catalogados. <\/strong>Entre os principais est\u00e1 a Gruta do Diogo, onde foi encontrado o esqueleto conhecido como Z\u00e9 Gabiroba, ou Homem da Serra do Cafezal, apresentado pelo munic\u00edpio como tendo mais de 11.500 anos.<\/p>\n<p>Vest\u00edgios revelam diferentes per\u00edodos de ocupa\u00e7\u00e3o<\/p>\n<p>Al\u00e9m dos restos humanos, os abrigos rochosos preservam <strong>milhares de registros rupestres.<\/strong> De acordo com o Iphan, pesquisadores identificaram mais de 1.100 figuras pintadas e cerca de 4.000 gravuras em 14 dos 26 abrigos estudados.<\/p>\n<p>Essas manifesta\u00e7\u00f5es ajudam a compreender como diferentes grupos ocuparam e utilizaram o territ\u00f3rio ao longo do tempo. As paredes das grutas e dos abrigos funcionam como registros materiais de pr\u00e1ticas e formas de express\u00e3o de popula\u00e7\u00f5es que viveram no Cerrado muito antes da forma\u00e7\u00e3o das cidades atuais.<\/p>\n<p>A pesquisa arqueol\u00f3gica tamb\u00e9m continua revelando novos vest\u00edgios. Em 2023, o Iphan informou a descoberta, em Serran\u00f3polis, de outro<strong> esqueleto humano cuja idade poderia chegar a 12 mil anos<\/strong>, al\u00e9m de dez cr\u00e2nios datados em aproximadamente 1.600 anos.<\/p>\n<p>Natureza e arqueologia no mesmo roteiro<\/p>\n<p>A experi\u00eancia tur\u00edstica do munic\u00edpio combina os s\u00edtios arqueol\u00f3gicos com <strong>grutas, cachoeiras, corredeiras, trilhas e \u00e1reas preservadas<\/strong>. A proximidade entre esses elementos permite conhecer tanto a paisagem natural quanto os vest\u00edgios das popula\u00e7\u00f5es que ocuparam a regi\u00e3o.<\/p>\n<p><img decoding=\"async\" fetchpriority=\"low\" class=\"lazy \" src=\"https:\/\/www.europesays.com\/pt\/wp-content\/uploads\/2026\/08\/1788035961_923_cidade-no-cerrado-brasileiro-reune-cachoeiras-grutas-e-vestigios-humanos-de-mais-de-11-mil-anos-1787.jpeg\"  width=\"768\" height=\"432\" alt=\"Milhares de pinturas e gravuras rupestres documentam a presen\u00e7a humana pr\u00e9-hist\u00f3rica nos abrigos \u2013 Imagem criada por intelig\u00eancia artificial. Cr\u00e9dito: Divulga\u00e7\u00e3o Olhar Digital\" title=\"Milhares de pinturas e gravuras rupestres documentam a presen\u00e7a humana pr\u00e9-hist\u00f3rica nos abrigos \u2013 Imagem criada por intelig\u00eancia artificial (ChatGPT \/ Olhar Digital)\" data-image=\"pl5yjiyj5mc0\"\/>Milhares de pinturas e gravuras rupestres documentam a presen\u00e7a humana pr\u00e9-hist\u00f3rica nos abrigos \u2013 Imagem criada por intelig\u00eancia artificial. Cr\u00e9dito: Divulga\u00e7\u00e3o Olhar Digital<\/p>\n<p>A <strong>Gruta do Diogo<\/strong> ocupa lugar central nesse roteiro por estar associada ao achado de Z\u00e9 Gabiroba. J\u00e1 as cachoeiras e corredeiras ampliam a experi\u00eancia de contato com o Cerrado, enquanto reservas particulares e \u00e1reas de observa\u00e7\u00e3o de fauna e aves oferecem outras possibilidades de visita.<\/p>\n<p>Para conhecer os s\u00edtios, no entanto, \u00e9 necess\u00e1rio considerar que se trata de patrim\u00f4nio arqueol\u00f3gico protegido. O Iphan orienta que visitantes n\u00e3o retirem materiais, n\u00e3o alterem o solo ou as estruturas dos abrigos <strong>e n\u00e3o toquem em pinturas e gravuras<\/strong>. A recomenda\u00e7\u00e3o \u00e9 observar e fotografar sem interferir nos vest\u00edgios.<\/p>\n<p>Um patrim\u00f4nio que atravessa milhares de anos<\/p>\n<p>Serran\u00f3polis re\u00fane, em uma mesma <strong>paisagem, elementos naturais e registros de diferentes per\u00edodos da presen\u00e7a humana <\/strong>no Cerrado. O conjunto formado por \u00e1gua, rochas, vegeta\u00e7\u00e3o e s\u00edtios arqueol\u00f3gicos permite compreender o territ\u00f3rio para al\u00e9m de sua dimens\u00e3o tur\u00edstica.<\/p>\n<p><a class=\"imagen \" href=\"https:\/\/www.tempo.com\/noticias\/lazer\/historia-da-ocupacao-do-baixo-amazonas-prova-que-humanos-e-floresta-podem-conviver.html\" title=\"Parque de Monte Alegre guarda um dos registros mais antigos da ocupa\u00e7\u00e3o humana na Amaz\u00f4nia\" rel=\"nofollow noopener\" target=\"_blank\"><img decoding=\"async\" fetchpriority=\"low\" class=\"lazy img-body non-editable\" src=\"https:\/\/www.europesays.com\/pt\/wp-content\/uploads\/2026\/08\/historia-da-ocupacao-do-baixo-amazonas-prova-que-humanos-e-floresta-podem-conviver-1771785756986_320.jpeg\"  width=\"320\" height=\"225\"\/><\/a><\/p>\n<p>Com acompanhamento de condutores locais e planejamento pr\u00e9vio, o visitante pode <strong>combinar \u00e1reas naturais e arqueol\u00f3gicas respeitando as regras de acesso e conserva\u00e7\u00e3o<\/strong>. Assim, cachoeiras, grutas e vest\u00edgios milenares deixam de ser atra\u00e7\u00f5es isoladas e passam a compor uma hist\u00f3ria cont\u00ednua sobre a ocupa\u00e7\u00e3o do Cerrado.<\/p>\n<p>Refer\u00eancia da not\u00edcia<\/p>\n<p class=\"article-reference__body\">Olhar Digital. (2026). <a href=\"https:\/\/olhardigital.com.br\/curiosidades\/2026\/08\/22\/cachoeiras-grutas-e-sitios-arqueologicos-dividem-o-mesmo-roteiro-em-um-municipio-goiano\/\" target=\"_blank\" data-mrf-recirculation=\"end_article_citation\" rel=\"nofollow noopener\">Cachoeiras, grutas e s\u00edtios arqueol\u00f3gicos dividem o mesmo roteiro em um munic\u00edpio goiano onde um esqueleto com mais de 11.500 anos ajuda a contar uma ocupa\u00e7\u00e3o humana antiqu\u00edssima do Cerrado<\/a>.<\/p>\n","protected":false},"excerpt":{"rendered":"O complexo arqueol\u00f3gico re\u00fane natureza exuberante e vest\u00edgios humanos milenares no Cerrado goiano &#8211; Imagem criada por intelig\u00eancia&hellip;\n","protected":false},"author":2,"featured_media":504896,"comment_status":"","ping_status":"","sticky":false,"template":"","format":"standard","meta":{"footnotes":"","_share_on_mastodon":"0"},"categories":[86],"tags":[726,116,1009,32,33,117,1456],"class_list":["post-504895","post","type-post","status-publish","format-standard","has-post-thumbnail","category-saude","tag-brasil","tag-health","tag-natureza","tag-portugal","tag-pt","tag-saude","tag-turismo"],"share_on_mastodon":{"url":"https:\/\/pubeurope.com\/@pt\/117180731862406666","error":""},"_links":{"self":[{"href":"https:\/\/www.europesays.com\/pt\/wp-json\/wp\/v2\/posts\/504895","targetHints":{"allow":["GET"]}}],"collection":[{"href":"https:\/\/www.europesays.com\/pt\/wp-json\/wp\/v2\/posts"}],"about":[{"href":"https:\/\/www.europesays.com\/pt\/wp-json\/wp\/v2\/types\/post"}],"author":[{"embeddable":true,"href":"https:\/\/www.europesays.com\/pt\/wp-json\/wp\/v2\/users\/2"}],"replies":[{"embeddable":true,"href":"https:\/\/www.europesays.com\/pt\/wp-json\/wp\/v2\/comments?post=504895"}],"version-history":[{"count":0,"href":"https:\/\/www.europesays.com\/pt\/wp-json\/wp\/v2\/posts\/504895\/revisions"}],"wp:featuredmedia":[{"embeddable":true,"href":"https:\/\/www.europesays.com\/pt\/wp-json\/wp\/v2\/media\/504896"}],"wp:attachment":[{"href":"https:\/\/www.europesays.com\/pt\/wp-json\/wp\/v2\/media?parent=504895"}],"wp:term":[{"taxonomy":"category","embeddable":true,"href":"https:\/\/www.europesays.com\/pt\/wp-json\/wp\/v2\/categories?post=504895"},{"taxonomy":"post_tag","embeddable":true,"href":"https:\/\/www.europesays.com\/pt\/wp-json\/wp\/v2\/tags?post=504895"}],"curies":[{"name":"wp","href":"https:\/\/api.w.org\/{rel}","templated":true}]}}