{"id":50493,"date":"2025-08-29T17:54:04","date_gmt":"2025-08-29T17:54:04","guid":{"rendered":"https:\/\/www.europesays.com\/pt\/50493\/"},"modified":"2025-08-29T17:54:04","modified_gmt":"2025-08-29T17:54:04","slug":"vem-ai-em-a-fazenda-julia-mentiu-sobre-o-teste-de-adn-ary-decide-investigar-novelas","status":"publish","type":"post","link":"https:\/\/www.europesays.com\/pt\/50493\/","title":{"rendered":"Vem a\u00ed em \u00abA Fazenda\u00bb: J\u00falia mentiu sobre o teste de ADN? Ary decide investigar &#8211; Novelas"},"content":{"rendered":"<p>Em <a href=\"https:\/\/tvi.iol.pt\/novelas\/programa\/a-fazenda\/672c9278d34e94b82907283d\" rel=\"nofollow noopener\" target=\"_blank\">\u00abA Fazenda\u00bb<\/a>, <a href=\"https:\/\/tvi.iol.pt\/novelas\/search?pagina=1&amp;pesquisa=isaac+alfaiate\" rel=\"nofollow noopener\" target=\"_blank\">Ary (Isaac Alfaiate)<\/a>\u00a0diz a Zulmira (Helena Isabel) que <a href=\"https:\/\/tvi.iol.pt\/novelas\/search?pagina=1&amp;pesquisa=kelly+bailey\" rel=\"nofollow noopener\" target=\"_blank\">J\u00falia (Kelly Bailey)<\/a>\u00a0o pode estar a enganar relativamente ao resultado do teste de paternidade.<\/p>\n<p>Ary, com a ajuda de Zulmira, consegue descobrir qual foi o laborat\u00f3rio onde J\u00falia fez o teste, ficando furioso pela cl\u00ednica n\u00e3o lhe revelar o resultado. Zulmira diz a Ary que vai mesmo ter de pressionar J\u00falia a contar-lhe a verdade.<\/p>\n<p>Recorde-se que Ary estava muito entusiasmado para criar o filho com J\u00falia:<\/p>\n","protected":false},"excerpt":{"rendered":"Em \u00abA Fazenda\u00bb, Ary (Isaac Alfaiate)\u00a0diz a Zulmira (Helena Isabel) que J\u00falia (Kelly Bailey)\u00a0o pode estar a enganar&hellip;\n","protected":false},"author":2,"featured_media":50494,"comment_status":"","ping_status":"","sticky":false,"template":"","format":"standard","meta":{"footnotes":"","_share_on_mastodon":"0"},"categories":[142],"tags":[657,160,2414,166,114,115,157,167,1051,2412,164,2413,2411,161,158,165,159,32,33,156,163,151,162,7232],"class_list":["post-50493","post","type-post","status-publish","format-standard","has-post-thumbnail","category-tv","tag-a-fazenda","tag-ana-guiomar","tag-ary","tag-cristina-ferreira","tag-entertainment","tag-entretenimento","tag-festa-e-festa","tag-ficcao","tag-helena-isabel","tag-isaac-alfaiate","tag-jose-fidalgo","tag-julia","tag-kelly-bailey","tag-novelas","tag-para-sempre","tag-pedro-sousa","tag-pedro-teixeira","tag-portugal","tag-pt","tag-queridos-papas","tag-tiago-teotonio-pereira","tag-tv","tag-tvi","tag-zulmira"],"share_on_mastodon":{"url":"","error":""},"_links":{"self":[{"href":"https:\/\/www.europesays.com\/pt\/wp-json\/wp\/v2\/posts\/50493","targetHints":{"allow":["GET"]}}],"collection":[{"href":"https:\/\/www.europesays.com\/pt\/wp-json\/wp\/v2\/posts"}],"about":[{"href":"https:\/\/www.europesays.com\/pt\/wp-json\/wp\/v2\/types\/post"}],"author":[{"embeddable":true,"href":"https:\/\/www.europesays.com\/pt\/wp-json\/wp\/v2\/users\/2"}],"replies":[{"embeddable":true,"href":"https:\/\/www.europesays.com\/pt\/wp-json\/wp\/v2\/comments?post=50493"}],"version-history":[{"count":0,"href":"https:\/\/www.europesays.com\/pt\/wp-json\/wp\/v2\/posts\/50493\/revisions"}],"wp:featuredmedia":[{"embeddable":true,"href":"https:\/\/www.europesays.com\/pt\/wp-json\/wp\/v2\/media\/50494"}],"wp:attachment":[{"href":"https:\/\/www.europesays.com\/pt\/wp-json\/wp\/v2\/media?parent=50493"}],"wp:term":[{"taxonomy":"category","embeddable":true,"href":"https:\/\/www.europesays.com\/pt\/wp-json\/wp\/v2\/categories?post=50493"},{"taxonomy":"post_tag","embeddable":true,"href":"https:\/\/www.europesays.com\/pt\/wp-json\/wp\/v2\/tags?post=50493"}],"curies":[{"name":"wp","href":"https:\/\/api.w.org\/{rel}","templated":true}]}}