{"id":504949,"date":"2026-08-29T21:29:11","date_gmt":"2026-08-29T21:29:11","guid":{"rendered":"https:\/\/www.europesays.com\/pt\/504949\/"},"modified":"2026-08-29T21:29:11","modified_gmt":"2026-08-29T21:29:11","slug":"homem-encontra-obra-de-picasso-escondida-em-casa-apos-despejar-inquilino","status":"publish","type":"post","link":"https:\/\/www.europesays.com\/pt\/504949\/","title":{"rendered":"Homem encontra obra de Picasso escondida em casa ap\u00f3s despejar inquilino"},"content":{"rendered":"<p class=\"pb-6 break-words text-lg leading-normal font-normal group-[.isActiveSource]:text-xl\">Uma obra assinada por <strong class=\"font-bold group-[.isActiveSource]:text-xl\"><a href=\"https:\/\/www.itatiaia.com.br\/cultura-e-lazer\/picasso-por-100-euros-pais-rifa-quadro-de-us-1-mi-para-financiar-pesquisa-sobre-alzheimer\/\" class=\"underline font-medium break-words group-[.isActiveSource]:text-xl text-red-600 hover:opacity-80 hover:no-underline\" target=\"_self\" rel=\"nofollow noopener\">Pablo Picasso<\/a> <\/strong>foi encontrada ap\u00f3s oito anos desaparecida. Um morador que havia despejado o antigo inquilino a encontrou enquanto fazia uma limpeza no im\u00f3vel.<\/p>\n<p class=\"pb-6 break-words text-lg leading-normal font-normal group-[.isActiveSource]:text-xl\">Chamada de \u201c<strong class=\"font-bold group-[.isActiveSource]:text-xl\">Torero<\/strong>\u201d, a obra havia sido roubada de uma galeria de arte de Milwaukee, nos Estados Unidos, em 2018. Ap\u00f3s oito anos com o paradeiro desconhecido, a pe\u00e7a foi encontrada por Tim Dertz, em agosto deste ano, enquanto limpava o pr\u00f3prio apartamento.<\/p>\n<p class=\"pb-6 break-words text-lg leading-normal font-normal group-[.isActiveSource]:text-xl\">O morador de Milwaukee revelou que ao encontrar a litogravura estranhou a assinatura e procurou ajuda para conseguir identific\u00e1-la. Ap\u00f3s recorrer a um colega que trabalhava em um antiqu\u00e1rio, a pe\u00e7a foi reconhecida.<\/p>\n<p class=\"pb-6 break-words text-lg leading-normal font-normal group-[.isActiveSource]:text-xl\">O profissional reconheceu a litografia e levantou a hip\u00f3tese de que ela pudesse ser a obra original de Picasso , roubada em 2018.<\/p>\n<p class=\"pb-6 break-words text-lg leading-normal font-normal group-[.isActiveSource]:text-xl\">A litogravura fazia parte do acervo do colecionador Bill DeLind e ainda estava com a etiqueta de pre\u00e7o da avalia\u00e7\u00e3o colada na parte traseira da moldura. Ele foi informado do encontro da pe\u00e7a logo que as autoridade tiveram conhecimento.<\/p>\n","protected":false},"excerpt":{"rendered":"Uma obra assinada por Pablo Picasso foi encontrada ap\u00f3s oito anos desaparecida. Um morador que havia despejado o&hellip;\n","protected":false},"author":2,"featured_media":504950,"comment_status":"","ping_status":"","sticky":false,"template":"","format":"standard","meta":{"footnotes":"","_share_on_mastodon":"0"},"categories":[144],"tags":[207,205,206,203,201,202,204,114,115,32,33],"class_list":["post-504949","post","type-post","status-publish","format-standard","has-post-thumbnail","category-arte-e-design","tag-arte","tag-arte-e-design","tag-artedesign","tag-arts","tag-arts-and-design","tag-artsanddesign","tag-design","tag-entertainment","tag-entretenimento","tag-portugal","tag-pt"],"share_on_mastodon":{"url":"https:\/\/pubeurope.com\/@pt\/117180928025801536","error":""},"_links":{"self":[{"href":"https:\/\/www.europesays.com\/pt\/wp-json\/wp\/v2\/posts\/504949","targetHints":{"allow":["GET"]}}],"collection":[{"href":"https:\/\/www.europesays.com\/pt\/wp-json\/wp\/v2\/posts"}],"about":[{"href":"https:\/\/www.europesays.com\/pt\/wp-json\/wp\/v2\/types\/post"}],"author":[{"embeddable":true,"href":"https:\/\/www.europesays.com\/pt\/wp-json\/wp\/v2\/users\/2"}],"replies":[{"embeddable":true,"href":"https:\/\/www.europesays.com\/pt\/wp-json\/wp\/v2\/comments?post=504949"}],"version-history":[{"count":0,"href":"https:\/\/www.europesays.com\/pt\/wp-json\/wp\/v2\/posts\/504949\/revisions"}],"wp:featuredmedia":[{"embeddable":true,"href":"https:\/\/www.europesays.com\/pt\/wp-json\/wp\/v2\/media\/504950"}],"wp:attachment":[{"href":"https:\/\/www.europesays.com\/pt\/wp-json\/wp\/v2\/media?parent=504949"}],"wp:term":[{"taxonomy":"category","embeddable":true,"href":"https:\/\/www.europesays.com\/pt\/wp-json\/wp\/v2\/categories?post=504949"},{"taxonomy":"post_tag","embeddable":true,"href":"https:\/\/www.europesays.com\/pt\/wp-json\/wp\/v2\/tags?post=504949"}],"curies":[{"name":"wp","href":"https:\/\/api.w.org\/{rel}","templated":true}]}}