{"id":504955,"date":"2026-08-29T21:35:14","date_gmt":"2026-08-29T21:35:14","guid":{"rendered":"https:\/\/www.europesays.com\/pt\/504955\/"},"modified":"2026-08-29T21:35:14","modified_gmt":"2026-08-29T21:35:14","slug":"agosto-dourado-veja-como-manter-amamentacao-apos-volta-ao-trabalho","status":"publish","type":"post","link":"https:\/\/www.europesays.com\/pt\/504955\/","title":{"rendered":"Agosto Dourado: veja como manter amamenta\u00e7\u00e3o ap\u00f3s volta ao trabalho"},"content":{"rendered":"<p>O retorno ao trabalho ap\u00f3s a licen\u00e7a-maternidade pode dificultar a continuidade da amamenta\u00e7\u00e3o, especialmente quando a mulher permanece muitas horas longe do beb\u00ea. Segundo o Minist\u00e9rio da Sa\u00fade, m\u00e3es que trabalham fora de casa enfrentam mais obst\u00e1culos para manter o aleitamento.<\/p>\n<p><img fetchpriority=\"high\" decoding=\"async\" class=\"size-full wp-image-220930\" src=\"https:\/\/www.europesays.com\/pt\/wp-content\/uploads\/2026\/08\/WhatsApp-Image-2026-08-27-at-17.31.19.jpeg\" alt=\"Agosto Dourado: veja como manter amamenta\u00e7\u00e3o ap\u00f3s volta ao trabalho\" width=\"1284\" height=\"848\"  \/>Foto: Divulga\u00e7\u00e3o<\/p>\n<p>A enfermeira obstetra Miriam de Souza Santos Silva orienta que a prepara\u00e7\u00e3o comece cerca de 15 dias antes da volta \u00e0s atividades, com aprendizado da ordenha e in\u00edcio do armazenamento do leite. \u201cO retorno ao trabalho pode ser emocionalmente desafiador e a rotina pode interferir na amamenta\u00e7\u00e3o, principalmente se a m\u00e3e passa muitas horas sem amamentar ou ordenhar. O mais importante \u00e9 manter o est\u00edmulo das mamas e buscar apoio\u201d, afirma.<\/p>\n<p><strong>Como fazer?<\/strong><\/p>\n<p>O leite humano cru pode ser mantido por at\u00e9 12 horas na geladeira e at\u00e9 15 dias no freezer ou congelador. O recipiente deve ser de vidro, com boca larga e tampa pl\u00e1stica que feche bem, al\u00e9m de estar devidamente higienizado. A orienta\u00e7\u00e3o \u00e9 ferver frasco e tampa por 15 minutos e deixar secar naturalmente, com a abertura voltada para baixo. No ambiente profissional, o leite deve permanecer refrigerado e ser transportado para casa em recipiente t\u00e9rmico com gelo.<\/p>\n<p>O descongelamento deve ser feito previamente na geladeira e o aquecimento em banho-maria sem contato direto com o fogo. Vale destacar que o uso de micro-ondas n\u00e3o \u00e9 recomendado devido ao risco de aquecimento desigual. Ap\u00f3s o aquecimento, o recipiente deve ser movimentado suavemente para misturar a gordura separada.<\/p>\n<p><img loading=\"lazy\" decoding=\"async\" class=\"size-full wp-image-220931\" src=\"https:\/\/www.europesays.com\/pt\/wp-content\/uploads\/2026\/08\/2020-10-15-40450223303-23ab3141ed-k.jpg\" alt=\"Agosto Dourado: veja como manter amamenta\u00e7\u00e3o ap\u00f3s volta ao trabalho\" width=\"984\" height=\"615\"  \/>Foto: Reprodu\u00e7\u00e3o<\/p>\n<p>Para oferecer o leite ao beb\u00ea, a orienta\u00e7\u00e3o \u00e9 evitar mamadeiras e chupetas, que podem interferir na amamenta\u00e7\u00e3o, e utilizar copinhos espec\u00edficos. O Minist\u00e9rio da Sa\u00fade tamb\u00e9m recomenda que a trabalhadora verifique as condi\u00e7\u00f5es dispon\u00edveis no local de trabalho para a ordenha e conserva\u00e7\u00e3o do leite, como salas de apoio \u00e0 amamenta\u00e7\u00e3o.<\/p>\n<p><strong>Rede de apoio<\/strong><\/p>\n<p>Al\u00e9m da organiza\u00e7\u00e3o da rotina, o suporte familiar, profissional e empresarial \u00e9 considerado importante para a manuten\u00e7\u00e3o do aleitamento. Empresas podem disponibilizar espa\u00e7os limpos, reservados e adequados para a ordenha e o armazenamento do leite.<\/p>\n<p>A legisla\u00e7\u00e3o brasileira tamb\u00e9m garante direitos \u00e0 trabalhadora que amamenta: conforme o artigo 396 da Consolida\u00e7\u00e3o das Leis do Trabalho (CLT), at\u00e9 o beb\u00ea completar seis meses, s\u00e3o assegurados dois descansos especiais de meia hora durante a jornada para amamenta\u00e7\u00e3o, com os hor\u00e1rios definidos em acordo individual entre empregada e empregador. Para Miriam, informa\u00e7\u00e3o e planejamento s\u00e3o fundamentais para conciliar as atividades profissionais com o aleitamento.<\/p>\n<p>Acompanhe mais not\u00edcias da <a href=\"https:\/\/anoticiadoceara-com-br.umbler.net\/rede-a-noticia\/\" rel=\"nofollow noopener\" target=\"_blank\"><strong>Rede ANC<\/strong><\/a> atrav\u00e9s do <a href=\"https:\/\/www.instagram.com\/anoticiadoceara\/\" rel=\"nofollow noopener\" target=\"_blank\"><strong>Instagram,<\/strong><\/a> <a href=\"https:\/\/open.spotify.com\/show\/5lsteJ0GmNLKZtylu4u0mf\" rel=\"nofollow noopener\" target=\"_blank\"><strong>Spotify<\/strong><\/a> ou da <a href=\"https:\/\/anoticiadoceara.com.br\/radio\/\" rel=\"nofollow noopener\" target=\"_blank\"><strong>R\u00e1dio ANC<\/strong><\/a>.<\/p>\n<p>\t\t\t\t<script async src=\"\/\/www.instagram.com\/embed.js\"><\/script><\/p>\n","protected":false},"excerpt":{"rendered":"O retorno ao trabalho ap\u00f3s a licen\u00e7a-maternidade pode dificultar a continuidade da amamenta\u00e7\u00e3o, especialmente quando a mulher permanece&hellip;\n","protected":false},"author":2,"featured_media":504956,"comment_status":"","ping_status":"","sticky":false,"template":"","format":"standard","meta":{"footnotes":"","_share_on_mastodon":"0"},"categories":[86],"tags":[10208,5362,116,32,33,117,849],"class_list":["post-504955","post","type-post","status-publish","format-standard","has-post-thumbnail","category-saude","tag-agosto-dourado","tag-amamentacao","tag-health","tag-portugal","tag-pt","tag-saude","tag-trabalho"],"share_on_mastodon":{"url":"","error":""},"_links":{"self":[{"href":"https:\/\/www.europesays.com\/pt\/wp-json\/wp\/v2\/posts\/504955","targetHints":{"allow":["GET"]}}],"collection":[{"href":"https:\/\/www.europesays.com\/pt\/wp-json\/wp\/v2\/posts"}],"about":[{"href":"https:\/\/www.europesays.com\/pt\/wp-json\/wp\/v2\/types\/post"}],"author":[{"embeddable":true,"href":"https:\/\/www.europesays.com\/pt\/wp-json\/wp\/v2\/users\/2"}],"replies":[{"embeddable":true,"href":"https:\/\/www.europesays.com\/pt\/wp-json\/wp\/v2\/comments?post=504955"}],"version-history":[{"count":0,"href":"https:\/\/www.europesays.com\/pt\/wp-json\/wp\/v2\/posts\/504955\/revisions"}],"wp:featuredmedia":[{"embeddable":true,"href":"https:\/\/www.europesays.com\/pt\/wp-json\/wp\/v2\/media\/504956"}],"wp:attachment":[{"href":"https:\/\/www.europesays.com\/pt\/wp-json\/wp\/v2\/media?parent=504955"}],"wp:term":[{"taxonomy":"category","embeddable":true,"href":"https:\/\/www.europesays.com\/pt\/wp-json\/wp\/v2\/categories?post=504955"},{"taxonomy":"post_tag","embeddable":true,"href":"https:\/\/www.europesays.com\/pt\/wp-json\/wp\/v2\/tags?post=504955"}],"curies":[{"name":"wp","href":"https:\/\/api.w.org\/{rel}","templated":true}]}}