{"id":504957,"date":"2026-08-29T21:36:43","date_gmt":"2026-08-29T21:36:43","guid":{"rendered":"https:\/\/www.europesays.com\/pt\/504957\/"},"modified":"2026-08-29T21:36:43","modified_gmt":"2026-08-29T21:36:43","slug":"lidl-lanca-sapateira-minimalista-ao-preco-mais-baixo-de-sempre","status":"publish","type":"post","link":"https:\/\/www.europesays.com\/pt\/504957\/","title":{"rendered":"Lidl lan\u00e7a sapateira minimalista ao pre\u00e7o mais baixo de sempre"},"content":{"rendered":"<p>Para al\u00e9m de um <a href=\"https:\/\/www.magazine-hd.com\/apps\/wp\/lidl-lanca-aspirador-com-funcionalidade-muito-rara-por-menos-de-20-euros\/\" target=\"_blank\" rel=\"noopener nofollow\">aspirador com uma funcionalidade muito rara<\/a> que nem 20 euros custa, o <strong>Lidl<\/strong> tamb\u00e9m tem dispon\u00edvel desde <strong>sexta-feira, dia 28 de agosto<\/strong>, uma <a href=\"https:\/\/www.lidl.pt\/p\/livarno-sapateira\/p10054055\" target=\"_blank\" rel=\"noopener nofollow\"><strong>sapateira da Livarno<\/strong><\/a>. Esta est\u00e1 com desconto de 23% face ao ano anterior. Assim, reduz o pre\u00e7o de 29,99 euros para <strong>23,99 euros<\/strong>.<\/p>\n<p>Com dimens\u00f5es de 58,5 por 72,8 por 17 cent\u00edmetros, esta sapateira \u00e9 ideal para organizar cal\u00e7ado junto \u00e0 entrada de casa. Este \u00e9 um dos pontos mais habitualmente desorganizados em muitas habita\u00e7\u00f5es portuguesas. Em muitas casas, os sapatos se acumulam ao acaso junto \u00e0 porta em vez de terem um local pr\u00f3prio de arruma\u00e7\u00e3o.<\/p>\n<p>A estrutura conta com compartimentos basculantes, um sistema de abertura por b\u00e1scula que permite guardar e retirar os sapatos de forma pr\u00e1tica, sem ocupar espa\u00e7o adicional \u00e0 frente do m\u00f3vel quando aberto, ao contr\u00e1rio de portas tradicionais com dobradi\u00e7as convencionais.<\/p>\n<p>Apoio n\u00e3o representam perigo para o ch\u00e3o<br \/>\n<img loading=\"lazy\" decoding=\"async\" class=\"size-large wp-image-783776\" src=\"https:\/\/www.europesays.com\/pt\/wp-content\/uploads\/2026\/08\/sapateira-lidl-1024x576.webp\" alt=\"sapateira lidl\" width=\"800\" height=\"450\"  \/>\u00a9 LIDL<\/p>\n<p>Um dos detalhes mais relevantes deste modelo s\u00e3o os apoios que n\u00e3o danificam o ch\u00e3o. Isto j\u00e1 \u00e9 uma preocupa\u00e7\u00e3o cada vez mais comum entre quem tem pavimentos mais sens\u00edveis, como madeira ou laminado. Al\u00e9m disso, quem n\u00e3o quer arriscar marcas ou riscos causados pelo peso do m\u00f3vel ao longo do tempo valoriza este detalhe.<\/p>\n<p>Este tipo de prote\u00e7\u00e3o nas bases \u00e9 particularmente valorizado por quem aluga a casa e n\u00e3o pode fazer altera\u00e7\u00f5es permanentes ao pavimento.<\/p>\n<p>            <img decoding=\"async\" src=\"https:\/\/www.europesays.com\/pt\/wp-content\/uploads\/2026\/08\/1788039403_810_spider-man-um-novo-dia.jpg\" alt=\"Homem-Aranha: Um Novo Dia\"\/><\/p>\n<p>\n                &#8220;Homem-Aranha: Um Novo Dia&#8221;\n            <\/p>\n<p>O design compacto, com apenas 17 cent\u00edmetros de profundidade, torna esta sapateira adequada mesmo para entradas mais estreitas.<\/p>\n<p>Tamb\u00e9m resolve corredores de acesso reduzido, um problema comum em apartamentos mais pequenos onde o espa\u00e7o junto \u00e0 porta principal \u00e9 limitado.<\/p>\n<p>Apesar das dimens\u00f5es reduzidas em profundidade, a estrutura em dois n\u00edveis basculantes permite acomodar um n\u00famero razo\u00e1vel de pares de sapatos. Assim, mant\u00e9m a entrada de casa organizada sem sacrificar espa\u00e7o \u00fatil de circula\u00e7\u00e3o.<\/p>\n<p>Al\u00e9m disso, o Lidl tamb\u00e9m lan\u00e7ou recentemente <a href=\"https:\/\/www.magazine-hd.com\/apps\/wp\/lidl-lanca-calcoes-estilo-ralph-lauren-ao-preco-mais-baixo-de-sempre\/\" target=\"_blank\" rel=\"noopener nofollow\">cal\u00e7\u00f5es<\/a> que fazem lembrar modelos da Ralph Lauren. Tamb\u00e9m, para quem tem zona exterior, lan\u00e7ou uma <a href=\"https:\/\/www.magazine-hd.com\/apps\/wp\/lidl-lanca-tesoura-de-poda-ao-preco-mais-baixo-de-sempre\/\" target=\"_blank\" rel=\"noopener nofollow\">tesoura de poda<\/a> ao estilo BLACK+DECKER.<\/p>\n","protected":false},"excerpt":{"rendered":"Para al\u00e9m de um aspirador com uma funcionalidade muito rara que nem 20 euros custa, o Lidl tamb\u00e9m&hellip;\n","protected":false},"author":2,"featured_media":504958,"comment_status":"","ping_status":"","sticky":false,"template":"","format":"standard","meta":{"footnotes":"","_share_on_mastodon":"0"},"categories":[85],"tags":[58458,2019,1875,114,115,6513,77271,1871,80926,32,70807,33,80927],"class_list":["post-504957","post","type-post","status-publish","format-standard","has-post-thumbnail","category-entretenimento","tag-arrumacao","tag-casa","tag-decoracao","tag-entertainment","tag-entretenimento","tag-lidl","tag-livarno","tag-moveis","tag-organizacao-da-casa","tag-portugal","tag-promocoes-lidl","tag-pt","tag-sapateira"],"share_on_mastodon":{"url":"https:\/\/pubeurope.com\/@pt\/117180956465385913","error":""},"_links":{"self":[{"href":"https:\/\/www.europesays.com\/pt\/wp-json\/wp\/v2\/posts\/504957","targetHints":{"allow":["GET"]}}],"collection":[{"href":"https:\/\/www.europesays.com\/pt\/wp-json\/wp\/v2\/posts"}],"about":[{"href":"https:\/\/www.europesays.com\/pt\/wp-json\/wp\/v2\/types\/post"}],"author":[{"embeddable":true,"href":"https:\/\/www.europesays.com\/pt\/wp-json\/wp\/v2\/users\/2"}],"replies":[{"embeddable":true,"href":"https:\/\/www.europesays.com\/pt\/wp-json\/wp\/v2\/comments?post=504957"}],"version-history":[{"count":0,"href":"https:\/\/www.europesays.com\/pt\/wp-json\/wp\/v2\/posts\/504957\/revisions"}],"wp:featuredmedia":[{"embeddable":true,"href":"https:\/\/www.europesays.com\/pt\/wp-json\/wp\/v2\/media\/504958"}],"wp:attachment":[{"href":"https:\/\/www.europesays.com\/pt\/wp-json\/wp\/v2\/media?parent=504957"}],"wp:term":[{"taxonomy":"category","embeddable":true,"href":"https:\/\/www.europesays.com\/pt\/wp-json\/wp\/v2\/categories?post=504957"},{"taxonomy":"post_tag","embeddable":true,"href":"https:\/\/www.europesays.com\/pt\/wp-json\/wp\/v2\/tags?post=504957"}],"curies":[{"name":"wp","href":"https:\/\/api.w.org\/{rel}","templated":true}]}}