{"id":50497,"date":"2025-08-29T17:57:08","date_gmt":"2025-08-29T17:57:08","guid":{"rendered":"https:\/\/www.europesays.com\/pt\/50497\/"},"modified":"2025-08-29T17:57:08","modified_gmt":"2025-08-29T17:57:08","slug":"quem-teve-mais-expulsoes-sporting-ou-fc-porto-estas-sao-as-contas","status":"publish","type":"post","link":"https:\/\/www.europesays.com\/pt\/50497\/","title":{"rendered":"Quem teve mais expuls\u00f5es: Sporting ou FC Porto? Estas s\u00e3o as contas"},"content":{"rendered":"<p>O treinador do <a target=\"_blank\" class=\"editor-link autolink-enabled\" href=\"https:\/\/www.abola.pt\/futebol\/fc-porto-451\" data-resource-id=\"451\" data-resource-type=\"team\" data-sport=\"football\" rel=\"nofollow noopener\">FC Porto<\/a>, Francesco Farioli, colocou sal e pimenta no cl\u00e1ssico deste s\u00e1bado entre <a target=\"_blank\" class=\"editor-link autolink-enabled\" href=\"https:\/\/www.abola.pt\/futebol\/sporting-448\" data-resource-id=\"448\" data-resource-type=\"team\" data-sport=\"football\" rel=\"nofollow noopener\">Sporting<\/a> e <a target=\"_blank\" class=\"editor-link autolink-enabled\" href=\"https:\/\/www.abola.pt\/futebol\/fc-porto-451\" data-resource-id=\"451\" data-resource-type=\"team\" data-sport=\"football\" rel=\"nofollow noopener\">FC Porto<\/a>, ao dizer que \u00abnos \u00faltimos jogos, foi dif\u00edcil ver os advers\u00e1rios com 11 diante do <a target=\"_blank\" class=\"editor-link autolink-enabled\" href=\"https:\/\/www.abola.pt\/futebol\/sporting-448\" data-resource-id=\"448\" data-resource-type=\"team\" data-sport=\"football\" rel=\"nofollow noopener\">Sporting<\/a>\u00bb. \u00abDesde que o Rui Borges chegou, de 23 jogos, em 7, ou em 1\/3 dos jogos, jogaram contra 10 jogadores.\u00bb, adiantou o treinador italiano.<\/p>\n<p>Num fact check das palavras do t\u00e9cnico, de 36 anos, verifica-se que, por exemplo, desde 26 de dezembro do ano passado, quando o treinador mirandelense assumiu o comando dos le\u00f5es, estes sofreram sete expuls\u00f5es, contra quatro dos drag\u00f5es. J\u00e1 no que se refere aos advers\u00e1rios de um e outro, os oponentes dos verde e brancos viram sete dos seus futebolistas receberem ordem de expuls\u00e3o, enquanto os dos azuis e brancos oito.<\/p>\n<p>No que se refere apenas e s\u00f3 a cl\u00e1ssicos, os de Alvalade viram dez dos seus jogadores serem expulsos nos \u00faltimos 13, enquanto nos drag\u00f5es apenas dois receberam ordem para abandonar o relvado. No que toca a jogos do <a target=\"_blank\" class=\"editor-link autolink-enabled\" href=\"https:\/\/www.abola.pt\/futebol\/sporting-448\" data-resource-id=\"448\" data-resource-type=\"team\" data-sport=\"football\" rel=\"nofollow noopener\">Sporting<\/a> no Drag\u00e3o, nas \u00faltimas quatro desloca\u00e7\u00f5es, cinco expulsos. Curiosamente, na \u00e9poca passada tamb\u00e9m houve um cl\u00e1ssico \u00e0 quarta jornada e nas tr\u00eas primeiras rondas os drag\u00f5es jogaram sempre uma parte dos encontros em superioridade num\u00e9rica.<\/p>\n<p>Estratificando as \u00faltimas cinco temporadas em jogos da <a target=\"_blank\" class=\"editor-link autolink-enabled\" href=\"https:\/\/www.abola.pt\/futebol\/competicao\/liga-portugal-betclic-13\" data-resource-id=\"13\" data-resource-type=\"competition\" data-sport=\"football\" rel=\"nofollow noopener\">Liga<\/a>, s\u00e3o estes os n\u00fameros: em 2020\/21 o <a target=\"_blank\" class=\"editor-link autolink-enabled\" href=\"https:\/\/www.abola.pt\/futebol\/fc-porto-451\" data-resource-id=\"451\" data-resource-type=\"team\" data-sport=\"football\" rel=\"nofollow noopener\">FC Porto<\/a> jogou mais 46 minutos em superioridade num\u00e9rica que o <a target=\"_blank\" class=\"editor-link autolink-enabled\" href=\"https:\/\/www.abola.pt\/futebol\/sporting-448\" data-resource-id=\"448\" data-resource-type=\"team\" data-sport=\"football\" rel=\"nofollow noopener\">Sporting<\/a>, na \u00e9poca seguinte os minutos saltaram para os 432 minutos; em 2022\/23 desceu para 84 minutos em superioridade num\u00e9rica. A temporada 2023\/24 foi a \u00fanica em que o clube de Alvalade esteve mais tempo com um futebolista em campo relativamente \u00e0s partidas do <a target=\"_blank\" class=\"editor-link autolink-enabled\" href=\"https:\/\/www.abola.pt\/futebol\/fc-porto-451\" data-resource-id=\"451\" data-resource-type=\"team\" data-sport=\"football\" rel=\"nofollow noopener\">FC Porto<\/a>, superando os drag\u00f5es em 42 minutos. Na \u00faltima \u00e9poca, a vantagem passou a ser para os drag\u00f5es, por 238 minutos. Assim, no c\u00f4mputo geral, o <a target=\"_blank\" class=\"editor-link autolink-enabled\" href=\"https:\/\/www.abola.pt\/futebol\/fc-porto-451\" data-resource-id=\"451\" data-resource-type=\"team\" data-sport=\"football\" rel=\"nofollow noopener\">FC Porto<\/a> jogou mais 758 minutos em superioridade num\u00e9rica do que o <a target=\"_blank\" class=\"editor-link autolink-enabled\" href=\"https:\/\/www.abola.pt\/futebol\/sporting-448\" data-resource-id=\"448\" data-resource-type=\"team\" data-sport=\"football\" rel=\"nofollow noopener\">Sporting<\/a>.<\/p>\n","protected":false},"excerpt":{"rendered":"O treinador do FC Porto, Francesco Farioli, colocou sal e pimenta no cl\u00e1ssico deste s\u00e1bado entre Sporting e&hellip;\n","protected":false},"author":2,"featured_media":50498,"comment_status":"","ping_status":"","sticky":false,"template":"","format":"standard","meta":{"footnotes":""},"categories":[87],"tags":[135,32,33,134],"class_list":{"0":"post-50497","1":"post","2":"type-post","3":"status-publish","4":"format-standard","5":"has-post-thumbnail","7":"category-desporto","8":"tag-desporto","9":"tag-portugal","10":"tag-pt","11":"tag-sports"},"share_on_mastodon":{"url":"","error":""},"_links":{"self":[{"href":"https:\/\/www.europesays.com\/pt\/wp-json\/wp\/v2\/posts\/50497","targetHints":{"allow":["GET"]}}],"collection":[{"href":"https:\/\/www.europesays.com\/pt\/wp-json\/wp\/v2\/posts"}],"about":[{"href":"https:\/\/www.europesays.com\/pt\/wp-json\/wp\/v2\/types\/post"}],"author":[{"embeddable":true,"href":"https:\/\/www.europesays.com\/pt\/wp-json\/wp\/v2\/users\/2"}],"replies":[{"embeddable":true,"href":"https:\/\/www.europesays.com\/pt\/wp-json\/wp\/v2\/comments?post=50497"}],"version-history":[{"count":0,"href":"https:\/\/www.europesays.com\/pt\/wp-json\/wp\/v2\/posts\/50497\/revisions"}],"wp:featuredmedia":[{"embeddable":true,"href":"https:\/\/www.europesays.com\/pt\/wp-json\/wp\/v2\/media\/50498"}],"wp:attachment":[{"href":"https:\/\/www.europesays.com\/pt\/wp-json\/wp\/v2\/media?parent=50497"}],"wp:term":[{"taxonomy":"category","embeddable":true,"href":"https:\/\/www.europesays.com\/pt\/wp-json\/wp\/v2\/categories?post=50497"},{"taxonomy":"post_tag","embeddable":true,"href":"https:\/\/www.europesays.com\/pt\/wp-json\/wp\/v2\/tags?post=50497"}],"curies":[{"name":"wp","href":"https:\/\/api.w.org\/{rel}","templated":true}]}}