{"id":504977,"date":"2026-08-29T21:58:22","date_gmt":"2026-08-29T21:58:22","guid":{"rendered":"https:\/\/www.europesays.com\/pt\/504977\/"},"modified":"2026-08-29T21:58:22","modified_gmt":"2026-08-29T21:58:22","slug":"lito-souza-fala-a-tv-pela-primeira-vez-desde-que-foi-diagnosticado-com-doenca-rara","status":"publish","type":"post","link":"https:\/\/www.europesays.com\/pt\/504977\/","title":{"rendered":"Lito Souza fala \u00e0 TV pela primeira vez desde que foi diagnosticado com doen\u00e7a rara"},"content":{"rendered":"<p class=\"headlines\">Lito Sousa aparece em v\u00eddeo fazendo apelo a pesquisadores da doen\u00e7a de Creutzfeldt-Jacob<\/p>\n<p>1:08<\/p>\n<p><img  loading=\"lazy\" class=\"thumb lazy-load-img\"\/><\/p>\n<p class=\"description\">Mec\u00e2nico e piloto de avi\u00f5es foi diagnosticado com doen\u00e7a rara; ele apareceu em v\u00eddeo publicado no Instagram fazendo apelo a pesquisadores.  Cr\u00e9dito: @lito via Instagram<\/p>\n<p data-component-name=\"paragraph\" class=\"styles__ParagraphStyled-sc-6adecn-0 geGWDE theme-default  \">O influenciador <a href=\"https:\/\/www.estadao.com.br\/brasil\/quem-e-lito-sousa-mecanico-de-avioes-que-fez-fama-no-youtube-e-enfrenta-doenca-rara-npr\/?srsltid=AfmBOoqGH8_FN7BZHIawjyEGtx7yNddwMgpfKEaRplJ1ah-aaAUV01OJ\" target=\"_blank\" rel=\"nofollow noopener\" title=\"https:\/\/www.estadao.com.br\/brasil\/quem-e-lito-sousa-mecanico-de-avioes-que-fez-fama-no-youtube-e-enfrenta-doenca-rara-npr\/?srsltid=AfmBOoqGH8_FN7BZHIawjyEGtx7yNddwMgpfKEaRplJ1ah-aaAUV01OJ\"><strong>Lito Sousa<\/strong><\/a>, do canal Avi\u00f5es e M\u00fasicas, deu a sua primeira entrevista desde que foi <a href=\"https:\/\/www.estadao.com.br\/brasil\/lito-sousa-se-emociona-ao-falar-de-diagnostico-em-video-o-jogo-so-acaba-quando-termina-npr\/\" target=\"_blank\" rel=\"noreferrer nofollow noopener\" title=\"https:\/\/www.estadao.com.br\/brasil\/lito-sousa-se-emociona-ao-falar-de-diagnostico-em-video-o-jogo-so-acaba-quando-termina-npr\/\"><strong>diagnosticado com a doen\u00e7a neurodegenerativa de Creutzfeldt-Jakob<\/strong><\/a>. O ex-mec\u00e2nico de avia\u00e7\u00e3o, de 59 anos, recebeu o laudo da doen\u00e7a em meados de agosto.<\/p>\n<p>A entrevista ser\u00e1 exibida domingo, 30, no programa Domingo Espetacular, da Rede Record. A emissora afirma que teve acesso a um depoimento exclusivo feito diretamente do hospital.<\/p>\n<p data-component-name=\"paragraph\" class=\"styles__ParagraphStyled-sc-6adecn-0 geGWDE theme-default  \">A mulher de Lito, Mila Seidl, busca mobiliza\u00e7\u00e3o nas redes e em \u00f3rg\u00e3os oficiais para que Lito seja aceito em pesquisas experimentais, principalmente em universidades fora do Brasil. \u201cEla tem me ajudado de todas as maneiras, com todos os contatos que ela consegue. Tem feito v\u00eddeos e abalado a internet\u201d, disse Lito. <\/p>\n<p><img  loading=\"lazy\" class=\"lazy-load-img\"\/><\/p>\n<p>Lito Sousa comemorou do hospital a chegada do canal Avi\u00f5es e M\u00fasicas \u00e0 marca de 4 milh\u00f5es de inscritos no YouTube.\u00a0Foto:  Reprodu\u00e7\u00e3o\/Instagram lito<\/p>\n<p data-component-name=\"paragraph\" class=\"styles__ParagraphStyled-sc-6adecn-0 geGWDE theme-default  \">De acordo com Mila, o <a href=\"https:\/\/www.estadao.com.br\/brasil\/mulher-de-lito-sousa-diz-que-estudos-nao-tem-vaga-para-tratamento-experimental-nos-resta-esperar-npr\/\" target=\"_blank\" rel=\"noreferrer nofollow noopener\" title=\"https:\/\/www.estadao.com.br\/brasil\/mulher-de-lito-sousa-diz-que-estudos-nao-tem-vaga-para-tratamento-experimental-nos-resta-esperar-npr\/\"><strong>marido ainda n\u00e3o conseguiu uma vaga em estudos de tratamentos experimentais<\/strong><\/a> para a doen\u00e7a. Departamentos das Universidades de Harvard e MIT j\u00e1 teriam sido acionados na tentativa. \u201c\u00c9 uma doen\u00e7a rara, com um quadro cl\u00ednico raro, com um homem raro. E a gente vai ter um desfecho raro\u201d, disse.<\/p>\n<p data-component-name=\"paragraph\" class=\"styles__ParagraphStyled-sc-6adecn-0 geGWDE theme-default  \">Lito se mostra otimista com as possibilidades de tratamento oferecidas por um medicamento em fase de teste por uma empresa farmac\u00eautica americana: \u201cEm dois meses, eles devem reabrir para esse rem\u00e9dio, que \u00e9 bastante promissor. E vou estar preparado\u201d, afirma.<\/p>\n<p>Veja mais <\/p>\n<p>Diagn\u00f3stico ap\u00f3s sintomas neurol\u00f3gicos<\/p>\n<p data-component-name=\"paragraph\" class=\"styles__ParagraphStyled-sc-6adecn-0 geGWDE theme-default  \">Lito descobriu a doen\u00e7a depois de ter sido diagnosticado com c\u00e2ncer de pr\u00f3stata h\u00e1 cerca de quatro meses. Enquanto organizava o tratamento, Lito come\u00e7ou a apresentar sintomas neurol\u00f3gicos at\u00edpicos. Ele percebeu uma perda progressiva do controle motor do bra\u00e7o e da m\u00e3o esquerdos enquanto digitava roteiros para o canal, que evoluiu para dorm\u00eancia e falta de coordena\u00e7\u00e3o.<\/p>\n<p data-component-name=\"paragraph\" class=\"styles__ParagraphStyled-sc-6adecn-0 geGWDE theme-default  \">O influenciador procurou atendimento no Hospital Albert Einstein, na zona sul de S\u00e3o Paulo, e passou por uma s\u00e9rie de exames at\u00e9 receber o diagn\u00f3stico da doen\u00e7a de Creutzfeldt-Jakob. Recentemente, o influenciador relatou uma melhora nos movimentos da m\u00e3o esquerda. Em um v\u00eddeo publicado nas redes sociais, contou que a m\u00e3o, antes praticamente parada, voltou a realizar alguns movimentos durante a interna\u00e7\u00e3o.<\/p>\n<p data-component-name=\"paragraph\" class=\"styles__ParagraphStyled-sc-6adecn-0 geGWDE theme-default  \">\u201cEssa minha m\u00e3o que est\u00e1 aqui do lado esquerdo, meio parada, ela n\u00e3o conseguia se mexer e hoje ela j\u00e1 est\u00e1 fazendo movimentos. Ent\u00e3o, eu n\u00e3o desisto, como o Palmeiras n\u00e3o desiste. No primeiro movimento que ela fez aqui no hospital mesmo, eu falei para quem estava vendo, de olhos esbugalhados: \u2018Aqui \u00e9 Palmeiras, p&#8230;\u2019\u201d, afirmou, citando seu time de futebol.<\/p>\n","protected":false},"excerpt":{"rendered":"Lito Sousa aparece em v\u00eddeo fazendo apelo a pesquisadores da doen\u00e7a de Creutzfeldt-Jacob 1:08 Mec\u00e2nico e piloto de&hellip;\n","protected":false},"author":2,"featured_media":504978,"comment_status":"","ping_status":"","sticky":false,"template":"","format":"standard","meta":{"footnotes":"","_share_on_mastodon":"0"},"categories":[145],"tags":[211,210,114,115,32,33,1711],"class_list":["post-504977","post","type-post","status-publish","format-standard","has-post-thumbnail","category-celebridades","tag-celebridades","tag-celebrities","tag-entertainment","tag-entretenimento","tag-portugal","tag-pt","tag-sample"],"share_on_mastodon":{"url":"https:\/\/pubeurope.com\/@pt\/117181042267251648","error":""},"_links":{"self":[{"href":"https:\/\/www.europesays.com\/pt\/wp-json\/wp\/v2\/posts\/504977","targetHints":{"allow":["GET"]}}],"collection":[{"href":"https:\/\/www.europesays.com\/pt\/wp-json\/wp\/v2\/posts"}],"about":[{"href":"https:\/\/www.europesays.com\/pt\/wp-json\/wp\/v2\/types\/post"}],"author":[{"embeddable":true,"href":"https:\/\/www.europesays.com\/pt\/wp-json\/wp\/v2\/users\/2"}],"replies":[{"embeddable":true,"href":"https:\/\/www.europesays.com\/pt\/wp-json\/wp\/v2\/comments?post=504977"}],"version-history":[{"count":0,"href":"https:\/\/www.europesays.com\/pt\/wp-json\/wp\/v2\/posts\/504977\/revisions"}],"wp:featuredmedia":[{"embeddable":true,"href":"https:\/\/www.europesays.com\/pt\/wp-json\/wp\/v2\/media\/504978"}],"wp:attachment":[{"href":"https:\/\/www.europesays.com\/pt\/wp-json\/wp\/v2\/media?parent=504977"}],"wp:term":[{"taxonomy":"category","embeddable":true,"href":"https:\/\/www.europesays.com\/pt\/wp-json\/wp\/v2\/categories?post=504977"},{"taxonomy":"post_tag","embeddable":true,"href":"https:\/\/www.europesays.com\/pt\/wp-json\/wp\/v2\/tags?post=504977"}],"curies":[{"name":"wp","href":"https:\/\/api.w.org\/{rel}","templated":true}]}}