{"id":50499,"date":"2025-08-29T17:58:10","date_gmt":"2025-08-29T17:58:10","guid":{"rendered":"https:\/\/www.europesays.com\/pt\/50499\/"},"modified":"2025-08-29T17:58:10","modified_gmt":"2025-08-29T17:58:10","slug":"amanda-francozo-fala-de-transtornos-alimentares-em-seu-programa","status":"publish","type":"post","link":"https:\/\/www.europesays.com\/pt\/50499\/","title":{"rendered":"Amanda Fran\u00e7ozo fala de transtornos alimentares em seu programa"},"content":{"rendered":"<p>\t\t\tNo s\u00e1bado (30\/8), \u00e0s 19h30, o &#8220;<a href=\"https:\/\/www.a12.com\/tv\/programas\/de-papo-com-amanda-francozo\" target=\"_blank\" rel=\"nofollow noopener\">De Papo com Amanda Fran\u00e7ozo<\/a>&#8221; vai receber convidados, especialistas de diferentes \u00e1reas, que v\u00e3o somar seus conhecimentos sobre o tema do dia: transtornos alimentares. Eles v\u00e3o esclarecer d\u00favidas no programa da TV Aparecida e apresentar caminhos para o cuidado e o acolhimento.<\/p>\n<p>Entre os entrevistados de Amanda Fran\u00e7ozo, estar\u00e1 a nutricionista Amanda Costa. Ela \u00e9 especialista em nutri\u00e7\u00e3o esportiva pela USP (Universidade de S\u00e3o Paulo), palestrante e mentora em sa\u00fade e bem-estar. Ap\u00f3s viver na pele um transtorno alimentar, ela escolheu a nutri\u00e7\u00e3o como caminho de cura e acolhimento. Hoje, com uma abordagem humanizada e integrativa, ajuda milhares de pessoas a se reconectarem com seus corpos e a constru\u00edrem uma rela\u00e7\u00e3o mais leve com a comida. <\/p>\n<p>O nutr\u00f3logo e generalista Vin\u00edcius Sobreiro vai partilhar o seu olhar sobre os transtornos alimentares, dando dicas sobre os sinais de alerta e quando \u00e9 hora de procurar ajuda m\u00e9dica. O profissional une experi\u00eancia cl\u00ednica, conhecimento em sa\u00fade metab\u00f3lica e um olhar profundo sobre obesidade e horm\u00f4nios. Ele ajuda pacientes a encontrarem o equil\u00edbrio entre corpo, mente e bem-estar. <\/p>\n<p>J\u00e1 Elaine Dias, refer\u00eancia em endocrinologia e metabologia, com PhD pela USP, vai falar sobre as altera\u00e7\u00f5es hormonais e seus efeitos negativos na sa\u00fade, provenientes de transtornos alimentares. A especialista ir\u00e1 abordar tamb\u00e9m como o endocrinologista pode auxiliar nessa reposi\u00e7\u00e3o hormonal e ajudar no processo de desenvolvimento de jovens em processo de crescimento.<\/p>\n<p>Tem ainda a fisioterapeuta Bianca Thurm. Com uma trajet\u00f3ria s\u00f3lida na pesquisa e no cuidado de pacientes com dist\u00farbios de imagem corporal, ela \u00e9 refer\u00eancia nacional no estudo dos transtornos alimentares, fisioterapeuta, professora e p\u00f3s-doutorada. Na atra\u00e7\u00e3o, ela vai falar sobre os principais tratamentos psiqui\u00e1tricos que os pacientes com dist\u00farbio alimentar passam e como \u00e9 sua evolu\u00e7\u00e3o. Tamb\u00e9m vai abordar como podem oferecer ajuda e identificar uma pessoa com esses transtornos em um ambiente familiar.<\/p>\n<p>Por fim, estar\u00e1 no programa Rog\u00e9ria Taragano. Ela \u00e9 psic\u00f3loga cl\u00ednica, mestre em Ci\u00eancias pela Faculdade de Medicina da USP, com forma\u00e7\u00e3o internacional e vasta experi\u00eancia no AMBULIM \u2013 o principal centro de atendimento e pesquisa sobre o tema no Brasil \u2013, ela une ci\u00eancia, escuta qualificada e acolhimento. Tamb\u00e9m \u00e9 professora, supervisora e difusora de uma abordagem terap\u00eautica humanizada, que vai al\u00e9m do sintoma e mergulha na rela\u00e7\u00e3o entre mente, corpo e comida. Ela vai abordar o tema sob a perspectiva da psicologia, trazendo maior entendimento a respeito.<\/p>\n<p>&#13;<\/p>\n<ul class=\"photos\">\n<li class=\"photo\">\n\t\t\t\t\t\t\t\t\t<img decoding=\"async\" src=\"https:\/\/www.europesays.com\/pt\/wp-content\/uploads\/2025\/08\/De-papo-com-amanda-francozo-aborda-o-tema-transtornos-alimentares-208420_644-483-0-0.jpg\" alt=\"\"\/><\/p>\n<p>Apresentadora Amanda Fran\u00e7ozo recebe &#8230;<a class=\"show\">mais<\/a>Apresentadora Amanda Fran\u00e7ozo recebe especialistas em sa\u00fade e bem-estar para falar sobre transtornos alimentares no &#8220;De Papo&#8221; deste s\u00e1bado (30\/8), \u00e0s 19h30.<a class=\"hide\">menos<\/a><br \/>&#8211; Foto: Melody de Paulo \/ TV Aparecida<\/p>\n<\/li>\n<li class=\"photo\">\n\t\t\t\t\t\t\t\t\t<img decoding=\"async\" src=\"https:\/\/www.europesays.com\/pt\/wp-content\/uploads\/2025\/08\/Convidados-do-de-papo-com-amanda-francozo-falam-sobre-disturbios-alimentares_4-579901_644-483-0-0.jp.jpeg\" alt=\"\"\/><\/p>\n<p>Apresentadora Amanda Fran\u00e7ozo recebe &#8230;<a class=\"show\">mais<\/a>Apresentadora Amanda Fran\u00e7ozo recebe especialistas em sa\u00fade e bem-estar para falar sobre transtornos alimentares no &#8220;De Papo&#8221; deste s\u00e1bado (30\/8), \u00e0s 19h30.<a class=\"hide\">menos<\/a><br \/>&#8211; Foto: Melody de Paulo \/ TV Aparecida<\/p>\n<\/li>\n<li class=\"photo\">\n\t\t\t\t\t\t\t\t\t<img decoding=\"async\" src=\"https:\/\/www.europesays.com\/pt\/wp-content\/uploads\/2025\/08\/Convidados-do-de-papo-com-amanda-francozo-falam-sobre-disturbios-alimentares_2-110272_644-483-0-0.jp.jpeg\" alt=\"\"\/><\/p>\n<p>Apresentadora Amanda Fran\u00e7ozo recebe &#8230;<a class=\"show\">mais<\/a>Apresentadora Amanda Fran\u00e7ozo recebe especialistas em sa\u00fade e bem-estar para falar sobre transtornos alimentares no &#8220;De Papo&#8221; deste s\u00e1bado (30\/8), \u00e0s 19h30.<a class=\"hide\">menos<\/a><br \/>&#8211; Foto: Melody de Paulo \/ TV Aparecida<\/p>\n<\/li>\n<li class=\"photo\">\n\t\t\t\t\t\t\t\t\t<img decoding=\"async\" src=\"https:\/\/www.europesays.com\/pt\/wp-content\/uploads\/2025\/08\/Convidados-do-de-papo-com-amanda-francozo-falam-sobre-disturbios-alimentares_5-017794_644-483-0-0.jp.jpeg\" alt=\"\"\/><\/p>\n<p>Apresentadora Amanda Fran\u00e7ozo recebe &#8230;<a class=\"show\">mais<\/a>Apresentadora Amanda Fran\u00e7ozo recebe especialistas em sa\u00fade e bem-estar para falar sobre transtornos alimentares no &#8220;De Papo&#8221; deste s\u00e1bado (30\/8), \u00e0s 19h30.<a class=\"hide\">menos<\/a><br \/>&#8211; Foto: Melody de Paulo \/ TV Aparecida<\/p>\n<\/li>\n<li class=\"photo\">\n\t\t\t\t\t\t\t\t\t<img decoding=\"async\" src=\"https:\/\/www.europesays.com\/pt\/wp-content\/uploads\/2025\/08\/Convidados-do-de-papo-com-amanda-francozo-falam-sobre-disturbios-alimentares_3-827319_644-483-0-0.jp.jpeg\" alt=\"\"\/><\/p>\n<p>Apresentadora Amanda Fran\u00e7ozo recebe &#8230;<a class=\"show\">mais<\/a>Apresentadora Amanda Fran\u00e7ozo recebe especialistas em sa\u00fade e bem-estar para falar sobre transtornos alimentares no &#8220;De Papo&#8221; deste s\u00e1bado (30\/8), \u00e0s 19h30.<a class=\"hide\">menos<\/a><br \/>&#8211; Foto: Melody de Paulo \/ TV Aparecida<\/p>\n<\/li>\n<li class=\"photo\">\n\t\t\t\t\t\t\t\t\t<img decoding=\"async\" src=\"https:\/\/www.europesays.com\/pt\/wp-content\/uploads\/2025\/08\/Convidados-do-de-papo-com-amanda-francozo-falam-sobre-disturbios-alimentares_1-287277_644-483-0-0.jp.jpeg\" alt=\"\"\/><\/p>\n<p>Apresentadora Amanda Fran\u00e7ozo recebe &#8230;<a class=\"show\">mais<\/a>Apresentadora Amanda Fran\u00e7ozo recebe especialistas em sa\u00fade e bem-estar para falar sobre transtornos alimentares no &#8220;De Papo&#8221; deste s\u00e1bado (30\/8), \u00e0s 19h30.<a class=\"hide\">menos<\/a><br \/>&#8211; Foto: Melody de Paulo \/ TV Aparecida<\/p>\n<\/li>\n<li class=\"photo\">\n\t\t\t\t\t\t\t\t\t<img decoding=\"async\" src=\"https:\/\/www.europesays.com\/pt\/wp-content\/uploads\/2025\/08\/convidados-do-de-papo-com-amanda-francozo-032134_644-483-0-0.jpg\" alt=\"\"\/><\/p>\n<p>Apresentadora Amanda Fran\u00e7ozo recebe &#8230;<a class=\"show\">mais<\/a>Apresentadora Amanda Fran\u00e7ozo recebe especialistas em sa\u00fade e bem-estar para falar sobre transtornos alimentares no &#8220;De Papo&#8221; deste s\u00e1bado (30\/8), \u00e0s 19h30.<a class=\"hide\">menos<\/a><\/p>\n<\/li>\n<\/ul>\n<p>\t\t\t\t\t\t1\/7<\/p>\n<p>\t\t\t\t\t&#13;\n\t\t<\/p>\n<p>&#8220;De Papo com Amanda Fran\u00e7ozo&#8221;, s\u00e1bado, \u00e0s 19h30<\/p>\n","protected":false},"excerpt":{"rendered":"No s\u00e1bado (30\/8), \u00e0s 19h30, o &#8220;De Papo com Amanda Fran\u00e7ozo&#8221; vai receber convidados, especialistas de diferentes \u00e1reas,&hellip;\n","protected":false},"author":2,"featured_media":50500,"comment_status":"","ping_status":"","sticky":false,"template":"","format":"standard","meta":{"footnotes":""},"categories":[86],"tags":[14817,14814,14812,3210,9657,116,14815,32,14816,33,117,1030,14811,14813],"class_list":{"0":"post-50499","1":"post","2":"type-post","3":"status-publish","4":"format-standard","5":"has-post-thumbnail","7":"category-saude","8":"tag-acolhimento-humanizado","9":"tag-amanda-francozo","10":"tag-disturbio-alimentar","11":"tag-endocrinologia","12":"tag-fisioterapia","13":"tag-health","14":"tag-nutricao-esportiva","15":"tag-portugal","16":"tag-psicologia-clinica","17":"tag-pt","18":"tag-saude","19":"tag-saude-mental","20":"tag-transtornos-alimentares","21":"tag-tratamento-transtornos-alimentares"},"share_on_mastodon":{"url":"","error":""},"_links":{"self":[{"href":"https:\/\/www.europesays.com\/pt\/wp-json\/wp\/v2\/posts\/50499","targetHints":{"allow":["GET"]}}],"collection":[{"href":"https:\/\/www.europesays.com\/pt\/wp-json\/wp\/v2\/posts"}],"about":[{"href":"https:\/\/www.europesays.com\/pt\/wp-json\/wp\/v2\/types\/post"}],"author":[{"embeddable":true,"href":"https:\/\/www.europesays.com\/pt\/wp-json\/wp\/v2\/users\/2"}],"replies":[{"embeddable":true,"href":"https:\/\/www.europesays.com\/pt\/wp-json\/wp\/v2\/comments?post=50499"}],"version-history":[{"count":0,"href":"https:\/\/www.europesays.com\/pt\/wp-json\/wp\/v2\/posts\/50499\/revisions"}],"wp:featuredmedia":[{"embeddable":true,"href":"https:\/\/www.europesays.com\/pt\/wp-json\/wp\/v2\/media\/50500"}],"wp:attachment":[{"href":"https:\/\/www.europesays.com\/pt\/wp-json\/wp\/v2\/media?parent=50499"}],"wp:term":[{"taxonomy":"category","embeddable":true,"href":"https:\/\/www.europesays.com\/pt\/wp-json\/wp\/v2\/categories?post=50499"},{"taxonomy":"post_tag","embeddable":true,"href":"https:\/\/www.europesays.com\/pt\/wp-json\/wp\/v2\/tags?post=50499"}],"curies":[{"name":"wp","href":"https:\/\/api.w.org\/{rel}","templated":true}]}}