{"id":5050,"date":"2025-07-28T09:04:14","date_gmt":"2025-07-28T09:04:14","guid":{"rendered":"https:\/\/www.europesays.com\/pt\/5050\/"},"modified":"2025-07-28T09:04:14","modified_gmt":"2025-07-28T09:04:14","slug":"mercado-forest-resiste-ao-sporting-por-jota-silva","status":"publish","type":"post","link":"https:\/\/www.europesays.com\/pt\/5050\/","title":{"rendered":"Mercado: Forest resiste ao Sporting por Jota Silva"},"content":{"rendered":"<p class=\"summary\">Ingleses pretendem cl\u00e1usula de compra obrigat\u00f3ria de \u20ac10M, le\u00f5es opcional<\/p>\n<p>Continuam as negocia\u00e7\u00f5es entre o <a class=\"autolink-enabled\" data-resource-id=\"448\" data-resource-type=\"team\" data-sport=\"football\" href=\"https:\/\/www.abola.pt\/futebol\/sporting-448\" rel=\"nofollow noopener\" target=\"_blank\">Sporting<\/a> e o <a class=\"autolink-enabled\" data-resource-id=\"133\" data-resource-type=\"team\" data-sport=\"football\" href=\"https:\/\/www.abola.pt\/futebol\/nottingham-forest-133\" rel=\"nofollow noopener\" target=\"_blank\">Nottingham Forest<\/a> por <a class=\"autolink-enabled\" data-resource-id=\"217829\" data-resource-type=\"player\" data-sport=\"football\" href=\"https:\/\/www.abola.pt\/futebol\/jogador\/jota-silva-217829\" rel=\"nofollow noopener\" target=\"_blank\">Jota Silva<\/a>, o jogador pretendido por Rui Borges para refor\u00e7ar as alas do ataque mas, para j\u00e1, a opera\u00e7\u00e3o n\u00e3o se adivinha de f\u00e1cil resolu\u00e7\u00e3o.<\/p>\n<p>Os le\u00f5es avan\u00e7aram com uma proposta para receber o ex-V. <a class=\"autolink-enabled\" data-resource-id=\"443\" data-resource-type=\"team\" data-sport=\"football\" href=\"https:\/\/www.abola.pt\/futebol\/vitoria-de-guimaraes-443\" rel=\"nofollow noopener\" target=\"_blank\">Guimar\u00e3es<\/a> por empr\u00e9stimo e o emblema orientado por Nuno Esp\u00edrito Santo aceitou mas mediante algumas condi\u00e7\u00f5es. De facto, segundo apur\u00e1mos, os brit\u00e2nicos pretendem que no final do per\u00edodo de ced\u00eancia v\u00e1lido por uma \u00e9poca exista no contrato celebrado entre os dois clubes uma cl\u00e1usula de compra obrigat\u00f3ria do passe do jogador por parte dos le\u00f5es na ordem dos \u20ac10M. Os verde e brancos resistem a esta ideia e aceitam este item no acordo escrito, mas que este seja opcional.<\/p>\n<p><a class=\"news-item-image\" href=\"https:\/\/www.abola.pt\/futebol\/noticias\/sporting-jota-silva-e-mesmo-para-avancar-e-jorge-mendes-entra-no-processo-2025072522102339215\" rel=\"nofollow noopener\" target=\"_blank\"><img alt=\"Sporting: Jota Silva \u00e9 mesmo para avan\u00e7ar e Jorge Mendes entra no processo\" src=\"data:image\/gif;base64,R0lGODlhAQABAIAAAAAAAP\/\/\/yH5BAEAAAAALAAAAAABAAEAAAIBRAA7\" decoding=\"async\" data-nimg=\"responsive\" class=\"side-article lazy-load\" style=\"position:absolute;top:0;left:0;bottom:0;right:0;box-sizing:border-box;padding:0;border:none;margin:auto;display:block;width:0;height:0;min-width:100%;max-width:100%;min-height:100%;max-height:100%\"\/><\/a><\/p>\n<p class=\"news-item-description ellipsis-2-line\">Rui Borges tem o extremo do Nottingham Forest como prioridade e SAD j\u00e1 deu aval para se avan\u00e7ar com as negocia\u00e7\u00f5es. Le\u00f5es querem empr\u00e9stimo com op\u00e7\u00e3o obrigat\u00f3ria de \u20ac10 milh\u00f5es, mas ingleses apontam aos \u20ac15M. Reuni\u00f5es nos pr\u00f3ximos dias para se tentar chegar a um acordo<\/p>\n<p>As negocia\u00e7\u00f5es entre os dois clubes v\u00e3o prosseguir com duas certezas: por um lado, a administra\u00e7\u00e3o da SAD quer fazer a vontade a Rui Borges; por outro, n\u00e3o entrar\u00e1 em loucuras em termos financeiros.<\/p>\n<p><a target=\"_blank\" class=\"editor-link autolink-enabled\" href=\"https:\/\/www.abola.pt\/futebol\/jogador\/jota-silva-217829\" data-resource-id=\"217829\" data-resource-type=\"player\" data-sport=\"football\" rel=\"nofollow noopener\">Jota Silva<\/a>, tal como j\u00e1 escrevemos, v\u00ea com bons olhos uma mudan\u00e7a para Alvalade para voltar a trabalhar com Rui Borges, mas n\u00e3o vai for\u00e7ar a sa\u00edda do <a target=\"_blank\" class=\"editor-link autolink-enabled\" href=\"https:\/\/www.abola.pt\/futebol\/nottingham-forest-133\" data-resource-id=\"133\" data-resource-type=\"team\" data-sport=\"football\" rel=\"nofollow noopener\">Nottingham Forest<\/a>, embora n\u00e3o tenha sido utilizado com a regularidade pretendida. Para j\u00e1, integra os trabalhos de pr\u00e9-\u00e9poca e no s\u00e1bado at\u00e9 integrou o onze inicial do particular diante do <a target=\"_blank\" class=\"editor-link autolink-enabled\" href=\"https:\/\/www.abola.pt\/futebol\/fulham-98\" data-resource-id=\"98\" data-resource-type=\"team\" data-sport=\"football\" rel=\"nofollow noopener\">Fulham<\/a> de Marco Silva (1-3).<\/p>\n<p><a class=\"news-item-image\" href=\"https:\/\/www.abola.pt\/futebol\/noticias\/jota-silva-ja-so-pensa-no-sporting-2025072623545937567\" rel=\"nofollow noopener\" target=\"_blank\"><img alt=\"Jota Silva j\u00e1 s\u00f3 pensa no Sporting\" src=\"data:image\/gif;base64,R0lGODlhAQABAIAAAAAAAP\/\/\/yH5BAEAAAAALAAAAAABAAEAAAIBRAA7\" decoding=\"async\" data-nimg=\"responsive\" class=\"side-article lazy-load\" style=\"position:absolute;top:0;left:0;bottom:0;right:0;box-sizing:border-box;padding:0;border:none;margin:auto;display:block;width:0;height:0;min-width:100%;max-width:100%;min-height:100%;max-height:100%\"\/><\/a><\/p>\n<p class=\"news-item-description ellipsis-2-line\">SAD conversa com o Nottingham Forest para empr\u00e9stimo com cl\u00e1usula de compra<\/p>\n<p>Pe\u00e7a chave no neg\u00f3cio pelo futebolista de 25 anos pode ser o diretor geral do futebol dos le\u00f5es, Bernardo Palmeiro, que mant\u00e9m uma boa rela\u00e7\u00e3o com o dono do Forest, Evangelos Marinakis, pois foi ele quem, quando esteve no Rio Ave, foi o respons\u00e1vel pela entrada do multimilion\u00e1rio grego no capital social da SAD dos vila-condenses.<\/p>\n<p><a class=\"news-item-image\" href=\"https:\/\/www.abola.pt\/futebol\/noticias\/sporting-descubra-quem-e-bernardo-palmeiro-por-quem-o-conhece-bem-2025060923200311648\" rel=\"nofollow noopener\" target=\"_blank\"><img alt=\"Sporting: descubra quem \u00e9 Bernardo Palmeiro por quem o conhece bem\" src=\"data:image\/gif;base64,R0lGODlhAQABAIAAAAAAAP\/\/\/yH5BAEAAAAALAAAAAABAAEAAAIBRAA7\" decoding=\"async\" data-nimg=\"responsive\" class=\"side-article lazy-load\" style=\"position:absolute;top:0;left:0;bottom:0;right:0;box-sizing:border-box;padding:0;border:none;margin:auto;display:block;width:0;height:0;min-width:100%;max-width:100%;min-height:100%;max-height:100%\"\/><\/a><\/p>\n<p class=\"news-item-description ellipsis-2-line\">A BOLA tra\u00e7a-lhe o perfil do homem-forte do futebol que tem uma paix\u00e3o imensa pelo Sporting e que em tempo de mercado aberto tem papel de relevo.  O amor ao le\u00e3o aliado \u00e0 efici\u00eancia profissional<\/p>\n<p>Sugest\u00e3o de v\u00eddeo:<\/p>\n","protected":false},"excerpt":{"rendered":"Ingleses pretendem cl\u00e1usula de compra obrigat\u00f3ria de \u20ac10M, le\u00f5es opcional Continuam as negocia\u00e7\u00f5es entre o Sporting e o&hellip;\n","protected":false},"author":2,"featured_media":5051,"comment_status":"","ping_status":"","sticky":false,"template":"","format":"standard","meta":{"footnotes":""},"categories":[8],"tags":[27,28,15,16,14,25,26,21,22,12,13,19,20,1527,32,23,24,33,34,17,18,29,30,31],"class_list":{"0":"post-5050","1":"post","2":"type-post","3":"status-publish","4":"format-standard","5":"has-post-thumbnail","7":"category-principais-noticias","8":"tag-breaking-news","9":"tag-breakingnews","10":"tag-featured-news","11":"tag-featurednews","12":"tag-headlines","13":"tag-latest-news","14":"tag-latestnews","15":"tag-main-news","16":"tag-mainnews","17":"tag-news","18":"tag-noticias","19":"tag-noticias-principais","20":"tag-noticiasprincipais","21":"tag-nottingham-forest","22":"tag-portugal","23":"tag-principais-noticias","24":"tag-principaisnoticias","25":"tag-pt","26":"tag-sporting","27":"tag-top-stories","28":"tag-topstories","29":"tag-ultimas","30":"tag-ultimas-noticias","31":"tag-ultimasnoticias"},"share_on_mastodon":{"url":"","error":""},"_links":{"self":[{"href":"https:\/\/www.europesays.com\/pt\/wp-json\/wp\/v2\/posts\/5050","targetHints":{"allow":["GET"]}}],"collection":[{"href":"https:\/\/www.europesays.com\/pt\/wp-json\/wp\/v2\/posts"}],"about":[{"href":"https:\/\/www.europesays.com\/pt\/wp-json\/wp\/v2\/types\/post"}],"author":[{"embeddable":true,"href":"https:\/\/www.europesays.com\/pt\/wp-json\/wp\/v2\/users\/2"}],"replies":[{"embeddable":true,"href":"https:\/\/www.europesays.com\/pt\/wp-json\/wp\/v2\/comments?post=5050"}],"version-history":[{"count":0,"href":"https:\/\/www.europesays.com\/pt\/wp-json\/wp\/v2\/posts\/5050\/revisions"}],"wp:featuredmedia":[{"embeddable":true,"href":"https:\/\/www.europesays.com\/pt\/wp-json\/wp\/v2\/media\/5051"}],"wp:attachment":[{"href":"https:\/\/www.europesays.com\/pt\/wp-json\/wp\/v2\/media?parent=5050"}],"wp:term":[{"taxonomy":"category","embeddable":true,"href":"https:\/\/www.europesays.com\/pt\/wp-json\/wp\/v2\/categories?post=5050"},{"taxonomy":"post_tag","embeddable":true,"href":"https:\/\/www.europesays.com\/pt\/wp-json\/wp\/v2\/tags?post=5050"}],"curies":[{"name":"wp","href":"https:\/\/api.w.org\/{rel}","templated":true}]}}