{"id":505013,"date":"2026-08-29T22:44:09","date_gmt":"2026-08-29T22:44:09","guid":{"rendered":"https:\/\/www.europesays.com\/pt\/505013\/"},"modified":"2026-08-29T22:44:09","modified_gmt":"2026-08-29T22:44:09","slug":"porta-voz-do-psd-rejeita-que-ameaca-de-ventura-de-mocao-de-censura-enfraqueca-governo","status":"publish","type":"post","link":"https:\/\/www.europesays.com\/pt\/505013\/","title":{"rendered":"Porta-voz do PSD rejeita que amea\u00e7a de Ventura de mo\u00e7\u00e3o de censura enfraque\u00e7a Governo"},"content":{"rendered":"<p>O porta-voz do PSD rejeitou esta sexta-feira, 28 de agosto, que a amea\u00e7a do Chega de apresentar uma mo\u00e7\u00e3o de censura enfraque\u00e7a o Governo, afastando tamb\u00e9m a leitura de que se trate de um ultimato ao primeiro-ministro para demitir o ministro Lu\u00eds Neves.<\/p>\n<p>\u00c0 sa\u00edda de um painel sobre habita\u00e7\u00e3o na Universidade de Ver\u00e3o do PSD, que decorre em Castelo de Vide (Portalegre), Sebasti\u00e3o Bugalho foi questionado sobre a amea\u00e7a do presidente do Chega de avan\u00e7ar com uma mo\u00e7\u00e3o de censura ao Governo caso o primeiro-ministro n\u00e3o resolva a situa\u00e7\u00e3o do ministro da Administra\u00e7\u00e3o Interna.<\/p>\n<p>\u00c0 pergunta se esta iniciativa pode enfraquecer o Governo, respondeu: <strong>\u201cEnfraquecer o Governo uma amea\u00e7a? Acho muito dif\u00edcil\u201d<\/strong>, respondeu o tamb\u00e9m vice-presidente do partido.<\/p>\n<p>J\u00e1 questionado se se trata de um ultimato ao primeiro-ministro, come\u00e7ou por remeter a quest\u00e3o para os proponentes, respondendo depois negativamente.<\/p>\n<p><strong>\u201cN\u00e3o vejo, e acho que ainda vamos ver todos de maneira diferente. O dr. Andr\u00e9 Ventura \u00e9 que tem que se estabilizar e dizer algo consistente sobre isso, n\u00e3o somos n\u00f3s. Acho que as casas que estamos a entregar s\u00e3o muito mais importantes do que as amea\u00e7as do dr. Andr\u00e9 Ventura e n\u00e3o tenho mais declara\u00e7\u00f5es a dar\u201d<\/strong>, afirmou.<\/p>\n<p>O l\u00edder do Chega admitiu esta sexta-feira que o partido avan\u00e7ar\u00e1 com uma mo\u00e7\u00e3o de censura ao Governo caso o primeiro-ministro n\u00e3o resolva a situa\u00e7\u00e3o do ministro da Administra\u00e7\u00e3o Interna, que considera ter atingido um n\u00edvel &#8220;grotesco&#8221; e &#8220;inaceit\u00e1vel&#8221;.<\/p>\n","protected":false},"excerpt":{"rendered":"O porta-voz do PSD rejeitou esta sexta-feira, 28 de agosto, que a amea\u00e7a do Chega de apresentar uma&hellip;\n","protected":false},"author":2,"featured_media":505014,"comment_status":"","ping_status":"","sticky":false,"template":"","format":"standard","meta":{"footnotes":"","_share_on_mastodon":"0"},"categories":[10],"tags":[5610,3386,27,28,1736,15,16,301,14,25,26,36448,21,22,80933,9132,12,13,19,20,32,23,24,4579,33,18523,17,18,29,30,31,14083],"class_list":["post-505013","post","type-post","status-publish","format-standard","has-post-thumbnail","category-portugal","tag-administracao-interna","tag-andre-ventura","tag-breaking-news","tag-breakingnews","tag-chega","tag-featured-news","tag-featurednews","tag-governo","tag-headlines","tag-latest-news","tag-latestnews","tag-luis-neves","tag-main-news","tag-mainnews","tag-mocao-de-censura","tag-montenegro","tag-news","tag-noticias","tag-noticias-principais","tag-noticiasprincipais","tag-portugal","tag-principais-noticias","tag-principaisnoticias","tag-psd","tag-pt","tag-sebastiao-bugalho","tag-top-stories","tag-topstories","tag-ultimas","tag-ultimas-noticias","tag-ultimasnoticias","tag-universidade-de-verao"],"share_on_mastodon":{"url":"","error":"Validation failed: Text character limit of 500 exceeded"},"_links":{"self":[{"href":"https:\/\/www.europesays.com\/pt\/wp-json\/wp\/v2\/posts\/505013","targetHints":{"allow":["GET"]}}],"collection":[{"href":"https:\/\/www.europesays.com\/pt\/wp-json\/wp\/v2\/posts"}],"about":[{"href":"https:\/\/www.europesays.com\/pt\/wp-json\/wp\/v2\/types\/post"}],"author":[{"embeddable":true,"href":"https:\/\/www.europesays.com\/pt\/wp-json\/wp\/v2\/users\/2"}],"replies":[{"embeddable":true,"href":"https:\/\/www.europesays.com\/pt\/wp-json\/wp\/v2\/comments?post=505013"}],"version-history":[{"count":0,"href":"https:\/\/www.europesays.com\/pt\/wp-json\/wp\/v2\/posts\/505013\/revisions"}],"wp:featuredmedia":[{"embeddable":true,"href":"https:\/\/www.europesays.com\/pt\/wp-json\/wp\/v2\/media\/505014"}],"wp:attachment":[{"href":"https:\/\/www.europesays.com\/pt\/wp-json\/wp\/v2\/media?parent=505013"}],"wp:term":[{"taxonomy":"category","embeddable":true,"href":"https:\/\/www.europesays.com\/pt\/wp-json\/wp\/v2\/categories?post=505013"},{"taxonomy":"post_tag","embeddable":true,"href":"https:\/\/www.europesays.com\/pt\/wp-json\/wp\/v2\/tags?post=505013"}],"curies":[{"name":"wp","href":"https:\/\/api.w.org\/{rel}","templated":true}]}}