{"id":50503,"date":"2025-08-29T18:02:09","date_gmt":"2025-08-29T18:02:09","guid":{"rendered":"https:\/\/www.europesays.com\/pt\/50503\/"},"modified":"2025-08-29T18:02:09","modified_gmt":"2025-08-29T18:02:09","slug":"homem-em-fuga-com-os-filhos-ha-quatro-anos-na-nova-zelandia-apanhado-por-camara-de-seguranca","status":"publish","type":"post","link":"https:\/\/www.europesays.com\/pt\/50503\/","title":{"rendered":"Homem em fuga com os filhos h\u00e1 quatro anos na Nova Zel\u00e2ndia apanhado por c\u00e2mara de seguran\u00e7a"},"content":{"rendered":"<p>Tom Phillips fugiu com os tr\u00eas filhos em dezembro de 2021, ap\u00f3s uma discuss\u00e3o com a ex-companheira. Desde ent\u00e3o, nunca foi capturado. A pol\u00edcia acredita que est\u00e1 escondido nas colinas ondulantes da regi\u00e3o de Waikato, na Ilha Norte.<\/p>\n<blockquote data-type=\"articles\" data-id=\"related-article-17859751\"><p>\n              <strong>Leia tamb\u00e9m <\/strong><br \/>\n              <a href=\"https:\/\/www.jn.pt\/mundo\/artigo\/homem-fugiu-com-os-tres-filhos-ha-quase-quatro-anos-e-ninguem-sabe-onde-estao\/17859751\" rel=\"nofollow noopener\" target=\"_blank\">Homem fugiu com os tr\u00eas filhos h\u00e1 quase quatro anos e ningu\u00e9m sabe onde est\u00e3o<\/a>\n            <\/p><\/blockquote>\n<p>Imagens de c\u00e2maras de seguran\u00e7a divulgadas pela pol\u00edcia mostraram duas pessoas com lanternas na cabe\u00e7a, uma vestida com roupa escura e outra mais baixa, camuflada, no exterior de uma loja. Os seus rostos est\u00e3o cobertos.<\/p>\n<p data-remotead-prev-elm=\"true\" data-remotead-elm-id=\"centro1\">&#8220;Acreditamos que a dupla nesta filmagem \u00e9 Tom e um dos filhos&#8221;, disse o sargento-detetive Andy Saunders, em confer\u00eancia de imprensa. &#8220;Eles estiveram na \u00e1rea durante 13 minutos, tendo entrado e sa\u00eddo num quadriciclo&#8221;.<\/p>\n<p>A pol\u00edcia disse que a dupla aparentemente usou uma ferramenta el\u00e9trica para arrombar um contentor refrigerado antes de fugir com a comida.<\/p>\n<p data-remotead-prev-elm=\"true\" data-remotead-elm-id=\"centro2\">Acredita-se que as imagens, captadas na quarta-feira, sejam as primeiras de Phillips desde outubro de 2024, quando ca\u00e7adores de porcos gravaram um v\u00eddeo que aparentemente o mostrava a andar com as crian\u00e7as.<\/p>\n<p data-remotead-prev-elm=\"true\" data-remotead-elm-id=\"centro3\">A pol\u00edcia disse que a dupla aparentemente usou uma ferramenta el\u00e9trica para arrombar um contentor refrigerado antes de fugir com as compras.<\/p>\n<p>Acredita-se que as imagens, captadas na quarta-feira, sejam as primeiras de Phillips desde outubro de 2024, quando ca\u00e7adores de porcos gravaram um v\u00eddeo que aparentemente o mostrava a andar com as crian\u00e7as.<\/p>\n<p data-remotead-prev-elm=\"true\" data-remotead-elm-id=\"centro4\">Foi visto diversas vezes em 2023.<\/p>\n<p>Desde a fuga, a pol\u00edcia suspeita que Phillips tenha cometido v\u00e1rios crimes. Est\u00e1 acusado de roubo qualificado, ofensa \u00e0 integridade f\u00edsica grave e posse ilegal de arma de fogo.<\/p>\n<p data-remotead-prev-elm=\"true\" data-remotead-elm-id=\"centro5\">O caso cativou grande parte do pa\u00eds, particularmente na regi\u00e3o de Waikato e na cidade de Marokopa, onde Phillips \u00e9 suspeito de estar escondido. A pol\u00edcia acredita que recebeu ajuda para escapar \u00e0s autoridades. &#8220;No centro disto est\u00e3o tr\u00eas crian\u00e7as que est\u00e3o longe de casa h\u00e1 quatro anos&#8221;, disse Saunders. &#8220;O bem-estar delas \u00e9 o nosso principal foco&#8221;.<\/p>\n<p>As crian\u00e7as, Jayda, Maverick e Ember, agora com nove, dez e doze anos, n\u00e3o v\u00e3o \u00e0 escola desde que o pai fugiu. A pol\u00edcia rejeitou os apelos para utilizar t\u00e1ticas mais contundentes por temer o impacto nas crian\u00e7as. &#8220;Isto demorar\u00e1 o tempo que for necess\u00e1rio&#8221;, disse Saunders. &#8220;O nosso foco \u00e9 resgatar estas crian\u00e7as em seguran\u00e7a. N\u00e3o vamos entrar numa situa\u00e7\u00e3o de confronto.&#8221;<\/p>\n","protected":false},"excerpt":{"rendered":"Tom Phillips fugiu com os tr\u00eas filhos em dezembro de 2021, ap\u00f3s uma discuss\u00e3o com a ex-companheira. Desde&hellip;\n","protected":false},"author":2,"featured_media":50504,"comment_status":"","ping_status":"","sticky":false,"template":"","format":"standard","meta":{"footnotes":""},"categories":[50],"tags":[27,28,15,16,14,25,26,21,22,62,12,13,19,20,23,24,17,18,29,30,31,63,64,65],"class_list":{"0":"post-50503","1":"post","2":"type-post","3":"status-publish","4":"format-standard","5":"has-post-thumbnail","7":"category-mundo","8":"tag-breaking-news","9":"tag-breakingnews","10":"tag-featured-news","11":"tag-featurednews","12":"tag-headlines","13":"tag-latest-news","14":"tag-latestnews","15":"tag-main-news","16":"tag-mainnews","17":"tag-mundo","18":"tag-news","19":"tag-noticias","20":"tag-noticias-principais","21":"tag-noticiasprincipais","22":"tag-principais-noticias","23":"tag-principaisnoticias","24":"tag-top-stories","25":"tag-topstories","26":"tag-ultimas","27":"tag-ultimas-noticias","28":"tag-ultimasnoticias","29":"tag-world","30":"tag-world-news","31":"tag-worldnews"},"share_on_mastodon":{"url":"","error":""},"_links":{"self":[{"href":"https:\/\/www.europesays.com\/pt\/wp-json\/wp\/v2\/posts\/50503","targetHints":{"allow":["GET"]}}],"collection":[{"href":"https:\/\/www.europesays.com\/pt\/wp-json\/wp\/v2\/posts"}],"about":[{"href":"https:\/\/www.europesays.com\/pt\/wp-json\/wp\/v2\/types\/post"}],"author":[{"embeddable":true,"href":"https:\/\/www.europesays.com\/pt\/wp-json\/wp\/v2\/users\/2"}],"replies":[{"embeddable":true,"href":"https:\/\/www.europesays.com\/pt\/wp-json\/wp\/v2\/comments?post=50503"}],"version-history":[{"count":0,"href":"https:\/\/www.europesays.com\/pt\/wp-json\/wp\/v2\/posts\/50503\/revisions"}],"wp:featuredmedia":[{"embeddable":true,"href":"https:\/\/www.europesays.com\/pt\/wp-json\/wp\/v2\/media\/50504"}],"wp:attachment":[{"href":"https:\/\/www.europesays.com\/pt\/wp-json\/wp\/v2\/media?parent=50503"}],"wp:term":[{"taxonomy":"category","embeddable":true,"href":"https:\/\/www.europesays.com\/pt\/wp-json\/wp\/v2\/categories?post=50503"},{"taxonomy":"post_tag","embeddable":true,"href":"https:\/\/www.europesays.com\/pt\/wp-json\/wp\/v2\/tags?post=50503"}],"curies":[{"name":"wp","href":"https:\/\/api.w.org\/{rel}","templated":true}]}}