{"id":50505,"date":"2025-08-29T18:03:09","date_gmt":"2025-08-29T18:03:09","guid":{"rendered":"https:\/\/www.europesays.com\/pt\/50505\/"},"modified":"2025-08-29T18:03:09","modified_gmt":"2025-08-29T18:03:09","slug":"jovem-ourives-enganou-gangue-com-chave-de-casa-e-gorou-assalto-em-leca-do-balio","status":"publish","type":"post","link":"https:\/\/www.europesays.com\/pt\/50505\/","title":{"rendered":"Jovem ourives enganou gangue com chave de casa e gorou assalto em Le\u00e7a do Balio"},"content":{"rendered":"<p>Um ourives, a mulher e a filha, de 62, 63 e cerca de 20 anos, foram emboscados por cinco homens encapuzados e armados, esta sexta-feira de manh\u00e3, quando chegavam, de carro, \u00e0 Feira da Santana, em Le\u00e7a do Balio, Matosinhos.<\/p>\n<p data-remotead-prev-elm=\"true\" data-remotead-elm-id=\"inread\">O casal foi agredido, embora n\u00e3o tivesse necessitado de receber tratamento, e os assaltantes apenas ter\u00e3o levado a chave da resid\u00eancia do casal, que a jovem lhes entregou como se fosse a do cofre instalado na mala da viatura onde seguiam.<\/p>\n<p>Segundo apurou o JN, o gangue atacou, cerca das 8 horas, na Rua de Dom Frei Jer\u00f3nimo de Brito e Melo. Estavam de capuz, luvas, tinham tr\u00eas armas de fogo e circulavam em dois autom\u00f3veis.<\/p>\n<p data-remotead-prev-elm=\"true\" data-remotead-elm-id=\"centro1\">Uma das viaturas parou \u00e0 frente do carro das v\u00edtimas, residentes nos arredores do Porto, e o outro posicionou-se atr\u00e1s, para impedir a fuga, num local j\u00e1 pr\u00f3ximo do recinto da feira. \u00c0quela hora, j\u00e1 havia v\u00e1rias pessoas na rua, na sua maioria feirantes, que se aperceberam do ocorrido, provocando bastante alarido.<\/p>\n<p><strong>Chave errada<\/strong><\/p>\n<p data-remotead-prev-elm=\"true\" data-remotead-elm-id=\"centro2\">Apesar de terem agredido o casal, atirando mesmo a comerciante ao ch\u00e3o, os assaltantes nada conseguiram roubar. Isto porque, segundo apurou o JN, os assaltantes ter\u00e3o pedido a chave do cofre que se encontrava na viatura do ourives e onde estavam as pe\u00e7as mais valiosas. Mas, denotando muito sangue-frio, a filha enganou os ladr\u00f5es e passou-lhes para as m\u00e3os as chaves de casa. Com o tempo a passar e cada vez mais gente a tentar perceber o que se passava, os assaltantes optaram por fugir.<\/p>\n<p>Segundo um feirante, este j\u00e1 n\u00e3o seria o primeiro assalto de que o casal foi v\u00edtima. Por precau\u00e7\u00e3o, os ourives at\u00e9 variam diariamente os seus itiner\u00e1rios das desloca\u00e7\u00f5es para as feiras onde vendem.<\/p>\n<p data-remotead-prev-elm=\"true\" data-remotead-elm-id=\"centro3\">&#8220;J\u00e1 foram assaltados algumas vezes, a \u00faltima foi h\u00e1 cerca de quatro ou cinco anos, quando se dirigiam para a Feira de Espinho e a\u00ed ficaram sem nada. Hoje [ontem] foram abordados j\u00e1 perto da feira e agredidos, mas os assaltantes apenas levaram a chave de casa. O ourives ligou para um colega, que tamb\u00e9m costuma vender aqui na Santana, e ele veio ajud\u00e1-lo&#8221;, referiu ao JN.<\/p>\n<p>No local esteve a PSP, que acionou a Pol\u00edcia Judici\u00e1ria, por se tratar de um roubo com arma de fogo.<\/p>\n","protected":false},"excerpt":{"rendered":"Um ourives, a mulher e a filha, de 62, 63 e cerca de 20 anos, foram emboscados por&hellip;\n","protected":false},"author":2,"featured_media":50506,"comment_status":"","ping_status":"","sticky":false,"template":"","format":"standard","meta":{"footnotes":""},"categories":[10],"tags":[27,28,15,16,14,25,26,21,22,12,13,19,20,32,23,24,33,17,18,29,30,31],"class_list":{"0":"post-50505","1":"post","2":"type-post","3":"status-publish","4":"format-standard","5":"has-post-thumbnail","7":"category-portugal","8":"tag-breaking-news","9":"tag-breakingnews","10":"tag-featured-news","11":"tag-featurednews","12":"tag-headlines","13":"tag-latest-news","14":"tag-latestnews","15":"tag-main-news","16":"tag-mainnews","17":"tag-news","18":"tag-noticias","19":"tag-noticias-principais","20":"tag-noticiasprincipais","21":"tag-portugal","22":"tag-principais-noticias","23":"tag-principaisnoticias","24":"tag-pt","25":"tag-top-stories","26":"tag-topstories","27":"tag-ultimas","28":"tag-ultimas-noticias","29":"tag-ultimasnoticias"},"share_on_mastodon":{"url":"","error":""},"_links":{"self":[{"href":"https:\/\/www.europesays.com\/pt\/wp-json\/wp\/v2\/posts\/50505","targetHints":{"allow":["GET"]}}],"collection":[{"href":"https:\/\/www.europesays.com\/pt\/wp-json\/wp\/v2\/posts"}],"about":[{"href":"https:\/\/www.europesays.com\/pt\/wp-json\/wp\/v2\/types\/post"}],"author":[{"embeddable":true,"href":"https:\/\/www.europesays.com\/pt\/wp-json\/wp\/v2\/users\/2"}],"replies":[{"embeddable":true,"href":"https:\/\/www.europesays.com\/pt\/wp-json\/wp\/v2\/comments?post=50505"}],"version-history":[{"count":0,"href":"https:\/\/www.europesays.com\/pt\/wp-json\/wp\/v2\/posts\/50505\/revisions"}],"wp:featuredmedia":[{"embeddable":true,"href":"https:\/\/www.europesays.com\/pt\/wp-json\/wp\/v2\/media\/50506"}],"wp:attachment":[{"href":"https:\/\/www.europesays.com\/pt\/wp-json\/wp\/v2\/media?parent=50505"}],"wp:term":[{"taxonomy":"category","embeddable":true,"href":"https:\/\/www.europesays.com\/pt\/wp-json\/wp\/v2\/categories?post=50505"},{"taxonomy":"post_tag","embeddable":true,"href":"https:\/\/www.europesays.com\/pt\/wp-json\/wp\/v2\/tags?post=50505"}],"curies":[{"name":"wp","href":"https:\/\/api.w.org\/{rel}","templated":true}]}}