{"id":505059,"date":"2026-08-30T00:00:36","date_gmt":"2026-08-30T00:00:36","guid":{"rendered":"https:\/\/www.europesays.com\/pt\/505059\/"},"modified":"2026-08-30T00:00:36","modified_gmt":"2026-08-30T00:00:36","slug":"morre-peter-cullen-voz-de-optimus-prime-em-transformers","status":"publish","type":"post","link":"https:\/\/www.europesays.com\/pt\/505059\/","title":{"rendered":"Morre Peter Cullen, voz de Optimus Prime em \u201cTransformers\u201d"},"content":{"rendered":"<p>Peter Cullen, ator e dublador canadense conhecido mundialmente por dar voz a Optimus Prime, l\u00edder dos Autobots na franquia &#8220;Transformers\u201d, morreu aos 85 anos, na \u00faltima quarta-feira, 26, em sua casa, em Los Angeles, nos Estados Unidos.<\/p>\n<p>A informa\u00e7\u00e3o foi confirmada pela fam\u00edlia. A causa da morte n\u00e3o foi divulgada. Segundo comunicado publicado no Instagram, nesta quinta-feira, 27, Cullen morreu em paz, cercado por familiares.<\/p>\n<p>Uma publica\u00e7\u00e3o compartilhada no perfil de Cullen prestou homenagem \u00e0 trajet\u00f3ria do artista. O texto destacou os mais de 40 anos em que ele deu voz a Optimus Prime e ressaltou caracter\u00edsticas como &#8220;bondade, humildade, compaix\u00e3o e sabedoria&#8221;.<\/p>\n<p>A mensagem tamb\u00e9m lembrou o impacto do trabalho de Cullen em diferentes gera\u00e7\u00f5es de f\u00e3s e afirmou: &#8220;Sua voz pode ter se calado, mas seu legado jamais se calar\u00e1&#8221;. A homenagem terminou com uma refer\u00eancia ao universo de Transformers: &#8220;At\u00e9 que todos sejam um&#8221;.<\/p>\n<p>A fam\u00edlia tamb\u00e9m destacou o legado deixado pelo ator e pediu que sua mem\u00f3ria fosse honrada por meio de valores como compaix\u00e3o, integridade e gentileza.<\/p>\n<p>Cullen interpretou Optimus Prime pela primeira vez na s\u00e9rie animada de \u201cTransformers\u201d, lan\u00e7ada em 1984. O personagem se tornou um de seus trabalhos mais marcantes e acompanhou diferentes fases da carreira do ator. Ele voltou a dublar o l\u00edder dos Autobots em produ\u00e7\u00f5es posteriores da franquia, incluindo os filmes live-action iniciados em 2007.<\/p>\n<p><strong>O legado de Optimus Prime<\/strong> <\/p>\n<p>Cullen retomou o papel de Optimus Prime quando \u201cTransformers\u201d chegou aos cinemas, em 2007, sob dire\u00e7\u00e3o de Michael Bay. Ele dublou o personagem nas sequ\u00eancias \u201cTransformers: A Vingan\u00e7a dos Derrotados\u201d (2009), \u201cTransformers: O Lado Oculto da Lua\u201d (2011), \u201cTransformers: A Era da Extin\u00e7\u00e3o\u201d (2014) e \u201cTransformers: O \u00daltimo Cavaleiro\u201d (2017).<\/p>\n<p>O ator tamb\u00e9m participou de \u201cBumblebee\u201d (2018) e \u201cTransformers: O Despertar das Feras\u201d (2023), al\u00e9m de emprestar a voz ao personagem em s\u00e9ries animadas e videogames.<\/p>\n<p>A interpreta\u00e7\u00e3o de Optimus Prime ajudou a consolidar Cullen como uma das vozes mais reconhecidas da anima\u00e7\u00e3o e da cultura pop. Em 2023, ele recebeu uma homenagem pelo conjunto da carreira da National Academy of Television Arts and Sciences.<\/p>\n<p><strong>Al\u00e9m de Optimus Prime<\/strong> <\/p>\n<p>Nascido em Montreal, no Canad\u00e1, em 28 de julho de 1941, Cullen iniciou a carreira art\u00edstica nos palcos e tamb\u00e9m trabalhou como locutor de r\u00e1dio e televis\u00e3o antes de se consolidar como dublador. Ele integrou a primeira turma de formandos da Escola Nacional de Teatro do Canad\u00e1, em 1963.<\/p>\n<p>Al\u00e9m de Optimus Prime, Cullen emprestou a voz a personagens de diferentes produ\u00e7\u00f5es. Entre eles est\u00e1 I\u00f3, o burro de Ursinho Pooh, papel que interpretou em diversos projetos relacionados \u00e0 franquia. Tamb\u00e9m participou de trabalhos como \u201cKnight Rider\u201d, \u201cDuckTales\u201d e \u201cChip \u2018n Dale: Rescue Rangers\u201d.<\/p>\n<p>O ator tamb\u00e9m foi respons\u00e1vel pelas vocaliza\u00e7\u00f5es do Predador no filme \u201cO Predador\u201d, de 1987, e interpretou Karr, o prot\u00f3tipo vil\u00e3o de Kitt, na s\u00e9rie \u201cKnight Rider\u201d.<\/p>\n","protected":false},"excerpt":{"rendered":"Peter Cullen, ator e dublador canadense conhecido mundialmente por dar voz a Optimus Prime, l\u00edder dos Autobots na&hellip;\n","protected":false},"author":2,"featured_media":505060,"comment_status":"","ping_status":"","sticky":false,"template":"","format":"standard","meta":{"footnotes":"","_share_on_mastodon":"0"},"categories":[140],"tags":[3428,114,115,147,148,1437,146,80633,32,33,16070],"class_list":["post-505059","post","type-post","status-publish","format-standard","has-post-thumbnail","category-filmes","tag-arte-agenda","tag-entertainment","tag-entretenimento","tag-film","tag-filmes","tag-morte","tag-movies","tag-peter-cullen","tag-portugal","tag-pt","tag-transformers"],"share_on_mastodon":{"url":"https:\/\/pubeurope.com\/@pt\/117181522228763555","error":""},"_links":{"self":[{"href":"https:\/\/www.europesays.com\/pt\/wp-json\/wp\/v2\/posts\/505059","targetHints":{"allow":["GET"]}}],"collection":[{"href":"https:\/\/www.europesays.com\/pt\/wp-json\/wp\/v2\/posts"}],"about":[{"href":"https:\/\/www.europesays.com\/pt\/wp-json\/wp\/v2\/types\/post"}],"author":[{"embeddable":true,"href":"https:\/\/www.europesays.com\/pt\/wp-json\/wp\/v2\/users\/2"}],"replies":[{"embeddable":true,"href":"https:\/\/www.europesays.com\/pt\/wp-json\/wp\/v2\/comments?post=505059"}],"version-history":[{"count":0,"href":"https:\/\/www.europesays.com\/pt\/wp-json\/wp\/v2\/posts\/505059\/revisions"}],"wp:featuredmedia":[{"embeddable":true,"href":"https:\/\/www.europesays.com\/pt\/wp-json\/wp\/v2\/media\/505060"}],"wp:attachment":[{"href":"https:\/\/www.europesays.com\/pt\/wp-json\/wp\/v2\/media?parent=505059"}],"wp:term":[{"taxonomy":"category","embeddable":true,"href":"https:\/\/www.europesays.com\/pt\/wp-json\/wp\/v2\/categories?post=505059"},{"taxonomy":"post_tag","embeddable":true,"href":"https:\/\/www.europesays.com\/pt\/wp-json\/wp\/v2\/tags?post=505059"}],"curies":[{"name":"wp","href":"https:\/\/api.w.org\/{rel}","templated":true}]}}