{"id":505061,"date":"2026-08-30T00:01:16","date_gmt":"2026-08-30T00:01:16","guid":{"rendered":"https:\/\/www.europesays.com\/pt\/505061\/"},"modified":"2026-08-30T00:01:16","modified_gmt":"2026-08-30T00:01:16","slug":"inacreditavel-mario-figueiredo-acusa-adeptos-do-sporting-de-maltratarem-jogador","status":"publish","type":"post","link":"https:\/\/www.europesays.com\/pt\/505061\/","title":{"rendered":"Inacredit\u00e1vel! M\u00e1rio Figueiredo acusa adeptos do Sporting de maltratarem jogador"},"content":{"rendered":"<p><b>O<\/b> <a href=\"https:\/\/www.sporting.pt\/pt\" target=\"_blank\" rel=\"nofollow noopener\">Sporting<\/a> <b>j\u00e1 conhece o calend\u00e1rio completo da sua participa\u00e7\u00e3o na<\/b> <a href=\"https:\/\/pt.uefa.com\/uefachampionsleague\/draws\/\" target=\"_blank\" rel=\"nofollow noopener\">Liga dos Campe\u00f5es<\/a><b> e h\u00e1 v\u00e1rios motivos para os adeptos leoninos estarem atentos \u00e0s pr\u00f3ximas semanas<\/b>. A caminhada europeia arranca a 9 de setembro, em Alvalade, num encontro que marcar\u00e1 o primeiro desafio dos verdes e brancos na fase de liga.<\/p>\n<p><\/p>\n<p><b>A estreia acontece diante do Galatasaray &#8211;<a> <\/a><\/b><a>novo clube de Rafael Le\u00e3o<\/a> <b>&#8211; , no Est\u00e1dio Jos\u00e9 Alvalade, a 9 de setembro, \u00e0s 20h00<\/b>. Depois, os le\u00f5es deslocam-se a Fran\u00e7a para defrontar o Lens, a 13 de outubro, numa partida agendada para as 17h45. O terceiro compromisso ser\u00e1 novamente em casa, desta vez frente ao LASK, a 21 de outubro, \u00e0s 20h00, antes de uma nova viagem, desta feita a Londres, para medir for\u00e7as com o Shakhtar Donetsk, a 3 de novembro, \u00e0s 17h45.<\/p>\n<p><b>A 25 de novembro, os le\u00f5es recebem o Manchester United em Alvalade, num encontro marcado para as 20h00<\/b>. Poucos dias depois, a 8 de dezembro, a forma\u00e7\u00e3o leonina viaja at\u00e9 It\u00e1lia para enfrentar a Roma, novamente \u00e0s 20h00. Os dois \u00faltimos compromissos prometem mais dificuldades, com o Barcelona a visitar Alvalade a 20 de janeiro de 2027.<\/p>\n<p><\/p>\n<p>A fechar a participa\u00e7\u00e3o na fase de liga, <b>os verdes e brancos deslocam-se a Inglaterra para defrontar o Manchester City, a 27 de janeiro, \u00e0s 20h00<\/b>. Ou seja, depois de come\u00e7ar a caminhada perante advers\u00e1rios teoricamente mais acess\u00edveis, a equipa leonina ter\u00e1 de enfrentar quatro dos nomes mais fortes do sorteio na reta final: Manchester United, Roma, Barcelona e Manchester City.<\/p>\n<p>Os le\u00f5es ter\u00e3o de gerir da melhor forma a primeira metade da fase de liga para chegarem aos \u00faltimos encontros em condi\u00e7\u00f5es de discutir os objetivos europeus. <b>A estreia diante do Galatasaray ser\u00e1 o primeiro cap\u00edtulo de uma caminhada que terminar\u00e1 com uma visita ao Manchester City.<\/b><\/p>\n<p><\/p>\n","protected":false},"excerpt":{"rendered":"O Sporting j\u00e1 conhece o calend\u00e1rio completo da sua participa\u00e7\u00e3o na Liga dos Campe\u00f5es e h\u00e1 v\u00e1rios motivos&hellip;\n","protected":false},"author":2,"featured_media":505062,"comment_status":"","ping_status":"","sticky":false,"template":"","format":"standard","meta":{"footnotes":"","_share_on_mastodon":"0"},"categories":[87],"tags":[135,80935,32,33,34,134],"class_list":["post-505061","post","type-post","status-publish","format-standard","has-post-thumbnail","category-desporto","tag-desporto","tag-mario-figueiredo","tag-portugal","tag-pt","tag-sporting","tag-sports"],"share_on_mastodon":{"url":"https:\/\/pubeurope.com\/@pt\/117181526019938990","error":""},"_links":{"self":[{"href":"https:\/\/www.europesays.com\/pt\/wp-json\/wp\/v2\/posts\/505061","targetHints":{"allow":["GET"]}}],"collection":[{"href":"https:\/\/www.europesays.com\/pt\/wp-json\/wp\/v2\/posts"}],"about":[{"href":"https:\/\/www.europesays.com\/pt\/wp-json\/wp\/v2\/types\/post"}],"author":[{"embeddable":true,"href":"https:\/\/www.europesays.com\/pt\/wp-json\/wp\/v2\/users\/2"}],"replies":[{"embeddable":true,"href":"https:\/\/www.europesays.com\/pt\/wp-json\/wp\/v2\/comments?post=505061"}],"version-history":[{"count":0,"href":"https:\/\/www.europesays.com\/pt\/wp-json\/wp\/v2\/posts\/505061\/revisions"}],"wp:featuredmedia":[{"embeddable":true,"href":"https:\/\/www.europesays.com\/pt\/wp-json\/wp\/v2\/media\/505062"}],"wp:attachment":[{"href":"https:\/\/www.europesays.com\/pt\/wp-json\/wp\/v2\/media?parent=505061"}],"wp:term":[{"taxonomy":"category","embeddable":true,"href":"https:\/\/www.europesays.com\/pt\/wp-json\/wp\/v2\/categories?post=505061"},{"taxonomy":"post_tag","embeddable":true,"href":"https:\/\/www.europesays.com\/pt\/wp-json\/wp\/v2\/tags?post=505061"}],"curies":[{"name":"wp","href":"https:\/\/api.w.org\/{rel}","templated":true}]}}