{"id":50507,"date":"2025-08-29T18:04:08","date_gmt":"2025-08-29T18:04:08","guid":{"rendered":"https:\/\/www.europesays.com\/pt\/50507\/"},"modified":"2025-08-29T18:04:08","modified_gmt":"2025-08-29T18:04:08","slug":"confirmado-pepe-fora-dos-convocados-do-fc-porto-para-alvalade","status":"publish","type":"post","link":"https:\/\/www.europesays.com\/pt\/50507\/","title":{"rendered":"Confirmado: Pep\u00ea fora dos convocados do FC Porto para Alvalade"},"content":{"rendered":"<p>Tal como <strong>A BOLA <\/strong>tinha revelado, <a target=\"_blank\" class=\"editor-link autolink-enabled\" href=\"https:\/\/www.abola.pt\/futebol\/jogador\/pepe-179211\" data-resource-id=\"179211\" data-resource-type=\"player\" data-sport=\"football\" rel=\"nofollow noopener\">Pep\u00ea<\/a> \u00e9 baixa confirmada nos convocados do <a target=\"_blank\" class=\"editor-link autolink-enabled\" href=\"https:\/\/www.abola.pt\/futebol\/fc-porto-451\" data-resource-id=\"451\" data-resource-type=\"team\" data-sport=\"football\" rel=\"nofollow noopener\">FC Porto<\/a> para o cl\u00e1ssico de Alvalade, este s\u00e1bado, \u00e0s 20h30, contra o <a target=\"_blank\" class=\"editor-link autolink-enabled\" href=\"https:\/\/www.abola.pt\/futebol\/sporting-448\" data-resource-id=\"448\" data-resource-type=\"team\" data-sport=\"football\" rel=\"nofollow noopener\">Sporting<\/a>. O extremo n\u00e3o foi dado como apto clinicamente depois de ter feito a meio da semana um exame de reavalia\u00e7\u00e3o \u00e0 les\u00e3o que sofreu no olho direito.<\/p>\n<p>O camisola 11 dos drag\u00f5es, recorde-se, foi submetido a uma pequena interven\u00e7\u00e3o cir\u00fargica na segunda-feira, pelo que o duelo com o rival leonino surge ainda no per\u00edodo de recupera\u00e7\u00e3o. Salvo alguma contrariedade, estar\u00e1 apto a voltar logo ap\u00f3s a paragem para jogos de sele\u00e7\u00f5es.<\/p>\n<p><a target=\"_blank\" class=\"editor-link autolink-enabled\" href=\"https:\/\/www.abola.pt\/futebol\/jogador\/pepe-179211\" data-resource-id=\"179211\" data-resource-type=\"player\" data-sport=\"football\" rel=\"nofollow noopener\">Pep\u00ea<\/a> entrou com o p\u00e9 direito na nova temporada, marcando nos dois primeiros jogos do <a target=\"_blank\" class=\"editor-link autolink-enabled\" href=\"https:\/\/www.abola.pt\/futebol\/fc-porto-451\" data-resource-id=\"451\" data-resource-type=\"team\" data-sport=\"football\" rel=\"nofollow noopener\">FC Porto<\/a>, contra V. <a target=\"_blank\" class=\"editor-link autolink-enabled\" href=\"https:\/\/www.abola.pt\/futebol\/vitoria-de-guimaraes-443\" data-resource-id=\"443\" data-resource-type=\"team\" data-sport=\"football\" rel=\"nofollow noopener\">Guimar\u00e3es<\/a> e <a target=\"_blank\" class=\"editor-link autolink-enabled\" href=\"https:\/\/www.abola.pt\/futebol\/gil-vicente-447\" data-resource-id=\"447\" data-resource-type=\"team\" data-sport=\"football\" rel=\"nofollow noopener\">Gil Vicente<\/a>. Depois de uma \u00e9poca muito abaixo das expectativas, o internacional canarinho tem deixado bons sinais e, em breve, como o nosso jornal escreveu, deve acertar a renova\u00e7\u00e3o de contrato com os azuis e brancos.<\/p>\n<p>Em sentido contr\u00e1rio, Francesco Farioli convocou <a class=\"autolink-enabled\" data-resource-id=\"267455\" data-resource-type=\"player\" data-sport=\"football\" href=\"https:\/\/www.abola.pt\/futebol\/jogador\/samu-aghehowa-267455\" rel=\"nofollow noopener\" target=\"_blank\">Samu<\/a> e tamb\u00e9m o refor\u00e7o <a class=\"autolink-enabled\" data-resource-id=\"89703\" data-resource-type=\"player\" data-sport=\"football\" href=\"https:\/\/www.abola.pt\/futebol\/jogador\/pablo-rosario-89703\" rel=\"nofollow noopener\" target=\"_blank\">Pablo<\/a> Osorio, que viajam no autocarro rumo ao Hotel Altis, em Lisboa.<\/p>\n","protected":false},"excerpt":{"rendered":"Tal como A BOLA tinha revelado, Pep\u00ea \u00e9 baixa confirmada nos convocados do FC Porto para o cl\u00e1ssico&hellip;\n","protected":false},"author":2,"featured_media":50508,"comment_status":"","ping_status":"","sticky":false,"template":"","format":"standard","meta":{"footnotes":""},"categories":[8],"tags":[27,28,15,16,14,25,26,21,22,12,13,19,20,32,23,24,33,17,18,29,30,31],"class_list":{"0":"post-50507","1":"post","2":"type-post","3":"status-publish","4":"format-standard","5":"has-post-thumbnail","7":"category-principais-noticias","8":"tag-breaking-news","9":"tag-breakingnews","10":"tag-featured-news","11":"tag-featurednews","12":"tag-headlines","13":"tag-latest-news","14":"tag-latestnews","15":"tag-main-news","16":"tag-mainnews","17":"tag-news","18":"tag-noticias","19":"tag-noticias-principais","20":"tag-noticiasprincipais","21":"tag-portugal","22":"tag-principais-noticias","23":"tag-principaisnoticias","24":"tag-pt","25":"tag-top-stories","26":"tag-topstories","27":"tag-ultimas","28":"tag-ultimas-noticias","29":"tag-ultimasnoticias"},"share_on_mastodon":{"url":"","error":""},"_links":{"self":[{"href":"https:\/\/www.europesays.com\/pt\/wp-json\/wp\/v2\/posts\/50507","targetHints":{"allow":["GET"]}}],"collection":[{"href":"https:\/\/www.europesays.com\/pt\/wp-json\/wp\/v2\/posts"}],"about":[{"href":"https:\/\/www.europesays.com\/pt\/wp-json\/wp\/v2\/types\/post"}],"author":[{"embeddable":true,"href":"https:\/\/www.europesays.com\/pt\/wp-json\/wp\/v2\/users\/2"}],"replies":[{"embeddable":true,"href":"https:\/\/www.europesays.com\/pt\/wp-json\/wp\/v2\/comments?post=50507"}],"version-history":[{"count":0,"href":"https:\/\/www.europesays.com\/pt\/wp-json\/wp\/v2\/posts\/50507\/revisions"}],"wp:featuredmedia":[{"embeddable":true,"href":"https:\/\/www.europesays.com\/pt\/wp-json\/wp\/v2\/media\/50508"}],"wp:attachment":[{"href":"https:\/\/www.europesays.com\/pt\/wp-json\/wp\/v2\/media?parent=50507"}],"wp:term":[{"taxonomy":"category","embeddable":true,"href":"https:\/\/www.europesays.com\/pt\/wp-json\/wp\/v2\/categories?post=50507"},{"taxonomy":"post_tag","embeddable":true,"href":"https:\/\/www.europesays.com\/pt\/wp-json\/wp\/v2\/tags?post=50507"}],"curies":[{"name":"wp","href":"https:\/\/api.w.org\/{rel}","templated":true}]}}