{"id":505071,"date":"2026-08-30T00:08:18","date_gmt":"2026-08-30T00:08:18","guid":{"rendered":"https:\/\/www.europesays.com\/pt\/505071\/"},"modified":"2026-08-30T00:08:18","modified_gmt":"2026-08-30T00:08:18","slug":"imigrante-que-apoiava-politicas-anti-imigracao-de-trump-acaba-deportado","status":"publish","type":"post","link":"https:\/\/www.europesays.com\/pt\/505071\/","title":{"rendered":"Imigrante que apoiava pol\u00edticas anti-imigra\u00e7\u00e3o de Trump acaba deportado"},"content":{"rendered":"<p><strong>\u201cPrecisamos de deportar milh\u00f5es e milh\u00f5es e milh\u00f5es de pessoas. Sem isso, nada mais importa\u201d e \u201cDeporta\u00e7\u00e3o imediata para qualquer pessoa que n\u00e3o consiga comprovar que est\u00e1 legalmente nos EUA\u201d<\/strong> s\u00e3o algumas das ideias defendidas pelo imigrante Milo Yiannopoulos, agora deportado dos Estados Unidos para o Reino Unido.<\/p>\n<p>A retirada do apoiante de Trump do pa\u00eds foi confirmada pelo Departamento de Seguran\u00e7a Interna dos Estados Unidos. <strong>O imigrante encontrava-se num dos centros do ICE<\/strong>, depois de ter sido detido no aeroporto de Kenner, na Louisiana.<\/p>\n<p>Segundo o Governo norte-americano, o homem de 41 anos entrou legalmente no pa\u00eds em 2019, mas <strong>\u201coptou por permanecer al\u00e9m do per\u00edodo permitido, violando as leis do nosso pa\u00eds\u201d.<\/strong><\/p>\n<p>O apoiante de Trump, a quem chamava \u201cPapai\u201d, nasceu em Inglaterra. \u00c9 filho de pais brit\u00e2nicos e gregos, ou seja, vem de uma fam\u00edlia com um passado migrat\u00f3rio. <strong>Yiannopoulos tem sido uma voz ativa nos movimentos conservadores brit\u00e2nico e norte-americano nos \u00faltimos anos.<\/strong><\/p>\n<p>O ativista de extrema-direita participa em eventos nos Estados Unidos desde 2015, quando come\u00e7ou a viajar para o pa\u00eds, antes de se mudar definitivamente. No curr\u00edculo, <strong>acumula declara\u00e7\u00f5es racistas, xen\u00f3fobas e mis\u00f3ginas, como dizer que o feminismo \u00e9 um \u201ccancro\u201d e criar uma bolsa de estudos exclusiva para jovens brancos<\/strong>.<\/p>\n<p>A sua conta no X tinha sido banida devido a v\u00e1rios coment\u00e1rios que violavam as pol\u00edticas da plataforma. No entanto, <strong>foi reativada depois de Elon Musk ter comprado a rede social.<\/strong><\/p>\n","protected":false},"excerpt":{"rendered":"\u201cPrecisamos de deportar milh\u00f5es e milh\u00f5es e milh\u00f5es de pessoas. Sem isso, nada mais importa\u201d e \u201cDeporta\u00e7\u00e3o imediata&hellip;\n","protected":false},"author":2,"featured_media":505072,"comment_status":"","ping_status":"","sticky":false,"template":"","format":"standard","meta":{"footnotes":"","_share_on_mastodon":"0"},"categories":[8],"tags":[80940,27,28,7344,584,9041,15,16,14,17541,1481,25,26,21,22,80937,12,13,19,20,80938,32,23,24,33,80939,17,18,2183,29,30,31],"class_list":["post-505071","post","type-post","status-publish","format-standard","has-post-thumbnail","category-principais-noticias","tag-bodycams-ice","tag-breaking-news","tag-breakingnews","tag-deportacao","tag-elon-musk","tag-extrema-direita","tag-featured-news","tag-featurednews","tag-headlines","tag-ice","tag-imigracao","tag-latest-news","tag-latestnews","tag-main-news","tag-mainnews","tag-milo-yiannopoulos","tag-news","tag-noticias","tag-noticias-principais","tag-noticiasprincipais","tag-politicas-anti-imigracao","tag-portugal","tag-principais-noticias","tag-principaisnoticias","tag-pt","tag-rede-social-x","tag-top-stories","tag-topstories","tag-trump","tag-ultimas","tag-ultimas-noticias","tag-ultimasnoticias"],"share_on_mastodon":{"url":"","error":"Validation failed: Text character limit of 500 exceeded"},"_links":{"self":[{"href":"https:\/\/www.europesays.com\/pt\/wp-json\/wp\/v2\/posts\/505071","targetHints":{"allow":["GET"]}}],"collection":[{"href":"https:\/\/www.europesays.com\/pt\/wp-json\/wp\/v2\/posts"}],"about":[{"href":"https:\/\/www.europesays.com\/pt\/wp-json\/wp\/v2\/types\/post"}],"author":[{"embeddable":true,"href":"https:\/\/www.europesays.com\/pt\/wp-json\/wp\/v2\/users\/2"}],"replies":[{"embeddable":true,"href":"https:\/\/www.europesays.com\/pt\/wp-json\/wp\/v2\/comments?post=505071"}],"version-history":[{"count":0,"href":"https:\/\/www.europesays.com\/pt\/wp-json\/wp\/v2\/posts\/505071\/revisions"}],"wp:featuredmedia":[{"embeddable":true,"href":"https:\/\/www.europesays.com\/pt\/wp-json\/wp\/v2\/media\/505072"}],"wp:attachment":[{"href":"https:\/\/www.europesays.com\/pt\/wp-json\/wp\/v2\/media?parent=505071"}],"wp:term":[{"taxonomy":"category","embeddable":true,"href":"https:\/\/www.europesays.com\/pt\/wp-json\/wp\/v2\/categories?post=505071"},{"taxonomy":"post_tag","embeddable":true,"href":"https:\/\/www.europesays.com\/pt\/wp-json\/wp\/v2\/tags?post=505071"}],"curies":[{"name":"wp","href":"https:\/\/api.w.org\/{rel}","templated":true}]}}