{"id":505083,"date":"2026-08-30T00:22:42","date_gmt":"2026-08-30T00:22:42","guid":{"rendered":"https:\/\/www.europesays.com\/pt\/505083\/"},"modified":"2026-08-30T00:22:42","modified_gmt":"2026-08-30T00:22:42","slug":"fernando-pimenta-conquista-ouro-mundial-em-k1-1000m-e-faz-historia-na-canoagem-portuguesa","status":"publish","type":"post","link":"https:\/\/www.europesays.com\/pt\/505083\/","title":{"rendered":"Fernando Pimenta conquista ouro mundial em K1 1000m e faz hist\u00f3ria na canoagem portuguesa"},"content":{"rendered":"<p>O cano\u00edsta Fernando Pimenta conquistou este s\u00e1bado, 29 de agosto, a medalha de ouro na prova de K1 1.000 metros dos Mundiais da Pol\u00f3nia, assegurnado o segundo p\u00f3dio de Portugal em Poznan, na Pol\u00f3nia.<\/p>\n<p>A largar da pista quatro, Pimenta, 37 anos, que se tornou no mais velho medalhado de sempre em Mundiais, concluiu o seu desempenho em 03.24,39 minutos, impondo-se ao h\u00fangaro Balint Kopasz (03.24,61), que foi segundo, e ao australiano Thomas Green (03.25,80), terceiro, que completaram o p\u00f3dio.<\/p>\n<p>Fernando Pimenta, que domingo tem ainda a final direta de K1 5.000 metros, chegou \u00e0 Pol\u00f3nia na lideran\u00e7a do ranking de qualifica\u00e7\u00e3o ol\u00edmpico do K1 1.000 para Los Angeles2028. Terceiro em 2025, em Mil\u00e3o, It\u00e1lia, onde Kopasz foi campe\u00e3o, tinha antes desta vit\u00f3ria tr\u00eas ouros, tr\u00eas pratas e tr\u00eas bronzes mundiais, somente em K1 1.000 metros.<\/p>\n<p>Esta foi a segunda medalha de Portugal nos mundiais de Poznan, depois do bronze em K4 500 metros, por Gustavo Gon\u00e7alves, Jo\u00e3o Ribeiro, Messias Baptista e Pedro Casinha.<\/p>\n","protected":false},"excerpt":{"rendered":"O cano\u00edsta Fernando Pimenta conquistou este s\u00e1bado, 29 de agosto, a medalha de ouro na prova de K1&hellip;\n","protected":false},"author":2,"featured_media":505084,"comment_status":"","ping_status":"","sticky":false,"template":"","format":"standard","meta":{"footnotes":"","_share_on_mastodon":"0"},"categories":[8],"tags":[80950,27,28,74073,8491,80954,15,16,80865,14,80945,80948,25,26,21,22,80949,19710,80952,80946,12,13,19,20,80953,32,80947,23,24,33,80951,17,18,29,30,31],"class_list":["post-505083","post","type-post","status-publish","format-standard","has-post-thumbnail","category-principais-noticias","tag-balint-kopasz","tag-breaking-news","tag-breakingnews","tag-campeao-do-mundo","tag-canoagem","tag-desporto-portugues","tag-featured-news","tag-featurednews","tag-fernando-pimenta","tag-headlines","tag-k1-1000m","tag-k4-500m","tag-latest-news","tag-latestnews","tag-main-news","tag-mainnews","tag-medalha-de-bronze","tag-medalha-de-ouro","tag-mundiais-canoagem","tag-mundiais-polonia","tag-news","tag-noticias","tag-noticias-principais","tag-noticiasprincipais","tag-podio-portugues","tag-portugal","tag-poznan","tag-principais-noticias","tag-principaisnoticias","tag-pt","tag-thomas-green","tag-top-stories","tag-topstories","tag-ultimas","tag-ultimas-noticias","tag-ultimasnoticias"],"share_on_mastodon":{"url":"","error":"Validation failed: Text character limit of 500 exceeded"},"_links":{"self":[{"href":"https:\/\/www.europesays.com\/pt\/wp-json\/wp\/v2\/posts\/505083","targetHints":{"allow":["GET"]}}],"collection":[{"href":"https:\/\/www.europesays.com\/pt\/wp-json\/wp\/v2\/posts"}],"about":[{"href":"https:\/\/www.europesays.com\/pt\/wp-json\/wp\/v2\/types\/post"}],"author":[{"embeddable":true,"href":"https:\/\/www.europesays.com\/pt\/wp-json\/wp\/v2\/users\/2"}],"replies":[{"embeddable":true,"href":"https:\/\/www.europesays.com\/pt\/wp-json\/wp\/v2\/comments?post=505083"}],"version-history":[{"count":0,"href":"https:\/\/www.europesays.com\/pt\/wp-json\/wp\/v2\/posts\/505083\/revisions"}],"wp:featuredmedia":[{"embeddable":true,"href":"https:\/\/www.europesays.com\/pt\/wp-json\/wp\/v2\/media\/505084"}],"wp:attachment":[{"href":"https:\/\/www.europesays.com\/pt\/wp-json\/wp\/v2\/media?parent=505083"}],"wp:term":[{"taxonomy":"category","embeddable":true,"href":"https:\/\/www.europesays.com\/pt\/wp-json\/wp\/v2\/categories?post=505083"},{"taxonomy":"post_tag","embeddable":true,"href":"https:\/\/www.europesays.com\/pt\/wp-json\/wp\/v2\/tags?post=505083"}],"curies":[{"name":"wp","href":"https:\/\/api.w.org\/{rel}","templated":true}]}}