{"id":505095,"date":"2026-08-30T00:35:36","date_gmt":"2026-08-30T00:35:36","guid":{"rendered":"https:\/\/www.europesays.com\/pt\/505095\/"},"modified":"2026-08-30T00:35:36","modified_gmt":"2026-08-30T00:35:36","slug":"pelo-menos-40-passageiros-continuam-em-cabo-verde-apos-cancelamento-de-voo-da-easyjet-para-o-porto-mundo","status":"publish","type":"post","link":"https:\/\/www.europesays.com\/pt\/505095\/","title":{"rendered":"Pelo menos 40 passageiros continuam em Cabo Verde ap\u00f3s cancelamento de voo da EasyJet para o Porto &#8211; Mundo"},"content":{"rendered":"<p>&#13;<br \/>\n                                &#13;<\/p>\n<p class=\"\">&#13;<br \/>\n        Pelo menos 40 dos cerca de 130 passageiros afetados continuam na ilha da Boa Vista, em Cabo Verde, tr\u00eas dias depois do cancelamento de um voo da EasyJet para o Porto, em Portugal, ainda sem confirma\u00e7\u00e3o oficial sobre o regresso.&#13;\n    <\/p>\n<p>&#13;<br \/>\n&#13;<br \/>\n&#13;<br \/>\n                                &#13;<\/p>\n<p class=\"\">&#13;<br \/>\n        &#8220;S\u00f3 aqui no hotel Riu Karamboa estamos mais de 40. Existir\u00e3o mais noutros hot\u00e9is&#8221;, disse \u00e0 Lusa Jer\u00f3nimo Velasco, de 61 anos, de nacionalidade portuguesa, que viajava com a mulher e dois filhos.&#13;\n    <\/p>\n<p>&#13;<br \/>\n&#13;<br \/>\n&#13;<br \/>\n                        &#13;<br \/>\n                                &#13;<\/p>\n<p class=\"\">&#13;<br \/>\n        Segundo o passageiro, foi informado na quinta-feira que existiria um voo de regresso a Portugal em 01 de setembro, mas a informa\u00e7\u00e3o foi transmitida apenas atrav\u00e9s de mensagens reencaminhadas pelas ag\u00eancias de viagens.&#13;\n    <\/p>\n<p>&#13;<br \/>\n&#13;<br \/>\n&#13;<br \/>\n                                &#13;<\/p>\n<p class=\"\">&#13;<br \/>\n        &#8220;N\u00e3o temos nenhum documento oficial a confirmar isso. Apenas mensagens reencaminhadas pelas ag\u00eancias de viagens&#8221;, afirmou.&#13;\n    <\/p>\n<p>&#13;<br \/>\n&#13;<br \/>\n&#13;<br \/>\n                                &#13;<\/p>\n<p class=\"\">&#13;<br \/>\n        Jer\u00f3nimo Velasco disse que a operadora &#8216;NewBlue&#8217; assumiu na quinta-feira as despesas de alojamento e garantiu a estadia dos passageiros at\u00e9 ter\u00e7a-feira.&#13;\n    <\/p>\n<p>&#13;<br \/>\n&#13;<br \/>\n&#13;<br \/>\n                                &#13;<\/p>\n<p class=\"\">&#13;<br \/>\n        O passageiro criticou, contudo, a falta de informa\u00e7\u00e3o desde o cancelamento do voo, afirmando que, at\u00e9 quinta-feira, n\u00e3o tinha recebido uma resposta direta da EasyJet nem do operador sobre o regresso.&#13;\n    <\/p>\n<p>&#13;<br \/>\n&#13;<br \/>\n&#13;<br \/>\n                        &#13;<br \/>\n                                &#13;<\/p>\n<p class=\"\">&#13;<br \/>\n        &#8220;N\u00e3o ofereceram alternativas, nem se responsabilizaram por nenhuma despesa com viagem de regresso a Portugal&#8221;, afirmou.&#13;\n    <\/p>\n<p>&#13;<br \/>\n&#13;<br \/>\n&#13;<br \/>\n                                &#13;<\/p>\n<p class=\"\">&#13;<br \/>\n        Velasco, que \u00e9 advogado, disse que o cancelamento o levou a faltar a uma audi\u00eancia judicial na quarta-feira e que a mulher e os filhos t\u00eam compromissos profissionais a partir de 31 de agosto.&#13;\n    <\/p>\n<p>&#13;<br \/>\n&#13;<br \/>\n&#13;<br \/>\n                                &#13;<\/p>\n<p class=\"\">&#13;<br \/>\n        O passageiro referiu ainda dificuldades relacionadas com a medica\u00e7\u00e3o habitual, afirmando que ficou sem o medicamento que toma diariamente para a tens\u00e3o arterial e que est\u00e1 a tentar, atrav\u00e9s do m\u00e9dico, encontrar uma alternativa, uma vez que o medicamento que utiliza n\u00e3o estar\u00e1 dispon\u00edvel em Cabo Verde.&#13;\n    <\/p>\n<p>&#13;<br \/>\n&#13;<br \/>\n&#13;<br \/>\n                                &#13;<\/p>\n<p class=\"\">&#13;<br \/>\n        O voo EJU6872, da Boa Vista para o Porto, estava previsto para ter\u00e7a-feira, 25 de agosto, mas foi cancelado.&#13;\n    <\/p>\n<p>&#13;<br \/>\n&#13;<br \/>\n&#13;<br \/>\n                        &#13;<br \/>\n                                &#13;<\/p>\n<p class=\"\">&#13;<br \/>\n        Na quarta-feira, Abel Fernandes, de 32 anos, de nacionalidade portuguesa, que estava de f\u00e9rias na Boa Vista, disse \u00e0 Lusa que cerca de 130 pessoas tinham sido afetadas pelo cancelamento.&#13;\n    <\/p>\n<p>&#13;<br \/>\n&#13;<br \/>\n&#13;<br \/>\n                        &#13;<br \/>\n                                &#13;<\/p>\n<p class=\"\">&#13;<br \/>\n        Segundo o passageiro, alguns viajantes receberam uma mensagem da companhia na noite de segunda-feira a informar que o voo tinha sido cancelado.&#13;\n    <\/p>\n<p>&#13;<br \/>\n&#13;<br \/>\n&#13;<br \/>\n                                &#13;<\/p>\n<p class=\"\">&#13;<br \/>\n        Os passageiros contactaram as respetivas ag\u00eancias de viagens em Portugal, que come\u00e7aram a procurar alternativas, enquanto na Boa Vista aguardavam informa\u00e7\u00f5es sobre a situa\u00e7\u00e3o.&#13;\n    <\/p>\n<p>&#13;<br \/>\n&#13;<br \/>\n&#13;<br \/>\n                                &#13;<\/p>\n<p class=\"\">&#13;<br \/>\n        &#8220;Alguns colegas conseguiram, com as ag\u00eancias de Portugal, alterar os voos e viajar atrav\u00e9s de escalas&#8221;, contou Abel Fernandes, acrescentando que ele e os dois acompanhantes conseguiram uma alternativa com destino a Londres, onde se encontravam na quarta-feira, com regresso ao Porto na quinta-feira.&#13;\n    <\/p>\n<p>&#13;<br \/>\n&#13;<br \/>\n&#13;<br \/>\n                        &#13;<br \/>\n                                &#13;<\/p>\n<p class=\"\">&#13;<br \/>\n        Em esclarecimentos \u00e0 Lusa, a EasyJet explicou que a aeronave prevista para operar a rota ficou retida, no dia anterior, em Basileia, na Su\u00ed\u00e7a, devido a restri\u00e7\u00f5es do controlo de tr\u00e1fego a\u00e9reo na sequ\u00eancia de condi\u00e7\u00f5es meteorol\u00f3gicas adversas na Europa Central.&#13;\n    <\/p>\n<p>&#13;<br \/>\n&#13;<br \/>\n&#13;<br \/>\n                                &#13;<\/p>\n<p class=\"\">&#13;<br \/>\n        A companhia afirmou que aos passageiros foi oferecida a possibilidade de serem transferidos gratuitamente para o voo seguinte dispon\u00edvel ou de receberem um reembolso integral.&#13;\n    <\/p>\n<p>&#13;<br \/>\n&#13;<br \/>\n&#13;<br \/>\n                                &#13;<\/p>\n<p class=\"\">&#13;<br \/>\n        Acrescentou que os passageiros que tenham tomado medidas alternativas por sua conta ser\u00e3o reembolsados por despesas razo\u00e1veis e que foram prontamente informados sobre as op\u00e7\u00f5es dispon\u00edveis.&#13;\n    <\/p>\n<p>&#13;<br \/>\n&#13;<br \/>\n&#13;<br \/>\n                                &#13;<\/p>\n<p class=\"\">&#13;<br \/>\n        A companhia disse ainda que n\u00e3o consegue precisar quantos passageiros permanecem na Boa Vista, uma vez que alguns poder\u00e3o ter recorrido a outras companhias a\u00e9reas\u00a0para sair da ilha.&#13;\n    <\/p>\n<p>&#13;<br \/>\n&#13;<br \/>\n&#13;<br \/>\n                        &#13;<br \/>\n                                &#13;<\/p>\n<p class=\"\">&#13;<br \/>\n        Contactada novamente pela Lusa esta sexta-feira sobre a situa\u00e7\u00e3o, a EasyJet disse que continua a acompanhar o caso, mas que ainda aguardava novidades.&#13;\n    <\/p>\n<p>&#13;<br \/>\n&#13;<br \/>\n&#13;<br \/>\n                                &#13;<\/p>\n<p class=\"\">&#13;<br \/>\n        &#8220;Sobre o n\u00famero de passageiros, ser\u00e1 sempre complicado estimar uma vez que qualquer passageiro pode optar por outras companhias a\u00e9reas ou alternativas para sair. Mas continuamos a acompanhar de perto e a monitorizar a situa\u00e7\u00e3o&#8221;, referiu.&#13;\n    <\/p>\n<p>&#13;<br \/>\n&#13;<br \/>\n&#13;<br \/>\n                                &#13;<\/p>\n<p class=\"\">&#13;<br \/>\n        A EasyJet iniciou a opera\u00e7\u00e3o em Cabo Verde em outubro de 2024, com liga\u00e7\u00f5es entre Lisboa e o Porto e a ilha do Sal, tendo alargado a opera\u00e7\u00e3o, em outubro de 2025, \u00e0 Boa Vista, Praia e S\u00e3o Vicente.&#13;\n    <\/p>\n<p>&#13;<br \/>\n&#13;<br \/>\n&#13;<br \/>\n                                &#13;<\/p>\n<p class=\"\">&#13;<br \/>\n        O turismo \u00e9 um dos principais motores da economia cabo-verdiana. O pa\u00eds recebeu 1,2 milh\u00f5es de h\u00f3spedes em 2025, mais 6% do que no ano anterior.&#13;\n    <\/p>\n<p>&#13;<br \/>\n&#13;<br \/>\n&#13;<br \/>\n                        &#13;<br \/>\n                &#13;<br \/>\n&#13;<br \/>\n&#13;<br \/>\n&#13;<\/p>\n","protected":false},"excerpt":{"rendered":"&#13; &#13; &#13; Pelo menos 40 dos cerca de 130 passageiros afetados continuam na ilha da Boa Vista,&hellip;\n","protected":false},"author":2,"featured_media":505096,"comment_status":"","ping_status":"","sticky":false,"template":"","format":"standard","meta":{"footnotes":"","_share_on_mastodon":"0"},"categories":[10],"tags":[27,28,2714,32726,7909,23659,15,16,14,55454,25,26,21,22,80955,12,13,19,20,1363,462,32,23,24,33,17,18,29,30,31],"class_list":["post-505095","post","type-post","status-publish","format-standard","has-post-thumbnail","category-portugal","tag-breaking-news","tag-breakingnews","tag-cabo-verde","tag-cancelado","tag-cancelamento","tag-companhias-aereas","tag-featured-news","tag-featurednews","tag-headlines","tag-ilha-da-boa-vista","tag-latest-news","tag-latestnews","tag-main-news","tag-mainnews","tag-newblue","tag-news","tag-noticias","tag-noticias-principais","tag-noticiasprincipais","tag-passageiros","tag-porto","tag-portugal","tag-principais-noticias","tag-principaisnoticias","tag-pt","tag-top-stories","tag-topstories","tag-ultimas","tag-ultimas-noticias","tag-ultimasnoticias"],"share_on_mastodon":{"url":"","error":"Validation failed: Text character limit of 500 exceeded"},"_links":{"self":[{"href":"https:\/\/www.europesays.com\/pt\/wp-json\/wp\/v2\/posts\/505095","targetHints":{"allow":["GET"]}}],"collection":[{"href":"https:\/\/www.europesays.com\/pt\/wp-json\/wp\/v2\/posts"}],"about":[{"href":"https:\/\/www.europesays.com\/pt\/wp-json\/wp\/v2\/types\/post"}],"author":[{"embeddable":true,"href":"https:\/\/www.europesays.com\/pt\/wp-json\/wp\/v2\/users\/2"}],"replies":[{"embeddable":true,"href":"https:\/\/www.europesays.com\/pt\/wp-json\/wp\/v2\/comments?post=505095"}],"version-history":[{"count":0,"href":"https:\/\/www.europesays.com\/pt\/wp-json\/wp\/v2\/posts\/505095\/revisions"}],"wp:featuredmedia":[{"embeddable":true,"href":"https:\/\/www.europesays.com\/pt\/wp-json\/wp\/v2\/media\/505096"}],"wp:attachment":[{"href":"https:\/\/www.europesays.com\/pt\/wp-json\/wp\/v2\/media?parent=505095"}],"wp:term":[{"taxonomy":"category","embeddable":true,"href":"https:\/\/www.europesays.com\/pt\/wp-json\/wp\/v2\/categories?post=505095"},{"taxonomy":"post_tag","embeddable":true,"href":"https:\/\/www.europesays.com\/pt\/wp-json\/wp\/v2\/tags?post=505095"}],"curies":[{"name":"wp","href":"https:\/\/api.w.org\/{rel}","templated":true}]}}