{"id":505127,"date":"2026-08-30T01:29:13","date_gmt":"2026-08-30T01:29:13","guid":{"rendered":"https:\/\/www.europesays.com\/pt\/505127\/"},"modified":"2026-08-30T01:29:13","modified_gmt":"2026-08-30T01:29:13","slug":"respiracao-quadrada-como-funciona-um-dos-truques-mais-poderosos-para-controlar-o-estresse-29-08-2026-equilibrio","status":"publish","type":"post","link":"https:\/\/www.europesays.com\/pt\/505127\/","title":{"rendered":"Respira\u00e7\u00e3o quadrada: como funciona um dos &#8216;truques mais poderosos&#8217; para controlar o estresse &#8211; 29\/08\/2026 &#8211; Equil\u00edbrio"},"content":{"rendered":"<p>Sem poder ajudar seus entes queridos depois que terremotos catastr\u00f3ficos atingiram sua cidade natal de <a href=\"https:\/\/www1.folha.uol.com.br\/mundo\/2026\/08\/vida-e-reduzida-a-enterros-e-sobrevivencia-no-estado-de-la-guaira-apos-terremotos.shtml\" rel=\"nofollow noopener\" target=\"\">La Guaira, na Venezuela<\/a>, h\u00e1 dois meses, Maria Medina vinha sentindo dificuldade para dormir.<\/p>\n<p>Ela estava a mais de 2.400 quil\u00f4metros de dist\u00e2ncia, na <a href=\"https:\/\/www1.folha.uol.com.br\/folha-topicos\/orlando\/\" rel=\"nofollow noopener\" target=\"\">Fl\u00f3rida<\/a> (EUA), onde vive h\u00e1 15 anos, e sofria com a preocupa\u00e7\u00e3o em rela\u00e7\u00e3o \u00e0 fam\u00edlia e aos amigos.<\/p>\n<p>A t\u00e9cnica da <a href=\"https:\/\/www1.folha.uol.com.br\/equilibrioesaude\/2026\/08\/tratamento-da-apneia-do-sono-pode-ajudar-no-controle-da-hipertensao.shtml\" rel=\"nofollow noopener\" target=\"\">respira\u00e7\u00e3o quadrada<\/a> (tamb\u00e9m conhecida pelo nome em ingl\u00eas, &#8220;box breathing&#8221;) a ajudou a enfrentar as <a href=\"https:\/\/www1.folha.uol.com.br\/fsp\/saude\/sd2603200903.htm\" rel=\"nofollow noopener\" target=\"\">noites de ins\u00f4nia<\/a>.<\/p>\n<p>&#8220;Nos momentos em que sinto que n\u00e3o h\u00e1 muito o que fazer, como quando estou deitada na cama \u00e0 noite olhando para o teto&#8230; sei que isso vai me ajudar&#8221;, diz Medina.<\/p>\n<p>Aos 31 anos, ela conheceu a t\u00e9cnica de respira\u00e7\u00e3o quadrada em 2020, quando cursava um mestrado enquanto trabalhava em tempo integral. Quando a pandemia de covid-19 chegou chacoalhando a rotina do mundo naquele ano, conciliar as duas atividades acabou gerando um <a href=\"https:\/\/www1.folha.uol.com.br\/equilibrio\/2025\/04\/os-efeitos-surpreendentes-do-estresse-no-corpo-e-como-faze-lo-funcionar-a-seu-favor.shtml\" rel=\"nofollow noopener\" target=\"\">estresse<\/a> excessivo para ela.<\/p>\n<p>Medina buscou ajuda de um terapeuta, que lhe ensinou a <a href=\"https:\/\/www1.folha.uol.com.br\/webstories\/cotidiano\/2021\/10\/3-tipos-de-respiracao-para-se-acalmar\/\" rel=\"nofollow noopener\" target=\"\">praticar a respira\u00e7\u00e3o quadrada<\/a>.<\/p>\n<p>Hoje ela trabalha como gerente de programas em uma empresa de <a href=\"https:\/\/www1.folha.uol.com.br\/folha-topicos\/tecnologia\/\" rel=\"nofollow noopener\" target=\"\">tecnologia<\/a> nos EUA e recorre \u00e0 t\u00e9cnica antes de dormir ou quando tenta voltar a dormir ap\u00f3s acordar durante a noite.<\/p>\n<p>A t\u00e9cnica consiste em <a href=\"https:\/\/www1.folha.uol.com.br\/equilibrio\/2025\/07\/especialistas-explicam-como-tecnicas-de-respiracao-impactam-no-treino.shtml\" rel=\"nofollow noopener\" target=\"\">inspirar por quatro segundos<\/a>, prender a respira\u00e7\u00e3o por quatro segundos, expirar por quatro segundos e, ent\u00e3o, manter a respira\u00e7\u00e3o suspensa por mais quatro segundos antes de inspirar novamente e reiniciar o ciclo, diz o instrutor de t\u00e9cnicas de respira\u00e7\u00e3o Stuart Sandeman.<\/p>\n<p>&#8220;Esses intervalos podem ter dura\u00e7\u00f5es variadas, mas todos devem ser iguais&#8221;, explica ele. \u00c9 desse padr\u00e3o de quatro etapas de igual dura\u00e7\u00e3o que deriva o nome da t\u00e9cnica.<\/p>\n<p>Stuart afirma que a respira\u00e7\u00e3o quadrada \u00e9 mais indicada antes de se realizar uma <a href=\"https:\/\/m.folha.uol.com.br\/equilibrioesaude\/2009\/05\/569278-reaprender-a-respirar-corretamente-reduz-pressao-e-ansiedade.shtml\" rel=\"nofollow noopener\" target=\"\">atividade estressante<\/a> ou de se participar de um evento que possa gerar ansiedade, como uma prova ou uma apresenta\u00e7\u00e3o.<\/p>\n<p>N\u00e3o h\u00e1 uma dura\u00e7\u00e3o fixa definida para a pr\u00e1tica. Algumas pessoas sentem os efeitos positivos ap\u00f3s apenas alguns minutos; outras chegam a pratic\u00e1-la por at\u00e9 15 minutos.<\/p>\n<p>O chamado trabalho de respira\u00e7\u00e3o originou-se de pr\u00e1ticas tradicionais como a <a href=\"https:\/\/www1.folha.uol.com.br\/equilibrio\/2026\/08\/hot-naked-yin-e-force-flow-conheca-diferentes-modalidades-de-ioga.shtml\" rel=\"nofollow noopener\" target=\"\">ioga<\/a> e tem sido utilizado h\u00e1 s\u00e9culos em outras \u00e1reas, como as artes marciais, diz Stuart.<\/p>\n<p>No caso da t\u00e9cnica da respira\u00e7\u00e3o quadrada, ele acredita que ela se tornou popular nos tempos modernos porque consegue &#8220;tanto focar a mente quanto nos permitir equilibrar o sistema nervoso&#8221;.<\/p>\n<p>&#8220;\u00c9 muito conhecido o fato de que os Navy SEALs [for\u00e7a de opera\u00e7\u00f5es especiais da Marinha americana] dos EUA praticam a respira\u00e7\u00e3o quadrada. Eles a utilizam antes de entrar em situa\u00e7\u00f5es hostis&#8221;, acrescenta.<\/p>\n<p>Stuart tamb\u00e9m ensinou t\u00e9cnicas de respira\u00e7\u00e3o para a sele\u00e7\u00e3o inglesa de futebol.<\/p>\n<p>A \u00faltima etapa \u00e9 a mais importante<\/p>\n<p>Um <a href=\"https:\/\/doi.org\/10.1016\/j.cpnec.2026.100360\" rel=\"nofollow noopener\" target=\"_blank\">estudo<\/a> recente realizado na Am\u00e9rica do Norte sobre a efic\u00e1cia da t\u00e9cnica de respira\u00e7\u00e3o quadrada constatou que ela pode prevenir aumentos acentuados na frequ\u00eancia card\u00edaca e em outros marcadores de estresse no organismo de pessoas que enfrentam situa\u00e7\u00f5es de alta press\u00e3o.<\/p>\n<p>Publicado em junho na revista Comprehensive Psychoneuroendocrinology, ele foi conduzido por pesquisadores da Universidade Estadual do Texas e da Universidade de Toronto Mississauga.<\/p>\n<p>Helen Garr, m\u00e9dica de cl\u00ednica geral que atende profissionais de sa\u00fade com <a href=\"https:\/\/www1.folha.uol.com.br\/equilibrio\/2026\/01\/o-que-e-burnout-e-como-identificar-a-sindrome-de-esgotamento-profissional.shtml\" rel=\"nofollow noopener\" target=\"\">problemas de sa\u00fade mental<\/a>, afirma recomendar a respira\u00e7\u00e3o quadrada a muitos de seus pacientes &#8220;porque \u00e9 um dos truques mais poderosos comprovados cientificamente que temos para assumir o controle da nossa resposta ao estresse e do nosso sistema nervoso&#8221;.<\/p>\n<p>Ela explica que a \u00faltima etapa da t\u00e9cnica \u2014a pausa ap\u00f3s a expira\u00e7\u00e3o\u2014 \u00e9 a que provoca a maior mudan\u00e7a fisiol\u00f3gica.<\/p>\n<p>&#8220;O que acontece em nosso corpo durante essa pausa final \u00e9 que retemos di\u00f3xido de carbono (CO2); quando o c\u00e9rebro detecta o aumento dos n\u00edveis de CO2, ele entra em p\u00e2nico. Sentimos aquela necessidade urgente de respirar.&#8221;<\/p>\n<p>Essa pausa final nos treina a lidar melhor com <a href=\"https:\/\/www1.folha.uol.com.br\/equilibrio\/2026\/01\/exercicios-respiratorios-podem-melhorar-o-desempenho-na-atividade-fisica.shtml\" rel=\"nofollow noopener\" target=\"\">n\u00edveis mais elevados de CO2 no organismo<\/a> e a reduzir a sensa\u00e7\u00e3o de estresse, diz ela. As pessoas respiram de maneira diferente quando est\u00e3o <a href=\"https:\/\/www1.folha.uol.com.br\/equilibrio\/2023\/10\/mulheres-estao-sobrecarregadas-ansiosas-estressadas-e-insatisfeitas-diz-estudo.shtml\" rel=\"nofollow noopener\" target=\"\">estressadas<\/a>, o que provoca altera\u00e7\u00f5es nos n\u00edveis de CO2 do corpo.<\/p>\n<p>&#8220;A respira\u00e7\u00e3o quadrada nos treina a nos acostumarmos com as varia\u00e7\u00f5es de di\u00f3xido de carbono no sangue e no c\u00e9rebro, al\u00e9m de ajudar a superar sentimentos de p\u00e2nico&#8221;, explica ela.<\/p>\n<p>Ao contr\u00e1rio de Maria, Brittany Lamm n\u00e3o pratica a respira\u00e7\u00e3o quadrada antes de dormir, mas sim logo ap\u00f3s acordar.<\/p>\n<p>&#8220;Eu fa\u00e7o isso todas as manh\u00e3s&#8221;, conta ela \u00e0 reportagem de sua casa na Calif\u00f3rnia. &#8220;Na verdade, fiz isso logo antes de voc\u00ea me ligar.&#8221;<\/p>\n<p>Ela descobriu a respira\u00e7\u00e3o quadrada na internet h\u00e1 alguns anos, quando <a href=\"https:\/\/f5.folha.uol.com.br\/viva-bem\/2021\/08\/tecnicas-de-respiracao-ajudam-nos-momentos-de-crise-emocional-e-mental.shtml\" rel=\"nofollow noopener\" target=\"\">passava por um momento dif\u00edcil<\/a> em sua vida pessoal e buscava formas de <a href=\"https:\/\/www1.folha.uol.com.br\/equilibrio\/2025\/09\/cinco-dicas-par-lidar-com-o-estresse.shtml\" rel=\"nofollow noopener\" target=\"\">lidar com o estresse<\/a>.<\/p>\n<p>Muitas pessoas que praticam a respira\u00e7\u00e3o quadrada\u2014de ex-militares a influenciadores de estilo de vida\u2014 compartilham dicas sobre como outras pessoas podem adot\u00e1-la no dia a dia. Algumas tamb\u00e9m publicam guias animados para que as pessoas possam acompanhar a pr\u00e1tica.<\/p>\n<p>&#8220;Se voc\u00ea acorda se sentindo ansioso, \u00e9 uma ferramenta excelente para ajudar a trazer sua aten\u00e7\u00e3o de volta para o corpo e sair da mente&#8221;, diz Lamm.<\/p>\n<p>A t\u00e9cnica a ajuda a sentir que tem controle sobre seus pensamentos e emo\u00e7\u00f5es, em vez de deixar que eles ditem o rumo do seu dia.<\/p>\n<p>Ela achou a pr\u00e1tica t\u00e3o eficaz que aprendeu outras t\u00e9cnicas de respira\u00e7\u00e3o e as incorpora ao seu trabalho como life coach. Lamm \u00e9 formada em <a href=\"https:\/\/www1.folha.uol.com.br\/equilibrioesaude\/2011\/06\/924867-psicologos-discutem-regras-para-orientacao-pela-internet.shtml\" rel=\"nofollow noopener\" target=\"\">psicologia <\/a>e est\u00e1 estudando para atuar como terapeuta.<\/p>\n<p>&#8220;Eu fa\u00e7o isso com meus clientes quando come\u00e7amos nossas chamadas, para que eles se sintam mais calmos do que quando chegaram&#8221;, diz ela.<\/p>\n<p>&#8220;Se estamos conversando sobre assuntos emocionalmente pesados, como o que est\u00e1 acontecendo em seus relacionamentos, isso torna as coisas um pouco mais f\u00e1ceis para eles.&#8221;<\/p>\n<p>Ela compreende que algumas pessoas possam ser c\u00e9ticas quanto \u00e0 diferen\u00e7a que as t\u00e9cnicas de respira\u00e7\u00e3o realmente fazem em situa\u00e7\u00f5es de estresse, mas incentiva as pessoas a experiment\u00e1-las.<\/p>\n<p>&#8220;N\u00e3o existe uma t\u00e9cnica de respira\u00e7\u00e3o \u00fanica que sirva para tudo. H\u00e1 muitos tipos diferentes, adequados ao que quer que voc\u00ea esteja sentindo ou vivenciando.&#8221;<\/p>\n<p>E acrescenta: &#8220;Nove em cada dez pessoas com quem trabalho dizem que realmente se sentem muito melhor depois.&#8221;<\/p>\n<p>Maria Medina sente o mesmo e recomendou a t\u00e9cnica de respira\u00e7\u00e3o quadrada a muitos amigos e colegas que passaram por per\u00edodos de estresse.<\/p>\n<p>Felizmente para ela, nenhum de seus familiares pr\u00f3ximos <a href=\"https:\/\/www1.folha.uol.com.br\/mundo\/2026\/07\/banco-mundial-estima-danos-de-quase-r-100-bilhoes-em-terremotos-na-venezuela.shtml\" rel=\"nofollow noopener\" target=\"\">morreu nos terremotos da Venezuela<\/a>, que, segundo estimativas, mataram pelo menos 6.300 pessoas.<\/p>\n<p>&#8220;Mas minha melhor amiga perdeu a casa, e conhe\u00e7o pessoas que perderam familiares e amigos.&#8221;<\/p>\n<p>Noites sem dormir ainda a afligem ocasionalmente, mas ela sabe que a respira\u00e7\u00e3o quadrada pode ajud\u00e1-la a lidar com per\u00edodos que parecem avassaladores.<\/p>\n<p>&#8220;Acho que, \u00e0s vezes, esquecemos de respirar \u2014de respirar de forma realmente intencional\u2014 e subestimamos os benef\u00edcios que isso pode trazer para o nosso corpo e para a nossa mente.&#8221;<\/p>\n","protected":false},"excerpt":{"rendered":"Sem poder ajudar seus entes queridos depois que terremotos catastr\u00f3ficos atingiram sua cidade natal de La Guaira, na&hellip;\n","protected":false},"author":2,"featured_media":505128,"comment_status":"","ping_status":"","sticky":false,"template":"","format":"standard","meta":{"footnotes":"","_share_on_mastodon":"0"},"categories":[86],"tags":[33682,4325,236,116,25059,21872,32,33,117],"class_list":["post-505127","post","type-post","status-publish","format-standard","has-post-thumbnail","category-saude","tag-equilibrio","tag-estresse","tag-folha","tag-health","tag-ioga","tag-meditacao","tag-portugal","tag-pt","tag-saude"],"share_on_mastodon":{"url":"https:\/\/pubeurope.com\/@pt\/117181872018529693","error":""},"_links":{"self":[{"href":"https:\/\/www.europesays.com\/pt\/wp-json\/wp\/v2\/posts\/505127","targetHints":{"allow":["GET"]}}],"collection":[{"href":"https:\/\/www.europesays.com\/pt\/wp-json\/wp\/v2\/posts"}],"about":[{"href":"https:\/\/www.europesays.com\/pt\/wp-json\/wp\/v2\/types\/post"}],"author":[{"embeddable":true,"href":"https:\/\/www.europesays.com\/pt\/wp-json\/wp\/v2\/users\/2"}],"replies":[{"embeddable":true,"href":"https:\/\/www.europesays.com\/pt\/wp-json\/wp\/v2\/comments?post=505127"}],"version-history":[{"count":0,"href":"https:\/\/www.europesays.com\/pt\/wp-json\/wp\/v2\/posts\/505127\/revisions"}],"wp:featuredmedia":[{"embeddable":true,"href":"https:\/\/www.europesays.com\/pt\/wp-json\/wp\/v2\/media\/505128"}],"wp:attachment":[{"href":"https:\/\/www.europesays.com\/pt\/wp-json\/wp\/v2\/media?parent=505127"}],"wp:term":[{"taxonomy":"category","embeddable":true,"href":"https:\/\/www.europesays.com\/pt\/wp-json\/wp\/v2\/categories?post=505127"},{"taxonomy":"post_tag","embeddable":true,"href":"https:\/\/www.europesays.com\/pt\/wp-json\/wp\/v2\/tags?post=505127"}],"curies":[{"name":"wp","href":"https:\/\/api.w.org\/{rel}","templated":true}]}}