{"id":505151,"date":"2026-08-30T02:23:17","date_gmt":"2026-08-30T02:23:17","guid":{"rendered":"https:\/\/www.europesays.com\/pt\/505151\/"},"modified":"2026-08-30T02:23:17","modified_gmt":"2026-08-30T02:23:17","slug":"teste-qual-integrante-do-aespa-voce-seria-de-acordo-com-seu-estilo","status":"publish","type":"post","link":"https:\/\/www.europesays.com\/pt\/505151\/","title":{"rendered":"Teste: Qual integrante do aespa voc\u00ea seria de acordo com seu estilo?"},"content":{"rendered":"<p>\t\t\t\t\t\t<img loading=\"lazy\" decoding=\"async\" width=\"1024\" height=\"683\" src=\"https:\/\/www.europesays.com\/pt\/wp-content\/uploads\/2026\/08\/1788056596_980_aespa-capricho.png\" alt=\"Quatro mulheres jovens, com cabelos longos e coloridos, posam lado a lado. A primeira, \u00e0 esquerda, tem cabelo preto e coloca o dedo indicador na boca, fazendo sinal de sil\u00eancio. A segunda tem cabelo azul-claro e a terceira, cabelo preto, ambas com a m\u00e3o perto do rosto. A quarta, \u00e0 direita, tem cabelo loiro-rosado. Todas usam capas de cetim, alternando entre azul-claro e lil\u00e1s, e unhas decoradas com joias. O fundo \u00e9 um ambiente claro com prateleiras e objetos azuis\" class=\"media \"\/>\t\t\t\t\t\tGrupo de k-pop aespa \u00e9 formado por Karina, Giselle, Winter e Ningning.\u00a0SM Entertainment\/Divulga\u00e7\u00e3o<\/p>\n<p>\t\t\t\t\t\t\tContinua ap\u00f3s publicidade<\/p>\n<p>O<\/p>\n<p><a href=\"https:\/\/capricho.abril.com.br\/entretenimento\/aespa-fala-sobre-retorno-ao-brasil-seis-anos-de-carreira-e-amor-dos-fas\/\" target=\"_blank\" rel=\"noopener nofollow\"><strong>aespa<\/strong><\/a> est\u00e1 chegando ao Brasil! Com o show do grupo de k-pop marcado para o dia 4 de setembro, nada melhor do que entrar no clima descobrindo qual integrante mais combina com o seu estilo. Seja voc\u00ea f\u00e3 de pe\u00e7as b\u00e1sicas ou de produ\u00e7\u00f5es mais elaboradas, suas escolhas podem revelar com qual delas voc\u00ea mais se identifica.<\/p>\n<p>Voc\u00ea \u00e9 mais <strong>Karina<\/strong>, <strong>Winter<\/strong>, <strong>Giselle<\/strong> ou <strong>Ningning<\/strong>? Responda ao <a href=\"https:\/\/capricho.abril.com.br\/noticias-sobre\/teste\/\" target=\"_blank\" rel=\"noopener nofollow\">teste<\/a> abaixo e veja qual delas pode ser a sua verdadeira inspira\u00e7\u00e3o fashion!<\/p>\n<p>    Continua ap\u00f3s a publicidade<\/p>\n<p><b>+Quer receber as principais not\u00edcias da CAPRICHO direto no celular? Fa\u00e7a parte do nosso canal no Whatsapp, <\/b><a href=\"https:\/\/www.whatsapp.com\/channel\/0029VaDZV559mrGhVFJRkN3y\" rel=\"nofollow noopener\" target=\"_blank\"><b>clique aqui<\/b><\/a><b>.\u00a0<\/b><\/p>\n<p>                Newsletter CH<br \/>\n                <img decoding=\"async\" src=\"https:\/\/capricho.abril.com.br\/wp-content\/themes\/abril-capricho-new\/inc\/images\/logo.svg\"\/><\/p>\n<p>                            Inscreva-se<br \/>\n                            e receba no seu e-mail o melhor do que rolou na semana na CH.<\/p>\n<p>                            Cadastro efetuado com sucesso!<\/p>\n<p>Voc\u00ea receber\u00e1 este conte\u00fado por email em breve.<\/p>\n<p>    Continua ap\u00f3s a publicidade<\/p>\n<p>O que \u00e9 ser adolescente hoje? Elenco de \u2018Por Voc\u00ea\u2019 responde<\/p>\n","protected":false},"excerpt":{"rendered":"Grupo de k-pop aespa \u00e9 formado por Karina, Giselle, Winter e Ningning.\u00a0SM Entertainment\/Divulga\u00e7\u00e3o Continua ap\u00f3s publicidade O aespa&hellip;\n","protected":false},"author":2,"featured_media":505152,"comment_status":"","ping_status":"","sticky":false,"template":"","format":"standard","meta":{"footnotes":"","_share_on_mastodon":"0"},"categories":[141],"tags":[114,115,80960,1688,149,150,32,33,574,45510,80961],"class_list":["post-505151","post","type-post","status-publish","format-standard","has-post-thumbnail","category-musica","tag-entertainment","tag-entretenimento","tag-estilo-das-famosas","tag-k-pop","tag-music","tag-musica","tag-portugal","tag-pt","tag-show","tag-show-no-brasil","tag-testes-da-capricho"],"share_on_mastodon":{"url":"https:\/\/pubeurope.com\/@pt\/117182084926799816","error":""},"_links":{"self":[{"href":"https:\/\/www.europesays.com\/pt\/wp-json\/wp\/v2\/posts\/505151","targetHints":{"allow":["GET"]}}],"collection":[{"href":"https:\/\/www.europesays.com\/pt\/wp-json\/wp\/v2\/posts"}],"about":[{"href":"https:\/\/www.europesays.com\/pt\/wp-json\/wp\/v2\/types\/post"}],"author":[{"embeddable":true,"href":"https:\/\/www.europesays.com\/pt\/wp-json\/wp\/v2\/users\/2"}],"replies":[{"embeddable":true,"href":"https:\/\/www.europesays.com\/pt\/wp-json\/wp\/v2\/comments?post=505151"}],"version-history":[{"count":0,"href":"https:\/\/www.europesays.com\/pt\/wp-json\/wp\/v2\/posts\/505151\/revisions"}],"wp:featuredmedia":[{"embeddable":true,"href":"https:\/\/www.europesays.com\/pt\/wp-json\/wp\/v2\/media\/505152"}],"wp:attachment":[{"href":"https:\/\/www.europesays.com\/pt\/wp-json\/wp\/v2\/media?parent=505151"}],"wp:term":[{"taxonomy":"category","embeddable":true,"href":"https:\/\/www.europesays.com\/pt\/wp-json\/wp\/v2\/categories?post=505151"},{"taxonomy":"post_tag","embeddable":true,"href":"https:\/\/www.europesays.com\/pt\/wp-json\/wp\/v2\/tags?post=505151"}],"curies":[{"name":"wp","href":"https:\/\/api.w.org\/{rel}","templated":true}]}}