{"id":505237,"date":"2026-08-30T07:33:12","date_gmt":"2026-08-30T07:33:12","guid":{"rendered":"https:\/\/www.europesays.com\/pt\/505237\/"},"modified":"2026-08-30T07:33:12","modified_gmt":"2026-08-30T07:33:12","slug":"siri-ai-15-anos-depois-a-apple-tem-uma-assistente-digital-esperta","status":"publish","type":"post","link":"https:\/\/www.europesays.com\/pt\/505237\/","title":{"rendered":"Siri AI: 15 anos depois, a Apple tem uma assistente digital esperta"},"content":{"rendered":"\n<p class=\" content-text__container theme-color-primary-first-letter\" data-track-category=\"Link no Texto\" data-track-links=\"\"> Demorou 15 anos para que a pr\u00f3xima frase se tornasse realidade, ent\u00e3o, aproveite: Siri, a assistente digital da <a class=\"\" href=\"https:\/\/oglobo.globo.com\/tudo-sobre\/empresa\/apple\" rel=\"nofollow noopener\" target=\"_blank\">Apple<\/a>, funciona bem, e, finalmente, chegou a hora de ativ\u00e1-la no seu iPhone. Em sua terceira grande tentativa \u2014 as outras foram em 2011 e em 2024 \u2014, a Apple conseguiu dar um rumo para sua assistente digital, que traz a companhia para a era da <a class=\"\" href=\"https:\/\/oglobo.globo.com\/tudo-sobre\/assunto\/inteligencia-artificial\/\" rel=\"nofollow noopener\" target=\"_blank\">intelig\u00eancia artificial<\/a> (IA). Agora chamada de Siri AI, ela dever\u00e1 estar dispon\u00edvel para os usu\u00e1rios a partir de setembro, junto com o iOS 27, mas O GLOBO teve acesso \u00e0 vers\u00e3o de testes, \u201cconvivendo\u201d por cerca de um m\u00eas com a nova encarna\u00e7\u00e3o da ferramenta. <\/p>\n<p class=\" content-text__container \" data-track-category=\"Link no Texto\" data-track-links=\"\"> <strong>Acompanhe o teste com a Siri AI<\/strong> <\/p>\n<p class=\" content-text__container \" data-track-category=\"Link no Texto\" data-track-links=\"\"> N\u00e3o foi um caminho livre de sofrimentos. Durante mais de uma d\u00e9cada, a Siri s\u00f3 prestava para tarefas extremamente simples: acionar um despertador aqui, pedir uma musiquinha ali. Era um mal que acometia toda a primeira gera\u00e7\u00e3o de assistentes, incluindo Alexa e <a class=\"\" href=\"https:\/\/oglobo.globo.com\/tudo-sobre\/empresa\/google\" rel=\"nofollow noopener\" target=\"_blank\">Google<\/a> Assistente, que passavam longe das promessas do filme Ela (2013). Em 2024, a primeira tentativa da Apple de moderniz\u00e1-la com recursos de IA generativa fracassou. <\/p>\n","protected":false},"excerpt":{"rendered":"Demorou 15 anos para que a pr\u00f3xima frase se tornasse realidade, ent\u00e3o, aproveite: Siri, a assistente digital da&hellip;\n","protected":false},"author":2,"featured_media":505238,"comment_status":"","ping_status":"","sticky":false,"template":"","format":"standard","meta":{"footnotes":"","_share_on_mastodon":"0"},"categories":[84],"tags":[247,642,109,107,108,50648,643,933,32,33,679,15968,105,103,104,106,110],"class_list":["post-505237","post","type-post","status-publish","format-standard","has-post-thumbnail","category-ciencia-e-tecnologia","tag-apple","tag-chatgpt","tag-ciencia","tag-ciencia-e-tecnologia","tag-cienciaetecnologia","tag-ferramenta-de-inteligencia-artificial-capaz-de-responder-a-perguntas-sobre-os-mais-variados-temas","tag-google","tag-inteligencia-artificial","tag-portugal","tag-pt","tag-reportagem","tag-samsung-electronics","tag-science","tag-science-and-technology","tag-scienceandtechnology","tag-technology","tag-tecnologia"],"share_on_mastodon":{"url":"","error":""},"_links":{"self":[{"href":"https:\/\/www.europesays.com\/pt\/wp-json\/wp\/v2\/posts\/505237","targetHints":{"allow":["GET"]}}],"collection":[{"href":"https:\/\/www.europesays.com\/pt\/wp-json\/wp\/v2\/posts"}],"about":[{"href":"https:\/\/www.europesays.com\/pt\/wp-json\/wp\/v2\/types\/post"}],"author":[{"embeddable":true,"href":"https:\/\/www.europesays.com\/pt\/wp-json\/wp\/v2\/users\/2"}],"replies":[{"embeddable":true,"href":"https:\/\/www.europesays.com\/pt\/wp-json\/wp\/v2\/comments?post=505237"}],"version-history":[{"count":0,"href":"https:\/\/www.europesays.com\/pt\/wp-json\/wp\/v2\/posts\/505237\/revisions"}],"wp:featuredmedia":[{"embeddable":true,"href":"https:\/\/www.europesays.com\/pt\/wp-json\/wp\/v2\/media\/505238"}],"wp:attachment":[{"href":"https:\/\/www.europesays.com\/pt\/wp-json\/wp\/v2\/media?parent=505237"}],"wp:term":[{"taxonomy":"category","embeddable":true,"href":"https:\/\/www.europesays.com\/pt\/wp-json\/wp\/v2\/categories?post=505237"},{"taxonomy":"post_tag","embeddable":true,"href":"https:\/\/www.europesays.com\/pt\/wp-json\/wp\/v2\/tags?post=505237"}],"curies":[{"name":"wp","href":"https:\/\/api.w.org\/{rel}","templated":true}]}}