{"id":505243,"date":"2026-08-30T07:47:29","date_gmt":"2026-08-30T07:47:29","guid":{"rendered":"https:\/\/www.europesays.com\/pt\/505243\/"},"modified":"2026-08-30T07:47:29","modified_gmt":"2026-08-30T07:47:29","slug":"galaxy-s26-ultra-foi-o-celular-android-mais-vendido-entre-abril-e-junho","status":"publish","type":"post","link":"https:\/\/www.europesays.com\/pt\/505243\/","title":{"rendered":"Galaxy S26 Ultra foi o celular Android mais vendido entre abril e junho"},"content":{"rendered":"<p>A <strong>Samsung<\/strong> tem v\u00e1rios aparelhos de sucesso no mercado, mas um deles tem se destacado bastante em 2026. Trata-se do famoso<strong> Galaxy S26 Ultra<\/strong>, celular mais completo da marca at\u00e9 o momento. E agora, um levantamento da Counterpoint Research revelou que o aparelho foi o smartphone <strong>Android mais vendido<\/strong> no mundo entre os meses de abril e junho deste ano.<\/p>\n<p>Galaxy S26 Ultra ficou atr\u00e1s de tr\u00eas iPhones<\/p>\n<p>O <strong>Galaxy S26 Ultra<\/strong> ocupou a quarta posi\u00e7\u00e3o entre todos os celulares vendidos no per\u00edodo. O <a class=\"lib tg-lib\" href=\"https:\/\/www.oficinadanet.com.br\/iphone\" rel=\"nofollow noopener\" target=\"_blank\">iPhone<\/a> 17 liderou o ranking mundial. O<strong> iPhone 17 Pro Max <\/strong>ficou em segundo lugar, enquanto o <strong>iPhone 17 Pro<\/strong> apareceu logo depois. Curiosamente, a <a class=\"lib tg-lib\" href=\"https:\/\/www.oficinadanet.com.br\/samsung\" rel=\"nofollow noopener\" target=\"_blank\">Samsung<\/a> foi a \u00fanica fabricante de celulares <a class=\"lib tg-lib\" href=\"https:\/\/www.oficinadanet.com.br\/android\" rel=\"nofollow noopener\" target=\"_blank\">Android<\/a> presente na lista dos dez modelos mais vendidos.<\/p>\n<p>Al\u00e9m do <a class=\"lib tg-lib\" href=\"https:\/\/www.oficinadanet.com.br\/smartphones\/samsung-galaxy-s26-ultra\" rel=\"nofollow noopener\" target=\"_blank\">Galaxy S26 Ultra<\/a>, o levantamento incluiu o Galaxy A07 e o <strong>Galaxy A17 5G<\/strong>. O Galaxy A17 4G e o<strong> Galaxy S26<\/strong> completaram a participa\u00e7\u00e3o da empresa. O <a class=\"lib tg-lib\" href=\"https:\/\/www.oficinadanet.com.br\/smartphones\/samsung-galaxy-s26\" rel=\"nofollow noopener\" target=\"_blank\">Galaxy S26<\/a> Ultra avan\u00e7ou cinco posi\u00e7\u00f5es em compara\u00e7\u00e3o com o resultado obtido por seu antecessor no mesmo per\u00edodo de 2025.<\/p>\n<p>O aparelho tamb\u00e9m respondeu por mais da metade das vendas da linha <strong>Galaxy S26<\/strong>. A Counterpoint relaciona esse resultado \u00e0 tela de privacidade e aos recursos aprimorados de <a class=\"lib tg-lib\" href=\"https:\/\/www.oficinadanet.com.br\/inteligencia-artificial\" rel=\"nofollow noopener\" target=\"_blank\">intelig\u00eancia artificial<\/a>. E obviamente, o celular tamb\u00e9m se destaca com seu \u00f3timo conjunto de c\u00e2meras e hardare.<\/p>\n<p>O que o Galaxy S26 Ultra tem de bom?<\/p>\n<p>N\u00e3o por um acaso que o S26 Ultra se destaca entre outros modelos do mercado. Afinal, tem uma tela de <strong>6,9 polegadas<\/strong> <a class=\"tg-link-manual\" href=\"https:\/\/www.oficinadanet.com.br\/tecnologia\/60059-amoled-ltpo\" rel=\"nofollow noopener\" target=\"_blank\">LTPO<\/a> <a class=\"tg-link-manual\" href=\"https:\/\/www.oficinadanet.com.br\/tecnologia\/48143-telas-amoled\" rel=\"nofollow noopener\" target=\"_blank\">AMOLED<\/a> 2X QHD+ e taxa adaptativa de 1 a <strong>120 Hz. <\/strong>Mas o ponto mais interessante est\u00e1 na tecnologia de privacidade integrada ao painel. O grande destaque, inclusive, dessa gera\u00e7\u00e3o.<\/p>\n<p>Com op\u00e7\u00f5es de <strong>12 GB<\/strong> ou <strong>16 GB <\/strong>de <a class=\"tg-link-manual\" href=\"https:\/\/www.oficinadanet.com.br\/onresponde\/65111-o-que-e-memoria-ram-celular\" rel=\"nofollow noopener\" target=\"_blank\">RAM<\/a> e armazenamento que pode chegar a <strong>1 TB<\/strong>, o aparelho n\u00e3o trava de jeito nenhum. D\u00e1 para manter v\u00e1rios aplicativos abertos. Outro ponto importante \u00e9 o seu sistema de resfriamento, que est\u00e1 melhor do que nas gera\u00e7\u00f5es anteriores e evita aquecimentos mesmo em uso intenso.<\/p>\n<p>Ningu\u00e9m pode negar que os aparelhos premium da Samsung s\u00e3o incr\u00edveis nas fotos. Nesse sentido, ele usa uma lente principal de <strong>200 MP<\/strong> trabalha com abertura f\/1.4, garantindo boa captura de luz. Para zoom, o aparelho traz duas abordagens diferentes. Uma lente <a class=\"tg-link-manual\" href=\"https:\/\/www.oficinadanet.com.br\/smartphones\/36853-quais-sao-as-lentes-de-celular\" rel=\"nofollow noopener\" target=\"_blank\">telefoto<\/a> de 3x para uso mais comum no dia a dia e um perisc\u00f3pio de <strong>5x <\/strong>com <strong>50 MP. <\/strong><\/p>\n<p><a href=\"https:\/\/www.sammobile.com\/news\/galaxy-s26-ultra-best-selling-android-phone-q2-2026\/\" class=\"tg-link-manual\" rel=\"nofollow  noopener\" target=\"_blank\">Fonte<\/a><\/p>\n","protected":false},"excerpt":{"rendered":"A Samsung tem v\u00e1rios aparelhos de sucesso no mercado, mas um deles tem se destacado bastante em 2026.&hellip;\n","protected":false},"author":2,"featured_media":505244,"comment_status":"","ping_status":"","sticky":false,"template":"","format":"standard","meta":{"footnotes":"","_share_on_mastodon":"0"},"categories":[84],"tags":[109,107,108,2764,2765,13,32,33,952,105,103,104,954,106,110],"class_list":["post-505243","post","type-post","status-publish","format-standard","has-post-thumbnail","category-ciencia-e-tecnologia","tag-ciencia","tag-ciencia-e-tecnologia","tag-cienciaetecnologia","tag-galaxy","tag-galaxy-s26-ultra","tag-noticias","tag-portugal","tag-pt","tag-samsung","tag-science","tag-science-and-technology","tag-scienceandtechnology","tag-smartphones","tag-technology","tag-tecnologia"],"share_on_mastodon":{"url":"https:\/\/pubeurope.com\/@pt\/117183358529273106","error":""},"_links":{"self":[{"href":"https:\/\/www.europesays.com\/pt\/wp-json\/wp\/v2\/posts\/505243","targetHints":{"allow":["GET"]}}],"collection":[{"href":"https:\/\/www.europesays.com\/pt\/wp-json\/wp\/v2\/posts"}],"about":[{"href":"https:\/\/www.europesays.com\/pt\/wp-json\/wp\/v2\/types\/post"}],"author":[{"embeddable":true,"href":"https:\/\/www.europesays.com\/pt\/wp-json\/wp\/v2\/users\/2"}],"replies":[{"embeddable":true,"href":"https:\/\/www.europesays.com\/pt\/wp-json\/wp\/v2\/comments?post=505243"}],"version-history":[{"count":0,"href":"https:\/\/www.europesays.com\/pt\/wp-json\/wp\/v2\/posts\/505243\/revisions"}],"wp:featuredmedia":[{"embeddable":true,"href":"https:\/\/www.europesays.com\/pt\/wp-json\/wp\/v2\/media\/505244"}],"wp:attachment":[{"href":"https:\/\/www.europesays.com\/pt\/wp-json\/wp\/v2\/media?parent=505243"}],"wp:term":[{"taxonomy":"category","embeddable":true,"href":"https:\/\/www.europesays.com\/pt\/wp-json\/wp\/v2\/categories?post=505243"},{"taxonomy":"post_tag","embeddable":true,"href":"https:\/\/www.europesays.com\/pt\/wp-json\/wp\/v2\/tags?post=505243"}],"curies":[{"name":"wp","href":"https:\/\/api.w.org\/{rel}","templated":true}]}}