{"id":505247,"date":"2026-08-30T07:49:20","date_gmt":"2026-08-30T07:49:20","guid":{"rendered":"https:\/\/www.europesays.com\/pt\/505247\/"},"modified":"2026-08-30T07:49:20","modified_gmt":"2026-08-30T07:49:20","slug":"portas-e-a-felicidade-de-um-parlamento-sem-radicais-observador","status":"publish","type":"post","link":"https:\/\/www.europesays.com\/pt\/505247\/","title":{"rendered":"Portas e a &#8220;felicidade&#8221; de um Parlamento sem radicais \u2013 Observador"},"content":{"rendered":"<p>Paulo Portas deu este s\u00e1bado uma aula aos alunos da Universidade de Ver\u00e3o do PSD onde evitou pol\u00edtica nacional, mas apresentou a modera\u00e7\u00e3o como o maior ativo pol\u00edtico. Do envelhecimento populacional \u00e0 Defesa, a receita para os alunos foi a mesma: <strong>evitar radicalismos<\/strong>. O antigo vice-primeiro-ministro alertou que vivemos numa \u201c\u00e9poca de <strong>decl\u00ednio da racionalidade<\/strong>, nas tomadas de decis\u00e3o pol\u00edtica e econ\u00f3mica\u201d e, em v\u00e1rios apartes, foi criticando os <strong>extremismos<\/strong>. Quando falava sobre o problema energ\u00e9tico da Europa fez um par\u00eantesis na mesma linha: \u201cA fam\u00edlia do meu pai \u00e9 galega. Os galegos s\u00e3o muito moderados entre pessoas. \u00c9 o \u00fanico Parlamento de Espanha onde n\u00e3o h\u00e1 Podemos nem Vox. <strong>J\u00e1 imaginaram a felicidade?<\/strong> N\u00e3o h\u00e1 gritaria\u201d.<\/p>\n<p>Sem nunca tocar em tem\u00e1ticas do atual combate pol\u00edtico, como a discuss\u00e3o em torno do sistema de pens\u00f5es, Paulo Portas identificou a <strong>demografia<\/strong> como um dos problemas principais da Europa (e de Portugal). \u201cA idade m\u00e9dia dos europeus \u00e9 44,9 anos, em Portugal 47,3 anos.\u201d E questiona, visando mais uma cr\u00edtica indireta ao Chega e os seus partidos irm\u00e3os: \u201cQueremos discutir o problema do <strong>envelhecimento<\/strong> com cabe\u00e7a, tronco e membros e sermos racionais ou queremos likes <strong>e radicalismos<\/strong>? O problema n\u00e3o se resolve com um tweet.\u201d Portas deixa o aviso: \u201cQuanto mais tarde come\u00e7armos, pior\u201d.<\/p>\n<p>A n\u00edvel de pol\u00edtica externa, o tamb\u00e9m antigo ministro dos Neg\u00f3cios Estrangeiros lembrou que \u201cPortugal ter\u00e1 tanto mais peso na Europa quanto mais aportar de fora da Europa para a Europa. \u00c9 um dos poucos pa\u00edses europeus que conhece a \u00c1sia, a \u00c1frica, que esteve na funda\u00e7\u00e3o do Brasil.\u201d Aproveitou tamb\u00e9m para lembrar que \u201c<strong>Portugal \u00e9 cuidadoso<\/strong> na sua pol\u00edtica exterior\u201d e elogiou o \u201csucesso diplom\u00e1tico enorme\u201d do Pa\u00eds quando garantiu a elei\u00e7\u00e3o, \u00e0 frente de pa\u00edses mais ricos, como a Alemanha e a \u00c1ustria.<\/p>\n<p>O tamb\u00e9m antigo ministro da Defesa disse ainda, ap\u00f3s ser questionado por um aluno, que \u201c\u00e9 dif\u00edcil ter for\u00e7as armadas profissionais, seria estranho \u00e0 nossa tradi\u00e7\u00e3o\u201d. O inventor do Dia da Defesa Nacional acrescentou que \u201co ponto <strong>n\u00e3o est\u00e1 na profissionaliza\u00e7\u00e3o<\/strong>, mas no sentimento de Na\u00e7\u00e3o e de Defesa das gera\u00e7\u00f5es mais novas.\u201d<\/p>\n<p>Quanto ao cargo para o qual foi nomeado por Lu\u00eds Montenegro, de comiss\u00e1rio-geral para as Comemora\u00e7\u00f5es dos 900 anos da Funda\u00e7\u00e3o de Portugal, Paulo Portas afastou qualquer inclina\u00e7\u00e3o ideol\u00f3gica na celebra\u00e7\u00e3o e at\u00e9 brincou: \u201c<strong>Gra\u00e7as a Deus<\/strong>, h\u00e1 900 anos n\u00e3o existiam esses conceitos de<strong> esquerda e direita<\/strong>, porque sen\u00e3o t\u00ednhamos perdido mais tempo a discutir o que \u00e9 que cada um era do que a construir a forma\u00e7\u00e3o de Portugal, que foi constru\u00edda com todos e continua a ser constru\u00edda com todos\u201d.<\/p>\n<p>Portas tamb\u00e9m falou sobre a crise migrat\u00f3ria em Ceuta para alertar que \u201co que falhou tanto do lado espanhol como do marroquino, foi a consci\u00eancia de que vivemos num mundo de perce\u00e7\u00f5es e n\u00e3o necessariamente de factos\u201d. O antigo governante lembra que \u201cas redes sociais tiveram um papel subterr\u00e2neo massivo que surpreendeu os dois governos [Espanha e Marrocos]\u201d, alertando que os Governos devem ter cuidado de antecipar a forma como v\u00e3o ser entendidas as suas pol\u00edticas. E vaticinou: \u201cFoi uma grande li\u00e7\u00e3o. N\u00e3o ser\u00e1 a \u00faltima\u201d.<\/p>\n","protected":false},"excerpt":{"rendered":"Paulo Portas deu este s\u00e1bado uma aula aos alunos da Universidade de Ver\u00e3o do PSD onde evitou pol\u00edtica&hellip;\n","protected":false},"author":2,"featured_media":505248,"comment_status":"","ping_status":"","sticky":false,"template":"","format":"standard","meta":{"footnotes":"","_share_on_mastodon":"0"},"categories":[50],"tags":[27,28,4580,15,16,14,25,26,21,22,62,12,13,19,20,302,23,24,4579,17,18,29,30,31,63,64,65],"class_list":["post-505247","post","type-post","status-publish","format-standard","has-post-thumbnail","category-mundo","tag-breaking-news","tag-breakingnews","tag-cds-pp","tag-featured-news","tag-featurednews","tag-headlines","tag-latest-news","tag-latestnews","tag-main-news","tag-mainnews","tag-mundo","tag-news","tag-noticias","tag-noticias-principais","tag-noticiasprincipais","tag-polu00edtica","tag-principais-noticias","tag-principaisnoticias","tag-psd","tag-top-stories","tag-topstories","tag-ultimas","tag-ultimas-noticias","tag-ultimasnoticias","tag-world","tag-world-news","tag-worldnews"],"share_on_mastodon":{"url":"https:\/\/pubeurope.com\/@pt\/117183366280711257","error":""},"_links":{"self":[{"href":"https:\/\/www.europesays.com\/pt\/wp-json\/wp\/v2\/posts\/505247","targetHints":{"allow":["GET"]}}],"collection":[{"href":"https:\/\/www.europesays.com\/pt\/wp-json\/wp\/v2\/posts"}],"about":[{"href":"https:\/\/www.europesays.com\/pt\/wp-json\/wp\/v2\/types\/post"}],"author":[{"embeddable":true,"href":"https:\/\/www.europesays.com\/pt\/wp-json\/wp\/v2\/users\/2"}],"replies":[{"embeddable":true,"href":"https:\/\/www.europesays.com\/pt\/wp-json\/wp\/v2\/comments?post=505247"}],"version-history":[{"count":0,"href":"https:\/\/www.europesays.com\/pt\/wp-json\/wp\/v2\/posts\/505247\/revisions"}],"wp:featuredmedia":[{"embeddable":true,"href":"https:\/\/www.europesays.com\/pt\/wp-json\/wp\/v2\/media\/505248"}],"wp:attachment":[{"href":"https:\/\/www.europesays.com\/pt\/wp-json\/wp\/v2\/media?parent=505247"}],"wp:term":[{"taxonomy":"category","embeddable":true,"href":"https:\/\/www.europesays.com\/pt\/wp-json\/wp\/v2\/categories?post=505247"},{"taxonomy":"post_tag","embeddable":true,"href":"https:\/\/www.europesays.com\/pt\/wp-json\/wp\/v2\/tags?post=505247"}],"curies":[{"name":"wp","href":"https:\/\/api.w.org\/{rel}","templated":true}]}}