{"id":505251,"date":"2026-08-30T07:53:29","date_gmt":"2026-08-30T07:53:29","guid":{"rendered":"https:\/\/www.europesays.com\/pt\/505251\/"},"modified":"2026-08-30T07:53:29","modified_gmt":"2026-08-30T07:53:29","slug":"yayoi-kusama-morre-aos-97-anos-legado-da-rainha-das-bolinhas-e-icone-da-arte-contemporanea-japonesa","status":"publish","type":"post","link":"https:\/\/www.europesays.com\/pt\/505251\/","title":{"rendered":"Yayoi Kusama morre aos 97 anos: legado da Rainha das Bolinhas e \u00edcone da arte contempor\u00e2nea japonesa"},"content":{"rendered":"<p>A artista japonesa &#8216;avant-garde&#8217; Yayoi Kusama, conhecida como a &#8220;Rainha das Bolinhas&#8221;, morreu aos 97 anos, anunciou esta quinta-feira, 27 de agosto, a sua empresa, em comunicado.<\/p>\n<p>&#8220;\u00c9 com profunda tristeza que anunciamos o falecimento de Yayoi Kusama num hospital de T\u00f3quio, no dia 14 de agosto de 2026, aos 97 anos&#8221;, refere o <a aria-label=\"content\" target=\"_blank\" href=\"https:\/\/yayoi-kusama.jp\/en\/news4518\/\" rel=\"nofollow noopener\">comunicado<\/a>, sem fornecer mais informa\u00e7\u00f5es sobre a causa da morte.<\/p>\n<p>Kusama &#8220;continuou a pintar at\u00e9 aos seus \u00faltimos dias, nunca largando o pincel, e continuou a explorar o amor eterno e a alma imortal&#8221;, afirma a nota.<\/p>\n<p>Nascida em 1929, a artista, mundialmente famosa pelos seus padr\u00f5es \u00e0s bolinhas e instala\u00e7\u00f5es imersivas, imediatamente reconhec\u00edvel pela sua peruca vermelha vibrante, inspirava-se nas alucina\u00e7\u00f5es que experimentava desde a inf\u00e2ncia.<\/p>\n<p>Nascida numa fam\u00edlia abastada de comerciantes, Kusama <strong>sofreu de alucina\u00e7\u00f5es e transtorno obsessivo-compulsivo com tend\u00eancias suicidas desde a inf\u00e2ncia, per\u00edodo durante o qual confessou em diversas ocasi\u00f5es ter sofrido abusos f\u00edsicos e psicol\u00f3gicos \u00e0s m\u00e3os da m\u00e3e.<\/strong><\/p>\n<p><strong>Figura chave do psicadelismo<\/strong> e uma das artistas mais importantes do s\u00e9culo 20, transformou este universo mental numa prol\u00edfica obra que abrange a pintura, a escultura, a performance, a literatura e a poesia.<\/p>\n<p>Formada em Nihonga, um estilo tradicional de pintura japonesa definido no final do s\u00e9culo XIX, na Escola Municipal de Artes e Of\u00edcios de Quioto (oeste do Jap\u00e3o), Kusama emigrou para os Estados Unidos no final da d\u00e9cada de 1950, fugindo ao formalismo r\u00edgido do pa\u00eds natal e procurando construir uma reputa\u00e7\u00e3o dentro da vanguarda art\u00edstica.<\/p>\n<p>Na cidade de Nova Iorque, come\u00e7ou a criar obras de arte em espa\u00e7os p\u00fablicos, como o Central Park, onde realizou protestos contra a Guerra do Vietname.<\/p>\n<p><strong>O ativismo antiguerra da artista japonesa nasceu aos 16 anos, quando os Estados Unidos lan\u00e7aram duas bombas at\u00f3micas sobre as cidades de Hiroshima e Nagasaki<\/strong>, no final da Segunda Guerra Mundial.<\/p>\n<p>Apesar do sucesso nos EUA, onde influenciou contempor\u00e2neos como Andy Warhol e Claes Oldenburg, Kusama regressou ao Jap\u00e3o em 1973, ap\u00f3s o agravamento dos seus problemas de sa\u00fade mental.<\/p>\n<p><strong>Em 1990, a artista internou-se voluntariamente numa institui\u00e7\u00e3o psiqui\u00e1trica, de onde continuou a produzir obras em diversos formatos.<\/strong><\/p>\n<p>&#8220;Ao longo de uma vida extraordin\u00e1ria inteiramente dedicada \u00e0 cria\u00e7\u00e3o art\u00edstica, Yayoi Kusama construiu uma carreira aclamada mundialmente como uma artista pioneira da vanguarda, cuja pr\u00e1tica criativa abrangeu as artes visuais, a performance, a fic\u00e7\u00e3o e a poesia&#8221;, escreveu a sua empresa.<\/p>\n<p>&#8220;Daremos continuidade ao legado de Yayoi Kusama e, atrav\u00e9s da arte, continuaremos a levar esperan\u00e7a e for\u00e7a para o futuro \u00e0s pessoas de todo o mundo&#8221;, acrescentou o comunicado.<\/p>\n<p>Kusama exp\u00f4s em museus de todo o mundo e recebeu in\u00fameros pr\u00e9mios, como a Ordem das Artes e Letras do Jap\u00e3o e a Ordem da Cultura do Jap\u00e3o.<\/p>\n<p>Em 2006, tornou-se a primeira mulher a receber o Praemium Imperiale da Associa\u00e7\u00e3o de Arte do Jap\u00e3o, um dos mais prestigiados pr\u00e9mios de arte internacionais do mundo.<\/p>\n","protected":false},"excerpt":{"rendered":"A artista japonesa &#8216;avant-garde&#8217; Yayoi Kusama, conhecida como a &#8220;Rainha das Bolinhas&#8221;, morreu aos 97 anos, anunciou esta&hellip;\n","protected":false},"author":2,"featured_media":505252,"comment_status":"","ping_status":"","sticky":false,"template":"","format":"standard","meta":{"footnotes":"","_share_on_mastodon":"0"},"categories":[144],"tags":[207,8771,205,206,80977,203,201,202,80978,204,114,115,80981,1437,32,80982,80980,33,80979,51432,57933],"class_list":["post-505251","post","type-post","status-publish","format-standard","has-post-thumbnail","category-arte-e-design","tag-arte","tag-arte-contemporanea","tag-arte-e-design","tag-artedesign","tag-artista-japonesa","tag-arts","tag-arts-and-design","tag-artsanddesign","tag-avant-garde","tag-design","tag-entertainment","tag-entretenimento","tag-instalacoes-imersivas","tag-morte","tag-portugal","tag-praemium-imperiale","tag-psicodelismo","tag-pt","tag-rainha-das-bolinhas","tag-transtorno-obsessivo-compulsivo","tag-yayoi-kusama"],"share_on_mastodon":{"url":"https:\/\/pubeurope.com\/@pt\/117183381610738620","error":""},"_links":{"self":[{"href":"https:\/\/www.europesays.com\/pt\/wp-json\/wp\/v2\/posts\/505251","targetHints":{"allow":["GET"]}}],"collection":[{"href":"https:\/\/www.europesays.com\/pt\/wp-json\/wp\/v2\/posts"}],"about":[{"href":"https:\/\/www.europesays.com\/pt\/wp-json\/wp\/v2\/types\/post"}],"author":[{"embeddable":true,"href":"https:\/\/www.europesays.com\/pt\/wp-json\/wp\/v2\/users\/2"}],"replies":[{"embeddable":true,"href":"https:\/\/www.europesays.com\/pt\/wp-json\/wp\/v2\/comments?post=505251"}],"version-history":[{"count":0,"href":"https:\/\/www.europesays.com\/pt\/wp-json\/wp\/v2\/posts\/505251\/revisions"}],"wp:featuredmedia":[{"embeddable":true,"href":"https:\/\/www.europesays.com\/pt\/wp-json\/wp\/v2\/media\/505252"}],"wp:attachment":[{"href":"https:\/\/www.europesays.com\/pt\/wp-json\/wp\/v2\/media?parent=505251"}],"wp:term":[{"taxonomy":"category","embeddable":true,"href":"https:\/\/www.europesays.com\/pt\/wp-json\/wp\/v2\/categories?post=505251"},{"taxonomy":"post_tag","embeddable":true,"href":"https:\/\/www.europesays.com\/pt\/wp-json\/wp\/v2\/tags?post=505251"}],"curies":[{"name":"wp","href":"https:\/\/api.w.org\/{rel}","templated":true}]}}