{"id":505289,"date":"2026-08-30T08:58:17","date_gmt":"2026-08-30T08:58:17","guid":{"rendered":"https:\/\/www.europesays.com\/pt\/505289\/"},"modified":"2026-08-30T08:58:17","modified_gmt":"2026-08-30T08:58:17","slug":"graacc-reduz-impacto-do-cancer-com-acoes-de-humanizacao-30-08-2026-equilibrio-e-saude","status":"publish","type":"post","link":"https:\/\/www.europesays.com\/pt\/505289\/","title":{"rendered":"Graacc reduz impacto do c\u00e2ncer com a\u00e7\u00f5es de humaniza\u00e7\u00e3o &#8211; 30\/08\/2026 &#8211; Equil\u00edbrio e Sa\u00fade"},"content":{"rendered":"<p>Para Marynna Vieira Batista, 3, a ida ao <a href=\"https:\/\/www1.folha.uol.com.br\/equilibrioesaude\/2025\/09\/graacc-e-doutores-da-alegria-iniciam-parceria-para-humanizar-tratamento-oncologico-infantil.shtml\" rel=\"nofollow noopener\" target=\"_blank\">Graacc <\/a>(Grupo de Apoio ao <a href=\"https:\/\/www1.folha.uol.com.br\/mercado\/2024\/09\/no-brasil-4-entre-10-criancas-e-adolescentes-na-escola-dizem-tambem-trabalhar.shtml\" rel=\"nofollow noopener\" target=\"_blank\">Adolescente <\/a>e \u00e0 Crian\u00e7a com C\u00e2ncer), na Vila Clementino, na zona sul de <a href=\"https:\/\/www1.folha.uol.com.br\/folha-topicos\/sao-paulo\/\" rel=\"nofollow noopener\" target=\"\">S\u00e3o Paulo<\/a>, \u00e9 um passeio. Enquanto aguardava o<a href=\"https:\/\/www1.folha.uol.com.br\/folha-topicos\/homem-aranha\/\" rel=\"nofollow noopener\" target=\"\"> homem-aranha<\/a> conduzi-la \u00e0 sala de <a href=\"https:\/\/www1.folha.uol.com.br\/equilibrioesaude\/2026\/07\/desigualdade-racial-e-regional-marca-acesso-a-radioterapia-no-pais.shtml\" rel=\"nofollow noopener\" target=\"\">radioterapia<\/a>, a menina quis retocar o &#8220;look&#8221;. O batom escolhido combinou com o la\u00e7o rosa nos cabelos.<\/p>\n<p>Em maio de 2026, quando chegou ao Graacc, transferida do Hospital Municipal de Barueri, na Grande <a href=\"https:\/\/www1.folha.uol.com.br\/equilibrioesaude\/2026\/08\/sao-paulo-oferece-vacina-contra-o-sarampo-em-mais-de-100-enderecos-veja-datas-e-horarios.shtml\" rel=\"nofollow noopener\" target=\"_blank\">S\u00e3o Paulo<\/a>, Marynna recebeu o diagn\u00f3stico de ependimoma de fossa posterior, um tumor maligno que afeta o <a href=\"https:\/\/m.folha.uol.com.br\/equilibrioesaude\/2009\/09\/463945-respiracao-ajuda-a-acalmar-o-sistema-nervoso-e-tranquilizar-a-mente.shtml\" rel=\"nofollow noopener\" target=\"_blank\">sistema nervoso<\/a>.<\/p>\n<p>Segundo a m\u00e3e da crian\u00e7a, a auxiliar de cozinha Mariana Vieira da Silva, 28, ela sentia <a href=\"https:\/\/www1.folha.uol.com.br\/equilibrio\/2024\/09\/entenda-as-diferencas-entre-enxaqueca-e-dor-de-cabeca.shtml\" rel=\"nofollow noopener\" target=\"_blank\">dor de cabe\u00e7a<\/a> forte e frequente havia mais de um m\u00eas, al\u00e9m de v\u00f4mitos. De UBS a hospitais, nenhum m\u00e9dico da cidade desconfiou do quadro grave.<\/p>\n<p>No total, no Graacc, foram duas cirurgias e 30 sess\u00f5es de <a href=\"https:\/\/www1.folha.uol.com.br\/equilibrioesaude\/2024\/10\/nova-tecnica-de-radioterapia-trata-cancer-com-dano-menor-a-tecidos-saudaveis.shtml\" rel=\"nofollow noopener\" target=\"_blank\">radioterapia<\/a> \u2014a \u00faltima, realizada na ter\u00e7a (25). A reportagem acompanhou o antes e o depois do procedimento.<\/p>\n<p>&#8220;N\u00f3s j\u00e1 t\u00ednhamos ouvido falar em <a href=\"https:\/\/www1.folha.uol.com.br\/folha-topicos\/cancer\/\" rel=\"nofollow noopener\" target=\"_blank\">c\u00e2ncer<\/a>, mas nunca entendemos at\u00e9 acontecer com a gente. Costumo dizer que no Graacc o c\u00e9u se abriu e foi tudo r\u00e1pido. Quando chegamos, em quest\u00e3o de horas ela fez a <a href=\"https:\/\/www1.folha.uol.com.br\/equilibrioesaude\/2024\/09\/metade-das-maquinas-de-ressonancia-no-brasil-esta-na-rede-privada-mas-so-25-dos-brasileiros-tem-acesso.shtml\" rel=\"nofollow noopener\" target=\"_blank\">resson\u00e2ncia<\/a> e a drenagem. Era o l\u00edquido que causava compress\u00e3o e as <a href=\"https:\/\/www1.folha.uol.com.br\/equilibrioesaude\/2025\/12\/por-que-temos-tantas-dores-de-cabeca-durante-o-verao.shtml\" rel=\"nofollow noopener\" target=\"_blank\">dores de cabe\u00e7a<\/a>. Minha filha acordou da cirurgia sem os sintomas&#8221;, conta Mariana.<\/p>\n<p>O encontro de Marynna com o <a href=\"https:\/\/www1.folha.uol.com.br\/ilustrada\/2026\/08\/lanterna-verde-na-hbo-vai-as-profundezas-da-america-e-reve-mitos-dos-super-herois.shtml\" rel=\"nofollow noopener\" target=\"\">super-her\u00f3i<\/a>, na sala pr\u00e9 e p\u00f3s-anest\u00e9sica, foi envolto em alegria. Na maca, ela escolheu descer a rampa que vai at\u00e9 o local da sess\u00e3o conduzida pelo personagem, como se estivesse numa <a href=\"https:\/\/www1.folha.uol.com.br\/turismo\/2026\/05\/guinness-declara-montanha-russa-aquatica-brasileira-como-a-mais-alta-do-mundo.shtml\" rel=\"nofollow noopener\" target=\"\">montanha-russa<\/a>.<\/p>\n<p>A sala de radioterapia \u00e9 decorada de acordo com o gosto do paciente. A de Marynna tinha bonecas, pel\u00facias, m\u00fasica e um &#8220;c\u00e9u estrelado&#8221;. O procedimento foi feito com seda\u00e7\u00e3o para garantir a imobilidade e a precis\u00e3o da <a href=\"https:\/\/www1.folha.uol.com.br\/equilibrioesaude\/2025\/12\/radiacao-focada-na-medula-traz-menos-riscos-e-maior-sobrevida-para-idosos-que-precisam-fazer-transplante.shtml\" rel=\"nofollow noopener\" target=\"\">radia\u00e7\u00e3o<\/a>. A t\u00e9cnica \u00e9 indicada a crian\u00e7as que n\u00e3o conseguem ficar sozinhas e est\u00e1ticas. Antes de adormecer, Marynna segurou o Algod\u00e3o Doce (um bichinho de pel\u00facia) nos bra\u00e7os e &#8220;o sedou&#8221;.<\/p>\n<p>A din\u00e2mica faz parte de um conjunto de a\u00e7\u00f5es de humaniza\u00e7\u00e3o que o Graacc promove para tornar o ambiente acolhedor e agregar leveza ao <a href=\"https:\/\/www1.folha.uol.com.br\/equilibrioesaude\/2026\/06\/discriminacao-afeta-tratamento-de-cancer-em-pessoas-lgbtqiapn.shtml\" rel=\"nofollow noopener\" target=\"_blank\">tratamento do c\u00e2ncer<\/a>.<\/p>\n<p>No Graacc, o homem-aranha \u00e9 o t\u00e9cnico de enfermagem Fernando Rodrigues Lacerda, 46.<\/p>\n<p>&#8220;\u00c9 muito gratificante [participar da a\u00e7\u00e3o] n\u00e3o s\u00f3 por prestar o trabalho para a <a href=\"https:\/\/f5.folha.uol.com.br\/celebridades\/2026\/03\/simony-anuncia-cura-de-cancer-de-intestino-apos-tratamento-com-imunoterapia.shtml\" rel=\"nofollow noopener\" target=\"\">cura do c\u00e2ncer<\/a>, mas tamb\u00e9m por saber que as crian\u00e7as v\u00e3o sair daqui curadas, com alegria e o sorriso de orelha a orelha. Quando voltam para os exames peri\u00f3dicos, elas sempre nos procuram e \u00e9 muito bom ver o quanto est\u00e3o bem&#8221;, afirma.<\/p>\n<p>Ana Paula Passarelli, 41, enfermeira l\u00edder do Centro de Diagn\u00f3stico por Imagem e de Radioterapia da entidade, auxilia na &#8220;realiza\u00e7\u00e3o dos sonhos&#8221; das crian\u00e7as. Para a funcion\u00e1ria, trabalhar com <a href=\"https:\/\/www1.folha.uol.com.br\/equilibrioesaude\/2026\/08\/sociedade-de-pediatria-pede-cautela-a-medicos-ao-indicar-canetas-emagrecedoras-para-criancas-e-adolescentes.shtml\" rel=\"nofollow noopener\" target=\"\">pediatria<\/a> vai al\u00e9m da pr\u00e1tica. \u00c9 preciso se conectar com a crian\u00e7a, conhecer a sua hist\u00f3ria, descobrir de onde ela vem e do que gosta.<\/p>\n<p>&#8220;Se voc\u00ea consegue conquistar a crian\u00e7a e a fam\u00edlia, 90% do seu trabalho est\u00e1 feito. E para isso precisa entrar no mundo dela. Ent\u00e3o, quando d\u00e1 para fazer bagun\u00e7a, a gente faz. Chamamos o<a href=\"https:\/\/www1.folha.uol.com.br\/ilustrada\/2026\/07\/homem-aranha-um-novo-dia-acerta-com-roteiro-simples-e-esperto.shtml\" rel=\"nofollow noopener\" target=\"\"> homem-aranha<\/a>, colocamos m\u00fasica, compramos espuma&#8221;, diz Ana Paula.<\/p>\n<p>Para a enfermeira, o<a href=\"https:\/\/www1.folha.uol.com.br\/equilibrioesaude\/2026\/07\/as-mentiras-que-alimentam-ataques-contra-profissionais-de-saude-que-combatem-o-ebola-disseram-que-nao-era-real.shtml\" rel=\"nofollow noopener\" target=\"\"> profissional de sa\u00fade<\/a> n\u00e3o deve esquecer que aquele \u00e9 o um momento dif\u00edcil da vida do paciente. Portanto, sua fun\u00e7\u00e3o tamb\u00e9m \u00e9 levar um pouco de alegria no meio de tanta dor.<\/p>\n<p>O uso de brinquedos ajuda a crian\u00e7a a externalizar seus medos e a compreender o procedimento. A proje\u00e7\u00e3o psicol\u00f3gica diminui o impacto da interven\u00e7\u00e3o ao substituir o medo do desconhecido pela familiaridade e pelo l\u00fadico.<\/p>\n<p>&#8220;O bem mais precioso do mundo \u00e9 o tempo que as crian\u00e7as t\u00eam com a fam\u00edlia, e o tempo que podemos fazer com que seja diferente para elas. Sa\u00fade n\u00e3o tem nada que pague. N\u00e3o existe melhor recompensa do que dizer aos pais que o filho est\u00e1 curado, que n\u00e3o precisa mais de <a href=\"https:\/\/www1.folha.uol.com.br\/equilibrio\/2023\/03\/pacientes-com-cancer-fazem-buzinaco-para-comemorar-fim-da-quimioterapia.shtml\" rel=\"nofollow noopener\" target=\"\">quimioterapia<\/a>, <a href=\"https:\/\/www1.folha.uol.com.br\/poder\/2026\/05\/saiba-por-que-lula-precisa-de-radioterapia-apos-cirurgia-de-cancer-de-pele.shtml\" rel=\"nofollow noopener\" target=\"\">radioterapia <\/a>ou cirurgia&#8221;, diz Ana Paula.<\/p>\n<p>Davi Meireles Barcia, 10, gosta de escrever cartas e desenhar para os profissionais que auxiliam nas sess\u00f5es de radioterapia. S\u00e3o formas de homenagem que deixar\u00e1 de recorda\u00e7\u00e3o quando estiver curado.<\/p>\n<p>&#8220;Todos aqui me d\u00e3o muito amor e fazem tudo para o meu bem.&#8221; O menino tem sarcoma sinovial (tipo raro e maligno de c\u00e2ncer que se desenvolve nos tecidos moles) <a href=\"https:\/\/www1.folha.uol.com.br\/equilibrioesaude\/2025\/01\/estudo-mostra-por-que-metastase-de-cancer-ocorre-com-frequencia-no-pulmao.shtml\" rel=\"nofollow noopener\" target=\"\">no pulm\u00e3o com met\u00e1stase<\/a> no mediastino. \u00c9 acompanhado no Hospital Estadual Infantil Darcy Vargas e realiza quimio e <a href=\"https:\/\/f5.folha.uol.com.br\/celebridades\/2026\/04\/val-marchiori-inicia-novas-sessoes-de-radioterapia-fala-sobre-medo-coracao-apertado.shtml\" rel=\"nofollow noopener\" target=\"\">radioterapia<\/a> no Graacc.<\/p>\n<p>Davi tamb\u00e9m n\u00e3o dispensa a m\u00fasica no procedimento. Segundo a cabeleireira Rosana de Sales Meirelles, 50, m\u00e3e do menino, dos sete ciclos com tr\u00eas sess\u00f5es de quimioterapia cada, ele j\u00e1 cumpriu tr\u00eas. Da <a href=\"https:\/\/www1.folha.uol.com.br\/equilibrioesaude\/2025\/01\/estudo-mostra-por-que-metastase-de-cancer-ocorre-com-frequencia-no-pulmao.shtml\" rel=\"nofollow noopener\" target=\"\">radioterapia<\/a>, est\u00e1 na d\u00e9cima sess\u00e3o e ter\u00e1 que cumprir pelo menos mais 15.<\/p>\n<p>&#8220;\u00c9 um momento dif\u00edcil para eles e os pais, n\u00e9? E o acolhimento dos profissionais nos deixa mais leves e tranquilos. E estamos bem alegres porque a m\u00e9dica nos disse que [o tratamento] est\u00e1 dando um bom resultado&#8221;, comemora Rosana.<\/p>\n<p>Benef\u00edcios das a\u00e7\u00f5es de humaniza\u00e7\u00e3o<\/p>\n<p>Carlota Vitoria Blassioli, oncologista pedi\u00e1trica e respons\u00e1vel pela equipe de <a href=\"https:\/\/www1.folha.uol.com.br\/equilibrioesaude\/2022\/12\/entenda-o-que-sao-cuidados-paliativos.shtml\" rel=\"nofollow noopener\" target=\"\">cuidados paliativos <\/a>e dor do Graacc, argumenta que a humaniza\u00e7\u00e3o diminui o impacto<a href=\"https:\/\/www1.folha.uol.com.br\/equilibrioesaude\/2026\/06\/brasileiro-ainda-ve-cancer-como-destino-e-nao-como-doenca-evitavel-mostra-pesquisa.shtml\" rel=\"nofollow noopener\" target=\"\"> do c\u00e2ncer<\/a> na vida dos jovens e da fam\u00edlia, e melhora a ades\u00e3o ao tratamento.<\/p>\n<p>&#8220;A distra\u00e7\u00e3o \u00e9 aliviadora. Estudos mostram que, por exemplo, quando vamos fazer uma pun\u00e7\u00e3o por agulha, coletar <a href=\"https:\/\/www1.folha.uol.com.br\/equilibrioesaude\/2025\/12\/interior-de-sp-intensifica-campanhas-de-doacao-de-sangue-para-o-fim-de-ano.shtml\" rel=\"nofollow noopener\" target=\"\">o sangue<\/a>, se distrairmos a crian\u00e7a e brincarmos com ela, a dor diminui. A presen\u00e7a dos super-her\u00f3is, a m\u00fasica, o brincar, os palha\u00e7os que \u00e0s vezes v\u00eam ao hospital, tudo isso distrai.&#8221;<\/p>\n<p>&#8220;E a\u00ed o que que vem? Melhora a ades\u00e3o ao tratamento, faz com que as crian\u00e7as se movimentem, brinquem. Tem um impacto importante no humor. Elas ficam mais seguras e felizes. Tudo isso faz com que essa trajet\u00f3ria seja bem mais suave e tranquila&#8221;, explica.<\/p>\n<p>Segundo a oncologista, pesquisas comprovam que o <a href=\"https:\/\/www1.folha.uol.com.br\/equilibrio\/2026\/05\/a-era-da-obsessao-pelo-bem-estar.shtml\" rel=\"nofollow noopener\" target=\"\">bem-estar<\/a> e a <a href=\"https:\/\/www1.folha.uol.com.br\/colunas\/jorge-abrahao\/2026\/08\/qual-o-nivel-de-qualidade-de-vida-da-sua-cidade.shtml\" rel=\"nofollow noopener\" target=\"\">qualidade de vida<\/a> de crian\u00e7as e adolescentes durante o tratamento oncol\u00f3gico impactam os \u00edndices de cura. O organismo atua de forma integrada: o equil\u00edbrio emocional e o bom humor estimulam o <a href=\"https:\/\/www1.folha.uol.com.br\/ciencia\/2025\/10\/entenda-como-nosso-sistema-imunologico-evita-atacar-o-proprio-organismo.shtml\" rel=\"nofollow noopener\" target=\"\">sistema imunol\u00f3gico<\/a> e fortalecem as defesas naturais do corpo.<\/p>\n<p>O Graacc recebe, em m\u00e9dia, 400 novos pacientes por ano. O acesso se d\u00e1 via sistema Cross (Central de Regula\u00e7\u00e3o de Ofertas de Servi\u00e7os de Sa\u00fade) do <a href=\"https:\/\/www1.folha.uol.com.br\/poder\/2026\/08\/quaest-tarcisio-tem-40-no-1o-turno-para-governo-de-sao-paulo-contra-27-de-haddad.shtml\" rel=\"nofollow noopener\" target=\"\">governo de S\u00e3o Paulo<\/a>, do Siga Sa\u00fade (Sistema Integrado de Gest\u00e3o de Assist\u00eancia \u00e0 Sa\u00fade), da Prefeitura de S\u00e3o Paulo, e pelo TFD (Tratamento Fora de Domic\u00edlio) \u2014 benef\u00edcio do <a href=\"https:\/\/www1.folha.uol.com.br\/folha-topicos\/sus\/\" rel=\"nofollow noopener\" target=\"\">SUS<\/a> (Sistema \u00danico de Sa\u00fade). Esse \u00faltimo garante assist\u00eancia financeira e log\u00edstica a quem precisa de atendimento em outro munic\u00edpio ou estado.<\/p>\n<p>As a\u00e7\u00f5es de humaniza\u00e7\u00e3o do Graacc envolvem todo o hospital. Um dos destaques \u00e9 o projeto Comfort Promise, iniciativa nascida na <a href=\"https:\/\/www1.folha.uol.com.br\/ilustrada\/2026\/08\/rod-stewart-cancela-shows-na-america-do-norte-por-cirurgia-cardiaca.shtml\" rel=\"nofollow noopener\" target=\"\">Am\u00e9rica do Norte<\/a> e <a href=\"https:\/\/www1.folha.uol.com.br\/folha-topicos\/europa\/\" rel=\"nofollow noopener\" target=\"\">Europa<\/a> que visa mitigar a dor em procedimentos com agulhas.<\/p>\n<p>    Cuide-se<\/p>\n<p class=\"c-newsletter__subtitle\">Ci\u00eancia, h\u00e1bitos e preven\u00e7\u00e3o numa newsletter para a sua sa\u00fade e bem-estar<\/p>\n<p>Em qualquer setor da institui\u00e7\u00e3o a equipe de sa\u00fade segue um protocolo de cinco passos.<\/p>\n<p>Esse cuidado compreende em manter a crian\u00e7a confortavelmente no colo dos pais, aplicar anest\u00e9sico pr\u00e9vio, utilizar t\u00e9cnicas de distra\u00e7\u00e3o com m\u00fasicas e brincadeiras, e oferecer uma recompensa ao final, independentemente do comportamento no processo.<\/p>\n<p>Al\u00e9m desse protocolo, h\u00e1 outras frentes, como as visitas terap\u00eauticas <a href=\"https:\/\/www1.folha.uol.com.br\/equilibrio\/2024\/09\/caes-terapeutas-podem-ajudar-no-tratamento-de-transtorno-de-ansiedade.shtml\" rel=\"nofollow noopener\" target=\"\">de c\u00e3es<\/a> e as interven\u00e7\u00f5es l\u00fadicas de palha\u00e7os.<\/p>\n","protected":false},"excerpt":{"rendered":"Para Marynna Vieira Batista, 3, a ida ao Graacc (Grupo de Apoio ao Adolescente e \u00e0 Crian\u00e7a com&hellip;\n","protected":false},"author":2,"featured_media":505290,"comment_status":"","ping_status":"","sticky":false,"template":"","format":"standard","meta":{"footnotes":"","_share_on_mastodon":"0"},"categories":[86],"tags":[4840,1031,1776,57305,950,1029,12285,236,80986,116,1208,32,33,2197,2198,117,1030,600],"class_list":["post-505289","post","type-post","status-publish","format-standard","has-post-thumbnail","category-saude","tag-adolescente","tag-autocuidado","tag-cancer","tag-cancer-infantil","tag-crianca","tag-cuide-se","tag-dias-melhores","tag-folha","tag-graacc","tag-health","tag-medicina","tag-portugal","tag-pt","tag-quimioterapia","tag-radioterapia","tag-saude","tag-saude-mental","tag-veja-video"],"share_on_mastodon":{"url":"https:\/\/pubeurope.com\/@pt\/117183637272628070","error":""},"_links":{"self":[{"href":"https:\/\/www.europesays.com\/pt\/wp-json\/wp\/v2\/posts\/505289","targetHints":{"allow":["GET"]}}],"collection":[{"href":"https:\/\/www.europesays.com\/pt\/wp-json\/wp\/v2\/posts"}],"about":[{"href":"https:\/\/www.europesays.com\/pt\/wp-json\/wp\/v2\/types\/post"}],"author":[{"embeddable":true,"href":"https:\/\/www.europesays.com\/pt\/wp-json\/wp\/v2\/users\/2"}],"replies":[{"embeddable":true,"href":"https:\/\/www.europesays.com\/pt\/wp-json\/wp\/v2\/comments?post=505289"}],"version-history":[{"count":0,"href":"https:\/\/www.europesays.com\/pt\/wp-json\/wp\/v2\/posts\/505289\/revisions"}],"wp:featuredmedia":[{"embeddable":true,"href":"https:\/\/www.europesays.com\/pt\/wp-json\/wp\/v2\/media\/505290"}],"wp:attachment":[{"href":"https:\/\/www.europesays.com\/pt\/wp-json\/wp\/v2\/media?parent=505289"}],"wp:term":[{"taxonomy":"category","embeddable":true,"href":"https:\/\/www.europesays.com\/pt\/wp-json\/wp\/v2\/categories?post=505289"},{"taxonomy":"post_tag","embeddable":true,"href":"https:\/\/www.europesays.com\/pt\/wp-json\/wp\/v2\/tags?post=505289"}],"curies":[{"name":"wp","href":"https:\/\/api.w.org\/{rel}","templated":true}]}}