{"id":505311,"date":"2026-08-30T09:25:14","date_gmt":"2026-08-30T09:25:14","guid":{"rendered":"https:\/\/www.europesays.com\/pt\/505311\/"},"modified":"2026-08-30T09:25:14","modified_gmt":"2026-08-30T09:25:14","slug":"italia-conceicao-no-triunfo-da-juventus-e-varela-volta-a-marcar-no-monza","status":"publish","type":"post","link":"https:\/\/www.europesays.com\/pt\/505311\/","title":{"rendered":"It\u00e1lia: Concei\u00e7\u00e3o no triunfo da Juventus e Varela volta a marcar no Monza"},"content":{"rendered":"<p style=\"margin-bottom:11px\">A Juventus somou, este s\u00e1bado, a segunda vit\u00f3ria consecutiva na Liga italiana, a qual lidera a par do Milan de Ruben Amorim, <a href=\"https:\/\/maisfutebol.iol.pt\/internacional\/milan\/video-goncalo-ramos-abre-vitoria-do-milan-de-amorim-em-noite-de-tributo-a-baresi\" target=\"_blank\" rel=\"nofollow noopener\">que na v\u00e9spera tinha derrotado o Veneza no San Siro por 2-0<\/a>.<\/p>\n<p style=\"margin-bottom:11px\">Com Francisco Concei\u00e7\u00e3o em campo at\u00e9 ao minuto 76, <a href=\"https:\/\/maisfutebol.iol.pt\/jogo\/juventus\/parma\/13835035?_gl=1*kwnhew*_up*MQ..*_ga*MjAwODQ0MDIwMi4xNzg4MDM3MTQ1*_ga_VF4Y7XGSMV*czE3ODgwMzk0NTIkbzIkZzEkdDE3ODgwMzk1MjMkajYwJGwwJGgyMDI2MzYxNzc0*_ga_F2JC3V5NZ2*czE3ODgwMzk0NTIkbzIkZzEkdDE3ODgwMzk1MjMkajYwJGwwJGgxNTU0NDY3MDE3\" target=\"_blank\" rel=\"nofollow noopener\">a equipa de Turim derrotou o Parma pelos mesmos n\u00fameros<\/a>, marcaram Nico Gonz\u00e1lez, na recarga a uma bola devolvida pelo poste (62m), e Teun Koopmeiners (88m), apenas dois minutos ap\u00f3s ter sido lan\u00e7ado no jogo por Luciano Spalletti.<\/p>\n<blockquote class=\"twitter-tweet\" data-media-max-width=\"560\">\n<p lang=\"pt\">N\u00e3o foi \u00e0 primeira, foi \u00e0 segunda \ud83e\udd23<br \/>\u00a0<\/p>\n<p>Nico Gonz\u00e1lez do meio da rua \ud83d\udca3<a href=\"https:\/\/x.com\/hashtag\/sporttvportugal?src=hash&amp;ref_src=twsrc%5Etfw\" rel=\"nofollow\">#sporttvportugal<\/a> <a href=\"https:\/\/x.com\/hashtag\/SERIEAnaSPORTTV?src=hash&amp;ref_src=twsrc%5Etfw\" rel=\"nofollow\">#SERIEAnaSPORTTV<\/a> <a href=\"https:\/\/x.com\/hashtag\/SerieA?src=hash&amp;ref_src=twsrc%5Etfw\" rel=\"nofollow\">#SerieA<\/a> <a href=\"https:\/\/x.com\/hashtag\/Juventus?src=hash&amp;ref_src=twsrc%5Etfw\" rel=\"nofollow\">#Juventus<\/a> <a href=\"https:\/\/x.com\/hashtag\/bacanaplay?src=hash&amp;ref_src=twsrc%5Etfw\" rel=\"nofollow\">#bacanaplay<\/a> <a href=\"https:\/\/t.co\/0vV0ZZrc32\" rel=\"nofollow\">pic.twitter.com\/0vV0ZZrc32<\/a><\/p>\n<blockquote class=\"twitter-tweet\" data-media-max-width=\"560\">\n<p lang=\"pt\">Que maldade de Francisco Concei\u00e7\u00e3o \ud83d\ude2e\u200d\ud83d\udca8<a href=\"https:\/\/x.com\/hashtag\/sporttvportugal?src=hash&amp;ref_src=twsrc%5Etfw\" rel=\"nofollow\">#sporttvportugal<\/a> <a href=\"https:\/\/x.com\/hashtag\/SERIEAnaSPORTTV?src=hash&amp;ref_src=twsrc%5Etfw\" rel=\"nofollow\">#SERIEAnaSPORTTV<\/a> <a href=\"https:\/\/x.com\/hashtag\/SerieA?src=hash&amp;ref_src=twsrc%5Etfw\" rel=\"nofollow\">#SerieA<\/a> <a href=\"https:\/\/x.com\/hashtag\/Juventus?src=hash&amp;ref_src=twsrc%5Etfw\" rel=\"nofollow\">#Juventus<\/a> <a href=\"https:\/\/t.co\/jv9bYZnwl1\" rel=\"nofollow\">pic.twitter.com\/jv9bYZnwl1<\/a><\/p>\n<p> \u2014 sport tv (@sporttvportugal)<br \/>\n   <a href=\"https:\/\/x.com\/sporttvportugal\/status\/2093793360813134141?ref_src=twsrc%5Etfw\" rel=\"nofollow\">August 29, 2026<\/a>\n  <\/p><\/blockquote>\n<p>\u00a0<\/p>\n<p> \u2014 sport tv (@sporttvportugal)<br \/>\n  <a href=\"https:\/\/x.com\/sporttvportugal\/status\/2093796177212780843?ref_src=twsrc%5Etfw\" rel=\"nofollow\">August 29, 2026<\/a>\n <\/p><\/blockquote>\n<p>A dois pontos da dupla de l\u00edderes, com quatro somados, segue a Udinese, que se estreou a vencer na atual edi\u00e7\u00e3o da Serie A <a href=\"https:\/\/maisfutebol.iol.pt\/jogo\/monza\/udinese\/13835031?_gl=1*1roqmtg*_up*MQ..*_ga*MjAwODQ0MDIwMi4xNzg4MDM3MTQ1*_ga_VF4Y7XGSMV*czE3ODgwMzk0NTIkbzIkZzEkdDE3ODgwMzk0OTgkajE0JGwwJGgyMDI2MzYxNzc0\" target=\"_blank\" rel=\"nofollow noopener\">na visita ao est\u00e1dio do Monza (3-2)<\/a>, que contou com os portugueses Ricardo Mangas e Gustavo Varela no onze inicial e Dany Mota nos \u00faltimos minutos.<\/p>\n<p>Ao intervalo, os de Udine j\u00e1 ganhavam por 3-1, tendo o golo do Monza sido marcado por Colpani, assistido por Mangas (37m). Na segunda parte, Varela ainda reduziu para 3-2, de cabe\u00e7a, aos 63 minutos, <a href=\"https:\/\/maisfutebol.iol.pt\/italia\/internacional\/italia-gustavo-varela-marca-na-derrota-do-monza-como-e-udinese-empatam\" target=\"_blank\" rel=\"nofollow noopener\">marcando pela segunda jornada seguida na Liga<\/a>, mas o triunfo j\u00e1 n\u00e3o fugiu \u00e0 Udinese.<\/p>\n<p>Quanto \u00e0 Fiorentina, <a href=\"https:\/\/maisfutebol.iol.pt\/italia\/internacional\/video-rodrigo-mora-estreia-se-a-titular-na-goleada-da-roma\" target=\"_blank\" rel=\"nofollow noopener\">goleada na primeira jornada pela Roma<\/a>, voltou a sofrer uma derrota pesada, <a href=\"https:\/\/maisfutebol.iol.pt\/jogo\/fiorentina\/frosinone\/13835036?_gl=1*1mwv6a6*_up*MQ..*_ga*MjAwODQ0MDIwMi4xNzg4MDM3MTQ1*_ga_VF4Y7XGSMV*czE3ODgwMzcxNDQkbzEkZzAkdDE3ODgwMzcxNDQkajYwJGwwJGgxODM0NTcwMzY5*_ga_F2JC3V5NZ2*czE3ODgwMzcxNDQkbzEkZzAkdDE3ODgwMzcxNDQkajYwJGwwJGgyNDg1MTcwMjc.\" target=\"_blank\" rel=\"nofollow noopener\">desta feita na rece\u00e7\u00e3o ao Frosinone, por 3-0<\/a>. Antonio Raimondo bisou (26 e 68m) e Gabriele Bracaglia marcou (38m) e assistiu para o terceiro golo forasteiro. Jo\u00e3o M\u00e1rio entrou aos 84 minutos na equipa de Floren\u00e7a.<\/p>\n<p>Finalmente, <a href=\"https:\/\/maisfutebol.iol.pt\/jogo\/sassuolo\/torino\/13835029?_gl=1*1als9gj*_up*MQ..*_ga*MjAwODQ0MDIwMi4xNzg4MDM3MTQ1*_ga_VF4Y7XGSMV*czE3ODgwMzk0NTIkbzIkZzEkdDE3ODgwMzk0NzIkajQwJGwwJGgyMDI2MzYxNzc0*_ga_F2JC3V5NZ2*czE3ODgwMzk0NTIkbzIkZzEkdDE3ODgwMzk0NzIkajQwJGwwJGgxNTU0NDY3MDE3\" target=\"_blank\" rel=\"nofollow noopener\">o Torino perdeu no est\u00e1dio do Sassuolo por 2-1<\/a>. A partida arrancou com uma \u2018bomba\u2019 de Simone Cinquegrano \u00e0 barra, antes de Cristian Volpato ter adiantado os locais no marcador com um remate forte e colocado, aos 32 minutos.<\/p>\n<p>Ainda antes do intervalo, Pietro Comuzzo rep\u00f4s a igualdade (45+2m), mas o capit\u00e3o Domenico Berardi acabaria por carimbar o primeiro triunfo do Sassuolo no campeonato aos 78 minutos, em mais um bom golo dos Neroverdi.<\/p>\n<p>No domingo prossegue <a href=\"https:\/\/maisfutebol.iol.pt\/resultadoseclassificacoes\/143\/italia\/serie-a?_gl=1*1effqqz*_up*MQ..*_ga*MjAwODQ0MDIwMi4xNzg4MDM3MTQ1*_ga_VF4Y7XGSMV*czE3ODgwMzk0NTIkbzIkZzAkdDE3ODgwMzk0NTIkajYwJGwwJGgyMDI2MzYxNzc0*_ga_F2JC3V5NZ2*czE3ODgwMzk0NTIkbzIkZzAkdDE3ODgwMzk0NTIkajYwJGwwJGgxNTU0NDY3MDE3\" target=\"_blank\" rel=\"nofollow noopener\">a segunda jornada da Serie A<\/a> com os jogos N\u00e1poles-Como (17h30), Cagliari-Inter Mil\u00e3o (19h45) e Lazio-G\u00e9nova (19h45).<\/p>\n<p>                                <script async src=\"https:\/\/platform.twitter.com\/widgets.js\" charset=\"utf-8\"><\/script><\/p>\n","protected":false},"excerpt":{"rendered":"A Juventus somou, este s\u00e1bado, a segunda vit\u00f3ria consecutiva na Liga italiana, a qual lidera a par do&hellip;\n","protected":false},"author":2,"featured_media":505312,"comment_status":"","ping_status":"","sticky":false,"template":"","format":"standard","meta":{"footnotes":"","_share_on_mastodon":"0"},"categories":[87],"tags":[80987,135,26787,23617,77573,38318,82,233,438,5433,690,18854,436,1356,46,3014,18855,32,33,47,6081,4219,5434,5920,2024,13055,2101,134,2102,58631,578],"class_list":["post-505311","post","type-post","status-publish","format-standard","has-post-thumbnail","category-desporto","tag-dany-mota","tag-desporto","tag-fiorentina","tag-francisco-conceicao","tag-frosinone","tag-gustavo-varela","tag-internacional","tag-italia","tag-joao-mario","tag-jogos-hoje","tag-juventus","tag-liga-italiana","tag-made-in","tag-mais-futebol","tag-maisfutebol","tag-monza","tag-parma","tag-portugal","tag-pt","tag-pura-paixao","tag-resultado","tag-resultado-final","tag-resultados-hoje","tag-resultados-maisfutebol","tag-ricardo-mangas","tag-sassuolo","tag-serie-a","tag-sports","tag-torino","tag-udinese","tag-video"],"share_on_mastodon":{"url":"https:\/\/pubeurope.com\/@pt\/117183743421097119","error":""},"_links":{"self":[{"href":"https:\/\/www.europesays.com\/pt\/wp-json\/wp\/v2\/posts\/505311","targetHints":{"allow":["GET"]}}],"collection":[{"href":"https:\/\/www.europesays.com\/pt\/wp-json\/wp\/v2\/posts"}],"about":[{"href":"https:\/\/www.europesays.com\/pt\/wp-json\/wp\/v2\/types\/post"}],"author":[{"embeddable":true,"href":"https:\/\/www.europesays.com\/pt\/wp-json\/wp\/v2\/users\/2"}],"replies":[{"embeddable":true,"href":"https:\/\/www.europesays.com\/pt\/wp-json\/wp\/v2\/comments?post=505311"}],"version-history":[{"count":0,"href":"https:\/\/www.europesays.com\/pt\/wp-json\/wp\/v2\/posts\/505311\/revisions"}],"wp:featuredmedia":[{"embeddable":true,"href":"https:\/\/www.europesays.com\/pt\/wp-json\/wp\/v2\/media\/505312"}],"wp:attachment":[{"href":"https:\/\/www.europesays.com\/pt\/wp-json\/wp\/v2\/media?parent=505311"}],"wp:term":[{"taxonomy":"category","embeddable":true,"href":"https:\/\/www.europesays.com\/pt\/wp-json\/wp\/v2\/categories?post=505311"},{"taxonomy":"post_tag","embeddable":true,"href":"https:\/\/www.europesays.com\/pt\/wp-json\/wp\/v2\/tags?post=505311"}],"curies":[{"name":"wp","href":"https:\/\/api.w.org\/{rel}","templated":true}]}}