{"id":505331,"date":"2026-08-30T09:52:22","date_gmt":"2026-08-30T09:52:22","guid":{"rendered":"https:\/\/www.europesays.com\/pt\/505331\/"},"modified":"2026-08-30T09:52:22","modified_gmt":"2026-08-30T09:52:22","slug":"quem-e-luana-lara-mineira-eleita-bilionaria-self-made-mais-jovem-do-pais-2","status":"publish","type":"post","link":"https:\/\/www.europesays.com\/pt\/505331\/","title":{"rendered":"Quem \u00e9 Luana Lara, mineira eleita bilion\u00e1ria &#8220;self-made&#8221; mais jovem do pa\u00eds"},"content":{"rendered":"<p>Aos 30 anos, a mineira Luana Lopes Lara se tornou a bilion\u00e1ria self-made mais jovem do Brasil. Cofundadora da Kalshi, ela aparece na lista Forbes Bilion\u00e1rios Brasileiros 2026 com uma fortuna estimada em R$ 13,4 bilh\u00f5es.<\/p>\n<p>A not\u00edcia \u00e9 do Metr\u00f3poles. Nas redes sociais, onde acumula mais de 100 mil seguidores, compartilha detalhes do processo, mas mant\u00e9m a vida pessoal mais reservada.<\/p>\n<p>Um perfil publicado nesta sexta-feira (28\/8), pela Forbes, conta que Luana nasceu em Belo Horizonte, em 1996, e \u00e9 filha de uma professora de matem\u00e1tica e de um engenheiro e cresceu entre Minas Gerais, Rio de Janeiro e Santa Catarina.<\/p>\n<p>Antes de chegar ao mercado financeiro, ela era bailarina. Em Joinville (SC), concluiu o ensino m\u00e9dio enquanto estudava na Escola do Teatro Bolshoi, \u00fanica unidade da institui\u00e7\u00e3o fora da R\u00fassia. A rotina de bailarina cl\u00e1ssica ocupava praticamente o dia inteiro. Mais tarde, chegou a atuar profissionalmente no Teatro Estatal de Salzburgo, na \u00c1ustria.<\/p>\n<p>Mas Luana tamb\u00e9m era boa em exatas. Ainda na escola, Luana conquistou medalhas em olimp\u00edadas de matem\u00e1tica e astronomia. Depois, formou-se em engenharia pelo Instituto de Tecnologia de Massachusetts (MIT), nos Estados Unidos.<\/p>\n","protected":false},"excerpt":{"rendered":"Aos 30 anos, a mineira Luana Lopes Lara se tornou a bilion\u00e1ria self-made mais jovem do Brasil. Cofundadora&hellip;\n","protected":false},"author":2,"featured_media":505332,"comment_status":"","ping_status":"","sticky":false,"template":"","format":"standard","meta":{"footnotes":"","_share_on_mastodon":"0"},"categories":[145],"tags":[80989,36648,5628,211,210,26598,1463,6598,114,115,3934,78660,78661,19058,1140,25914,4299,80988,7561,39468,78662,12,1133,13,602,32,33,30742,10563],"class_list":["post-505331","post","type-post","status-publish","format-standard","has-post-thumbnail","category-celebridades","tag-self-made","tag-bilionaria","tag-blog","tag-celebridades","tag-celebrities","tag-do","tag-e","tag-eleita","tag-entertainment","tag-entretenimento","tag-gustavo","tag-gustavo-negreiros","tag-gutavo","tag-jovem","tag-lara","tag-luana","tag-mais","tag-mineira","tag-natal","tag-natal-rn","tag-negreiros","tag-news","tag-noticia","tag-noticias","tag-pais","tag-portugal","tag-pt","tag-quem","tag-rn"],"share_on_mastodon":{"url":"https:\/\/pubeurope.com\/@pt\/117183849867558324","error":""},"_links":{"self":[{"href":"https:\/\/www.europesays.com\/pt\/wp-json\/wp\/v2\/posts\/505331","targetHints":{"allow":["GET"]}}],"collection":[{"href":"https:\/\/www.europesays.com\/pt\/wp-json\/wp\/v2\/posts"}],"about":[{"href":"https:\/\/www.europesays.com\/pt\/wp-json\/wp\/v2\/types\/post"}],"author":[{"embeddable":true,"href":"https:\/\/www.europesays.com\/pt\/wp-json\/wp\/v2\/users\/2"}],"replies":[{"embeddable":true,"href":"https:\/\/www.europesays.com\/pt\/wp-json\/wp\/v2\/comments?post=505331"}],"version-history":[{"count":0,"href":"https:\/\/www.europesays.com\/pt\/wp-json\/wp\/v2\/posts\/505331\/revisions"}],"wp:featuredmedia":[{"embeddable":true,"href":"https:\/\/www.europesays.com\/pt\/wp-json\/wp\/v2\/media\/505332"}],"wp:attachment":[{"href":"https:\/\/www.europesays.com\/pt\/wp-json\/wp\/v2\/media?parent=505331"}],"wp:term":[{"taxonomy":"category","embeddable":true,"href":"https:\/\/www.europesays.com\/pt\/wp-json\/wp\/v2\/categories?post=505331"},{"taxonomy":"post_tag","embeddable":true,"href":"https:\/\/www.europesays.com\/pt\/wp-json\/wp\/v2\/tags?post=505331"}],"curies":[{"name":"wp","href":"https:\/\/api.w.org\/{rel}","templated":true}]}}