{"id":505349,"date":"2026-08-30T10:15:42","date_gmt":"2026-08-30T10:15:42","guid":{"rendered":"https:\/\/www.europesays.com\/pt\/505349\/"},"modified":"2026-08-30T10:15:42","modified_gmt":"2026-08-30T10:15:42","slug":"tauromaquia-de-luto-morre-luis-campino-jovem-forcado-de-24-anos","status":"publish","type":"post","link":"https:\/\/www.europesays.com\/pt\/505349\/","title":{"rendered":"Tauromaquia de luto: morre Lu\u00eds Campino, jovem forcado de 24 anos"},"content":{"rendered":"<p>A tauromaquia portuguesa est\u00e1 de luto pela morte de Lu\u00eds Afonso Gaspar Campino, jovem forcado do Grupo de Forcados Amadores do Cartaxo, que morreu esta sexta-feira, dia 28 de agosto, aos 24 anos.<\/p>\n<p>A morte do jovem provocou consterna\u00e7\u00e3o entre familiares, amigos e v\u00e1rias figuras ligadas ao meio taurom\u00e1quico. Segundo a imprensa regional, Lu\u00eds Campino enfrentava uma <strong>doen\u00e7a oncol\u00f3gica<\/strong> que lhe tinha sido diagnosticada recentemente.<\/p>\n<p>Uma vida ligada \u00e0 tauromaquia <\/p>\n<p>Lu\u00eds Campino tinha uma forte liga\u00e7\u00e3o ao universo dos forcados. Integrava o Grupo de Forcados Amadores do Cartaxo, tendo vestido por diversas ocasi\u00f5es a jaqueta do grupo e participado na forma\u00e7\u00e3o da equipa.<\/p>\n<p>A sua liga\u00e7\u00e3o \u00e0 tauromaquia estendia-se, contudo, para l\u00e1 da arena.<\/p>\n<p>O jovem fazia parte da equipa de familiar de embola\u00e7\u00e3o, herdada do av\u00f4, acompanhando a fam\u00edlia nas v\u00e1rias pra\u00e7as de touros onde desenvolvia esta atividade.<\/p>\n<p>A tradi\u00e7\u00e3o taurom\u00e1quica fazia parte da fam\u00edlia h\u00e1 v\u00e1rias gera\u00e7\u00f5es. Lu\u00eds era filho do conhecido embolador Lu\u00eds Campino, neto de outra figura com o mesmo nome ligada \u00e0 atividade e primo de<strong> <\/strong>Bernardo Campino, atualmente cabo dos Forcados Amadores do Cartaxo.<\/p>\n<p>Morte aos 24 anos deixa meio taurom\u00e1quico de luto <\/p>\n<p>A not\u00edcia da morte de Lu\u00eds Campino gerou v\u00e1rias mensagens de pesar e homenagem nas \u00faltimas horas.<\/p>\n<p>Entidades e personalidades ligadas \u00e0 tauromaquia manifestaram publicamente a sua tristeza pela partida do jovem, destacando a sua liga\u00e7\u00e3o aos forcados, \u00e0 fam\u00edlia e \u00e0 tradi\u00e7\u00e3o taurom\u00e1quica do Cartaxo. Entre os nomes que prestaram homenagem encontra-se o cavaleiro Lu\u00eds Rouxinol, al\u00e9m de organiza\u00e7\u00f5es como a Pr\u00f3Toiro.<\/p>\n<p>A morte acontece tamb\u00e9m num <strong>momento de particular consterna\u00e7\u00e3o<\/strong> no meio taurom\u00e1quico, que perdeu no mesmo dia o<strong> antigo cavaleiro Frederico Cunha, aos 79 anos<\/strong>.<\/p>\n","protected":false},"excerpt":{"rendered":"A tauromaquia portuguesa est\u00e1 de luto pela morte de Lu\u00eds Afonso Gaspar Campino, jovem forcado do Grupo de&hellip;\n","protected":false},"author":2,"featured_media":505350,"comment_status":"","ping_status":"","sticky":false,"template":"","format":"standard","meta":{"footnotes":"","_share_on_mastodon":"0"},"categories":[85],"tags":[836,315,476,114,115,1859,80995,301,80994,82,45642,186,80993,831,3001,62,4104,13,45643,52,32,33,58,2836,12685,3192],"class_list":["post-505349","post","type-post","status-publish","format-standard","has-post-thumbnail","category-entretenimento","tag-analise","tag-cultura","tag-economia","tag-entertainment","tag-entretenimento","tag-entrevistas","tag-familiar-de-embolacao","tag-governo","tag-grupo-de-forcados-amadores-do-cartaxo","tag-internacional","tag-jornal-sol","tag-lifestyle","tag-luis-campino","tag-mais-vistas","tag-multimedia","tag-mundo","tag-nascer-do-sol","tag-noticias","tag-opiniao-ultimas","tag-politica","tag-portugal","tag-pt","tag-sociedade","tag-sol","tag-tauromaquia","tag-vida"],"share_on_mastodon":{"url":"https:\/\/pubeurope.com\/@pt\/117183940343244503","error":""},"_links":{"self":[{"href":"https:\/\/www.europesays.com\/pt\/wp-json\/wp\/v2\/posts\/505349","targetHints":{"allow":["GET"]}}],"collection":[{"href":"https:\/\/www.europesays.com\/pt\/wp-json\/wp\/v2\/posts"}],"about":[{"href":"https:\/\/www.europesays.com\/pt\/wp-json\/wp\/v2\/types\/post"}],"author":[{"embeddable":true,"href":"https:\/\/www.europesays.com\/pt\/wp-json\/wp\/v2\/users\/2"}],"replies":[{"embeddable":true,"href":"https:\/\/www.europesays.com\/pt\/wp-json\/wp\/v2\/comments?post=505349"}],"version-history":[{"count":0,"href":"https:\/\/www.europesays.com\/pt\/wp-json\/wp\/v2\/posts\/505349\/revisions"}],"wp:featuredmedia":[{"embeddable":true,"href":"https:\/\/www.europesays.com\/pt\/wp-json\/wp\/v2\/media\/505350"}],"wp:attachment":[{"href":"https:\/\/www.europesays.com\/pt\/wp-json\/wp\/v2\/media?parent=505349"}],"wp:term":[{"taxonomy":"category","embeddable":true,"href":"https:\/\/www.europesays.com\/pt\/wp-json\/wp\/v2\/categories?post=505349"},{"taxonomy":"post_tag","embeddable":true,"href":"https:\/\/www.europesays.com\/pt\/wp-json\/wp\/v2\/tags?post=505349"}],"curies":[{"name":"wp","href":"https:\/\/api.w.org\/{rel}","templated":true}]}}